{"id":5229,"date":"2022-06-29T08:10:37","date_gmt":"2022-06-29T07:10:37","guid":{"rendered":"http:\/\/www.stiftsforum.ch\/blog\/?p=5229"},"modified":"2022-06-29T08:10:40","modified_gmt":"2022-06-29T07:10:40","slug":"die-schulredaktion-wuenscht-allen-viel-erfolg-bei-den-examen-und-schoene-sommerferien","status":"publish","type":"post","link":"https:\/\/www.stiftsforum.ch\/blog\/?p=5229","title":{"rendered":"Die Schulredaktion w\u00fcnscht allen viel Erfolg bei den Examen und sch\u00f6ne Sommerferien!"},"content":{"rendered":"","protected":false},"excerpt":{"rendered":"","protected":false},"author":1,"featured_media":5237,"comment_status":"open","ping_status":"closed","sticky":false,"template":"","format":"standard","meta":{"spay_email":"","jetpack_publicize_message":"","jetpack_is_tweetstorm":false},"categories":[3,18],"tags":[],"jetpack_featured_media_url":"https:\/\/i2.wp.com\/www.stiftsforum.ch\/blog\/wp-content\/uploads\/2022\/06\/schoener-sommer.png?fit=1127%2C641&ssl=1","jetpack_publicize_connections":[],"jetpack_sharing_enabled":true,"jetpack_shortlink":"https:\/\/wp.me\/p9nzRF-1ml","jetpack_likes_enabled":true,"jetpack-related-posts":[{"id":5028,"url":"https:\/\/www.stiftsforum.ch\/blog\/?p=5028","url_meta":{"origin":5229,"position":0},"title":"Et pervenies - das erste Semester ist geschafft!","date":"Januar 25, 2022","format":false,"excerpt":"von Sophia Br\u00fcllmann, 1c Sporttag, Herbstwandertag, die Einkehrtage im Melchtal f\u00fcr die Erstkl\u00e4ssler. In diesem ersten Semester des Schuljahres 21\/22 ist echt viel gelaufen. Und auch wir, die Schulredaktion, haben fleissig Berichte \u00fcber das Leben an der Stiftsschule geschrieben, Events dokumentiert und Podcasts aufgenommen. Doch bald geht dieses Halbjahr auch\u2026","rel":"","context":"In &quot;Allgemein&quot;","img":{"alt_text":"","src":"https:\/\/i0.wp.com\/www.stiftsforum.ch\/blog\/wp-content\/uploads\/2022\/01\/Titelbild_Et-pervenies-das-erste-Semester-ist-geschafft-scaled.jpg?fit=1200%2C900&ssl=1&resize=350%2C200","width":350,"height":200},"classes":[]},{"id":6606,"url":"https:\/\/www.stiftsforum.ch\/blog\/?p=6606","url_meta":{"origin":5229,"position":1},"title":"Weihnachts-Spendenaktion an der Stiftsschule","date":"Dezember 21, 2023","format":false,"excerpt":"Durch die Idee von Jasmine Quanbrough und die gemeinsame Planung und Umsetzung mit P. Thomas von der Schulseelsorge konnten dieses Jahr 21 Weihnachtsw\u00fcnsche sozial bed\u00fcrftiger Familien erf\u00fcllt und 20 Semester-Stipendien f\u00fcr unsere Partnerschule in Namwala (Sambia) mit einem Gesamtwert von 1500 CHF vergeben werden. Frohe Weihnachten an alle Schenkenden und\u2026","rel":"","context":"In &quot;Allgemein&quot;","img":{"alt_text":"","src":"https:\/\/i0.wp.com\/www.stiftsforum.ch\/blog\/wp-content\/uploads\/2023\/12\/20231220_130919_resized-1.jpg?fit=1200%2C900&ssl=1&resize=350%2C200","width":350,"height":200},"classes":[]},{"id":5668,"url":"https:\/\/www.stiftsforum.ch\/blog\/?p=5668","url_meta":{"origin":5229,"position":2},"title":"Sch\u00fclerzeitungsmitglieder treffen waschechte Journalisten","date":"November 19, 2022","format":false,"excerpt":"Besuch beim Einsiedler Anzeiger Raya Fankhauser \/ Lilly Hetmank Vergangener Montag um 16:30 Uhr betraten die Mitglieder der Sch\u00fclerzeitung das Zuhause der Einsiedler Journalisten. Zuerst lernten wir den Chef der Redaktion kennen: Viktor K\u00e4lin. Er f\u00fchrte uns durch die Redaktion und beschrieb die t\u00e4gliche Arbeit eines Journalisten. Es war ganz\u2026","rel":"","context":"In &quot;Allgemein&quot;","img":{"alt_text":"","src":"https:\/\/i0.wp.com\/www.stiftsforum.ch\/blog\/wp-content\/uploads\/2022\/11\/MicrosoftTeams-image-1.jpg?fit=1200%2C855&ssl=1&resize=350%2C200","width":350,"height":200},"classes":[]},{"id":1766,"url":"https:\/\/www.stiftsforum.ch\/blog\/?p=1766","url_meta":{"origin":5229,"position":3},"title":"\"Es l\u00e4uft immer etwas!\"","date":"Januar 19, 2018","format":false,"excerpt":"Bernadette Boggia unterrichtet seit letztem Sommer Mathematik und Geografie an der Stiftsschule. Im Interview erz\u00e4hlt sie, warum sie an die Stiftsschule gekommen ist und was sie alles machen m\u00f6chte. Valentin M\u00fcller, 2a K\u00f6nnen Sie sich mit drei W\u00f6rtern beschreiben? (\u00dcberlegt\u2026) Offen gegen\u00fcber anderen, interessiert und organisiert. Sie gingen ja selbst\u2026","rel":"","context":"In &quot;Allgemein&quot;","img":{"alt_text":"","src":"https:\/\/i2.wp.com\/www.stiftsforum.ch\/blog\/wp-content\/uploads\/2018\/01\/IMG_9318-Kopie.jpg?fit=1200%2C800&ssl=1&resize=350%2C200","width":350,"height":200},"classes":[]},{"id":6195,"url":"https:\/\/www.stiftsforum.ch\/blog\/?p=6195","url_meta":{"origin":5229,"position":4},"title":"\u00abAuch Kleinigkeiten k\u00f6nnen den Schulalltag massiv verbessern\"","date":"April 15, 2023","format":false,"excerpt":"Text: Sophia Br\u00fcllmann Grafik: Raya Fankhauser Der Sch\u00fclerrat der Stiftsschule Einsiedeln wirkt auf uns wie ein eingespieltes Team, eine Gemeinschaft. Ihr Ziel ist es, die Interessen der Sch\u00fcler zu vertreten, und die Schule in einigen, wenn auch kleinen, Aspekten zu verbessern. Sie kennen aber auch ihre Grenzen. Mehr \u00fcber den\u2026","rel":"","context":"In &quot;Allgemein&quot;","img":{"alt_text":"","src":"https:\/\/i1.wp.com\/www.stiftsforum.ch\/blog\/wp-content\/uploads\/2023\/04\/Schuelerrat.jpg?fit=416%2C235&ssl=1&resize=350%2C200","width":350,"height":200},"classes":[]},{"id":4770,"url":"https:\/\/www.stiftsforum.ch\/blog\/?p=4770","url_meta":{"origin":5229,"position":5},"title":"7 Tage Quarant\u00e4ne - Tipps und Tricks zum \u00dcberleben","date":"November 16, 2021","format":false,"excerpt":"Von Sophia Br\u00fcllmann (1c) Eine Woche Quarant\u00e4ne. Zuerst denkt man sich, cool, l\u00e4nger Freizeit f\u00fcr gamen und Netflix, aber ich sage euch, mit der Zeit \u00e4ndert sich eure Meinung. Aber, beginnen wir ganz am Anfang. Quarant\u00e4ne-Nachteil 1: Homeschooling organisieren Zuerst musste ich das Homeschooling organisieren. Quarant\u00e4ne-Nachteil 1. Dazu schrieb ich\u2026","rel":"","context":"In &quot;Allgemein&quot;","img":{"alt_text":"","src":"https:\/\/i2.wp.com\/www.stiftsforum.ch\/blog\/wp-content\/uploads\/2021\/11\/quarantine-g313d1e3a2_1280-neu.png?fit=1200%2C676&ssl=1&resize=350%2C200","width":350,"height":200},"classes":[]}],"_links":{"self":[{"href":"https:\/\/www.stiftsforum.ch\/blog\/index.php?rest_route=\/wp\/v2\/posts\/5229"}],"collection":[{"href":"https:\/\/www.stiftsforum.ch\/blog\/index.php?rest_route=\/wp\/v2\/posts"}],"about":[{"href":"https:\/\/www.stiftsforum.ch\/blog\/index.php?rest_route=\/wp\/v2\/types\/post"}],"author":[{"embeddable":true,"href":"https:\/\/www.stiftsforum.ch\/blog\/index.php?rest_route=\/wp\/v2\/users\/1"}],"replies":[{"embeddable":true,"href":"https:\/\/www.stiftsforum.ch\/blog\/index.php?rest_route=%2Fwp%2Fv2%2Fcomments&post=5229"}],"version-history":[{"count":2,"href":"https:\/\/www.stiftsforum.ch\/blog\/index.php?rest_route=\/wp\/v2\/posts\/5229\/revisions"}],"predecessor-version":[{"id":5253,"href":"https:\/\/www.stiftsforum.ch\/blog\/index.php?rest_route=\/wp\/v2\/posts\/5229\/revisions\/5253"}],"wp:featuredmedia":[{"embeddable":true,"href":"https:\/\/www.stiftsforum.ch\/blog\/index.php?rest_route=\/wp\/v2\/media\/5237"}],"wp:attachment":[{"href":"https:\/\/www.stiftsforum.ch\/blog\/index.php?rest_route=%2Fwp%2Fv2%2Fmedia&parent=5229"}],"wp:term":[{"taxonomy":"category","embeddable":true,"href":"https:\/\/www.stiftsforum.ch\/blog\/index.php?rest_route=%2Fwp%2Fv2%2Fcategories&post=5229"},{"taxonomy":"post_tag","embeddable":true,"href":"https:\/\/www.stiftsforum.ch\/blog\/index.php?rest_route=%2Fwp%2Fv2%2Ftags&post=5229"}],"curies":[{"name":"wp","href":"https:\/\/api.w.org\/{rel}","templated":true}]}}