{"id":5263,"date":"2022-09-02T15:31:25","date_gmt":"2022-09-02T14:31:25","guid":{"rendered":"http:\/\/www.stiftsforum.ch\/blog\/?p=5263"},"modified":"2022-09-03T21:13:50","modified_gmt":"2022-09-03T20:13:50","slug":"herzlich-willkommen-die-erstklaessler-sind-gut-ins-neue-schuljahr-gestartet","status":"publish","type":"post","link":"https:\/\/www.stiftsforum.ch\/blog\/?p=5263","title":{"rendered":"Herzlich willkommen! Die Erstkl\u00e4ssler sind gut ins neue Schuljahr gestartet"},"content":{"rendered":"\n<p><strong>Die 1c im Interview<\/strong><\/p>\n\n\n\n<p><strong>Wie war Dein Start an der Schule?<\/strong><\/p>\n\n\n\n<p>\u201eIch war sehr nerv\u00f6s, ich kannte niemanden. Es war ein neuer Start, aber irgendwie freute ich mich auch.\u201c Tobias, 1c<\/p>\n\n\n\n<p>\u201eDer Start an der Schule ist mir gelungen.\u201c Johanna, 1c<\/p>\n\n\n\n<p><strong>Warum bist Du nach Einsiedeln gekommen?<\/strong><\/p>\n\n\n\n<p>\u201eIn meiner Schule war es der Traum der meisten, hier in die Schule zu gehen und ich habe schon viel Gutes davon geh\u00f6rt.\u201c Dominic, 1c<\/p>\n\n\n\n<p>\u201eIch weiss noch nicht, was ich sp\u00e4ter von Beruf machen will. Wenn man im Gymmi war, kann man aber alles machen.\u201c Johann, 1c<\/p>\n\n\n\n<p>\u201eIch bin durch meinen Bruder auf diese Schule gekommen. Weil es ihm gefallen hat, habe ich gedacht, dass es auch etwas f\u00fcr mich ist.\u201c Freya, 1c<\/p>\n\n\n\n<p><strong>Was hast Du schon vorher von der Stiftsschule geh\u00f6rt, bevor Du selber hier warst?\u201c<\/strong><\/p>\n\n\n\n<p>\u201eIch hab geh\u00f6rt, dass die Schule sehr gross und sch\u00f6n ist.\u201c Ramy, 1c<\/p>\n\n\n\n<p><strong>Hast Du schon eine grosse Ver\u00e4nderung bemerkt?<\/strong><\/p>\n\n\n\n<p>\u201eJa, man geht den ganzen Tag zur Schule.\u201c Raphael, 1c<\/p>\n\n\n\n<p><strong>Hast Du schon ein Lieblingsfach?<\/strong><\/p>\n\n\n\n<p>\u201eIch finde Geografie und Geschichte super wegen den verschiedenen Dingen, die man lernen kann. Und Mathe fand ich schon immer cool.\u201c Dominic 1c<\/p>\n\n\n\n<p><strong>War die Aufnahmepr\u00fcfung schwierig?<\/strong><\/p>\n\n\n\n<p>\u201eIch habe ganz viel f\u00fcr die Pr\u00fcfung gelernt, also war es f\u00fcr mich leicht.\u201c Aada, 1c<\/p>\n\n\n\n<p><strong>Was ist Dein pers\u00f6nliches Schulmotto?<\/strong><\/p>\n\n\n\n<p>\u201eEine tolle Zeit haben und immer Spass haben.\u201c Tim, 1c<\/p>\n\n\n\n<p>\u201eAuch wenn es mal schwierig ist, einfach dranbleiben.\u201c Arno, 1c<\/p>\n\n\n\n<p><strong>Wie war Dein erster Eindruck von dieser Schule?<\/strong><\/p>\n\n\n\n<p>\u201eIch finde es hier sehr gut, weil wir beim Mittagessen viel Zeit miteinander verbringen k\u00f6nnen.\u201c Livio, 1c<\/p>\n\n\n\n<p>\u201eMeine Klasse ist sehr lebhaft und zuvorkommend.\u201c Matteo, 1c<\/p>\n\n\n\n<p>\u201eMeine Klasse ist sympathisch und lustig\u201c Riyana, 1c<\/p>\n\n\n\n<p><strong>Hast Du vor etwas Angst?<\/strong><\/p>\n\n\n\n<p>\u201eEigentlich nicht, aber vielleicht verlaufe ich mich mal, aber dann kann ich ja jemanden um Hilfe fragen.\u201c Aldro, 1c<\/p>\n\n\n\n<p>\u201eDass ich etwas vergesse oder den Zug verpasse.\u201c <\/p>\n\n\n\n<p><strong>Hast Du schon Zukunftspl\u00e4ne?<\/strong><\/p>\n\n\n\n<p>\u201eIch w\u00fcrde gerne Medizin studieren, denn ich w\u00fcrde gerne Menschen helfen.\u201c Chiara, 1c<\/p>\n\n\n\n<p><strong>Was fandest Du bisher am besten?<\/strong><\/p>\n\n\n\n<p>\u201eDie Lehrer, da sie nett sind und ich finde es toll, dass wir ein Zn\u00fcni bekommen\u201c Leon, 1c<\/p>\n\n\n\n<p>\u201eEs hat sehr viel Kursf\u00e4cher. Das alte Gem\u00e4uer habe ich auch gern. Die Idee vom Studium ist auch sehr gut.\u201c Aurelia, 1c<\/p>\n\n\n\n<p><strong>Was war Dein erster Gedanke am 1. Schultag?<\/strong><\/p>\n\n\n\n<p>\u201eDiese Entscheidung werde ich nicht bereuen.\u201c&nbsp; Matteo, 1c<\/p>\n","protected":false},"excerpt":{"rendered":"<p>Die 1c im Interview Wie war Dein Start an der Schule? \u201eIch war sehr nerv\u00f6s, ich kannte niemanden. Es war<\/p>\n","protected":false},"author":1,"featured_media":5264,"comment_status":"open","ping_status":"closed","sticky":false,"template":"","format":"standard","meta":{"spay_email":"","jetpack_publicize_message":"","jetpack_is_tweetstorm":false},"categories":[3],"tags":[],"jetpack_featured_media_url":"https:\/\/i0.wp.com\/www.stiftsforum.ch\/blog\/wp-content\/uploads\/2022\/09\/Foto-1c-3.jpg?fit=960%2C720&ssl=1","jetpack_publicize_connections":[],"jetpack_sharing_enabled":true,"jetpack_shortlink":"https:\/\/wp.me\/p9nzRF-1mT","jetpack_likes_enabled":true,"jetpack-related-posts":[{"id":3566,"url":"https:\/\/www.stiftsforum.ch\/blog\/?p=3566","url_meta":{"origin":5263,"position":0},"title":"Schulsporttag in Basel","date":"Mai 23, 2019","format":false,"excerpt":"Beim Schulsporttag in Basel am Mittwoch, den 22.05.2019 war die Stiftsschule mit 32 Sch\u00fcler\/innen am Start. Insgesamt konnte die Stiftsschule 4 Medaillen f\u00fcr den Kanton Schwyz nach Hause bringen. Corsin (1a)\u00a0 und Gian-Andri M\u00fcller (3b) konnten im OL im Team die Goldmedaille und in der Kantons-Staffel mit weiblicher Unterst\u00fctzung aus\u2026","rel":"","context":"In &quot;Schule unterwegs&quot;","img":{"alt_text":"","src":"https:\/\/i2.wp.com\/www.stiftsforum.ch\/blog\/wp-content\/uploads\/2019\/05\/20190522_082039.jpg?fit=1200%2C900&ssl=1&resize=350%2C200","width":350,"height":200},"classes":[]},{"id":5652,"url":"https:\/\/www.stiftsforum.ch\/blog\/?p=5652","url_meta":{"origin":5263,"position":1},"title":"Arch\u00e4ologie Schweiz - Sch\u00e4tze aus alter Zeit","date":"November 14, 2022","format":false,"excerpt":"Die Klassen 1b & 1c der Stiftsschule Einsiedeln besuchten das Landesmuseum in Z\u00fcrich. J\u00fcrg Rohner organisierte die Exkursion im Rahmen des Geschichtsunterrichts. \u2022\u00a0\u00a0\u00a0\u00a0\u00a0 Was war der Anlass, um ins Landesmuseum zu fahren? Im Unterricht behandeln wir die Vorgeschichte, also die Zeit, von der es keine schriftlichen Quellen gibt. Ferner haben\u2026","rel":"","context":"In &quot;Exkursionen&quot;","img":{"alt_text":"","src":"https:\/\/i1.wp.com\/www.stiftsforum.ch\/blog\/wp-content\/uploads\/2022\/11\/20221107_110058-1-scaled.jpg?fit=1200%2C900&ssl=1&resize=350%2C200","width":350,"height":200},"classes":[]},{"id":6098,"url":"https:\/\/www.stiftsforum.ch\/blog\/?p=6098","url_meta":{"origin":5263,"position":2},"title":"Die 1c News","date":"Februar 18, 2023","format":false,"excerpt":"Im Rahmen des Deutschunterrichts gab die 1c letzte Woche die erste Ausgabe ihrer Klassenzeitung \"1c News\" heraus. Im Anhang eine Onlinevariante mit spannenden Reportagen zu Georgien und \u00c4gypten, neuen Hobbys wie Inlinehockey oder Orientierungslauf und Portraits von Madame Doro und Michi K\u00e4lin. Klassenzeitung 1c-NewsHerunterladen","rel":"","context":"In &quot;Allgemein&quot;","img":{"alt_text":"","src":"https:\/\/i0.wp.com\/www.stiftsforum.ch\/blog\/wp-content\/uploads\/2023\/02\/newspaper-1.png?fit=926%2C797&ssl=1&resize=350%2C200","width":350,"height":200},"classes":[]},{"id":4537,"url":"https:\/\/www.stiftsforum.ch\/blog\/?p=4537","url_meta":{"origin":5263,"position":3},"title":"\u00abAm sch\u00f6nsten war, dass wir alle gemeinsam unterwegs waren\u00bb","date":"Oktober 19, 2021","format":false,"excerpt":"Besinnungstage im Melchtal Die Erstkl\u00e4ssler*innen der Stiftsschule Einsiedeln fuhren ins Melchtal (OW) f\u00fcr drei turbulente Tage voller Spass und Zusammensein von Viviana Lindemann und Sophia Br\u00fcllmann (1a und 1c) Mittwoch, 29.9.2021 Fr\u00fchmorgens, um 8:20, versammelten wir uns am Biberbrugger Bahnhof. Wir, das waren die Klassen 1 a, b und c,\u2026","rel":"","context":"In &quot;Schulanl\u00e4sse&quot;","img":{"alt_text":"","src":"https:\/\/i1.wp.com\/www.stiftsforum.ch\/blog\/wp-content\/uploads\/2021\/10\/DSCN0394-scaled.jpg?fit=1200%2C900&ssl=1&resize=350%2C200","width":350,"height":200},"classes":[]},{"id":4539,"url":"https:\/\/www.stiftsforum.ch\/blog\/?p=4539","url_meta":{"origin":5263,"position":4},"title":"Sporttag - Das Programm","date":"Oktober 19, 2021","format":false,"excerpt":"Postenlauf: Posten 1: Megamemory Die ganze Klasse musste im Uhrzeigersinn immer zwei Memoryk\u00e4rtchen aufdecken. Auf dem Memory waren die Lehrer der Sch\u00fcler. Posten 2: Galeerentransport Pro Klasse gab es zwei Gruppen. Jede Gruppe musste auf einem Flos zur Boje und zur\u00fcckpaddeln. Die beiden Zeiten wurden dann zusammengez\u00e4hlt. Posten 3: Garettenrennen\u2026","rel":"","context":"In &quot;Schulanl\u00e4sse&quot;","img":{"alt_text":"","src":"https:\/\/i0.wp.com\/www.stiftsforum.ch\/blog\/wp-content\/uploads\/2021\/10\/IMG_7803.jpg?fit=1200%2C800&ssl=1&resize=350%2C200","width":350,"height":200},"classes":[]},{"id":4531,"url":"https:\/\/www.stiftsforum.ch\/blog\/?p=4531","url_meta":{"origin":5263,"position":5},"title":"Klitschnass und kalt zum Kl\u00f6sterli","date":"September 28, 2021","format":false,"excerpt":"Nachtwanderung mit Pater Cyrill von Viviana Lindemann und Sophia Br\u00fcllmann (1a und 1c) Am Freitag dem 10. September um 17:15 trafen sich 10 Sch\u00fclerinnen und Sch\u00fcler der Stiftsschule mit Pater Cyrill und Herr De Vecchi f\u00fcr einen Abend voller gemeinsamen Spass. Geplant war von Goldau aus zum Rigi Kl\u00f6sterli zu\u2026","rel":"","context":"In &quot;Exkursionen&quot;","img":{"alt_text":"","src":"https:\/\/i0.wp.com\/www.stiftsforum.ch\/blog\/wp-content\/uploads\/2021\/09\/nachtwall.jpg?fit=240%2C320&ssl=1&resize=350%2C200","width":350,"height":200},"classes":[]}],"_links":{"self":[{"href":"https:\/\/www.stiftsforum.ch\/blog\/index.php?rest_route=\/wp\/v2\/posts\/5263"}],"collection":[{"href":"https:\/\/www.stiftsforum.ch\/blog\/index.php?rest_route=\/wp\/v2\/posts"}],"about":[{"href":"https:\/\/www.stiftsforum.ch\/blog\/index.php?rest_route=\/wp\/v2\/types\/post"}],"author":[{"embeddable":true,"href":"https:\/\/www.stiftsforum.ch\/blog\/index.php?rest_route=\/wp\/v2\/users\/1"}],"replies":[{"embeddable":true,"href":"https:\/\/www.stiftsforum.ch\/blog\/index.php?rest_route=%2Fwp%2Fv2%2Fcomments&post=5263"}],"version-history":[{"count":3,"href":"https:\/\/www.stiftsforum.ch\/blog\/index.php?rest_route=\/wp\/v2\/posts\/5263\/revisions"}],"predecessor-version":[{"id":5268,"href":"https:\/\/www.stiftsforum.ch\/blog\/index.php?rest_route=\/wp\/v2\/posts\/5263\/revisions\/5268"}],"wp:featuredmedia":[{"embeddable":true,"href":"https:\/\/www.stiftsforum.ch\/blog\/index.php?rest_route=\/wp\/v2\/media\/5264"}],"wp:attachment":[{"href":"https:\/\/www.stiftsforum.ch\/blog\/index.php?rest_route=%2Fwp%2Fv2%2Fmedia&parent=5263"}],"wp:term":[{"taxonomy":"category","embeddable":true,"href":"https:\/\/www.stiftsforum.ch\/blog\/index.php?rest_route=%2Fwp%2Fv2%2Fcategories&post=5263"},{"taxonomy":"post_tag","embeddable":true,"href":"https:\/\/www.stiftsforum.ch\/blog\/index.php?rest_route=%2Fwp%2Fv2%2Ftags&post=5263"}],"curies":[{"name":"wp","href":"https:\/\/api.w.org\/{rel}","templated":true}]}}