{"id":5275,"date":"2022-09-26T12:32:20","date_gmt":"2022-09-26T11:32:20","guid":{"rendered":"http:\/\/www.stiftsforum.ch\/blog\/?p=5275"},"modified":"2022-09-26T12:32:22","modified_gmt":"2022-09-26T11:32:22","slug":"voraustragen-was-am-wichtigsten-ist-naemlich-das-kreuz","status":"publish","type":"post","link":"https:\/\/www.stiftsforum.ch\/blog\/?p=5275","title":{"rendered":"\u201eVoraustragen, was am wichtigsten ist, n\u00e4mlich das Kreuz\u201c"},"content":{"rendered":"\n<p><strong>Abt Urban zeigt Schmuckst\u00fccke aus der kl\u00f6sterlichen Sammlung<\/strong><\/p>\n\n\n\n<p><strong>21.9.2022\/Stiftsschule Einsiedeln: Alle Benediktinerm\u00f6nche tragen einen einheitlichen schwarzen Habit, doch einer tr\u00e4gt jeweils ein auff\u00e4lliges Schmuckst\u00fcck um den Hals und einen markanten Ring am Finger: Der Abt eines Klosters verf\u00fcgt schon seit Jahrhunderten \u00fcber diese schon im Fr\u00fchmittalter gebr\u00e4uchlichen Insignien. \u201ePectorale\u201c, also \u201eAn der Brust\/am Herzen Getragenes\u201c heisst die Kette mit dem auff\u00e4lligen Kreuzanh\u00e4nger, der meist mit einem Ring mit Christusmonogramm in \u00e4hnlicher Machart kombiniert wird.<\/strong><\/p>\n\n\n\n<div class=\"wp-block-jetpack-slideshow aligncenter\" data-effect=\"slide\"><div class=\"wp-block-jetpack-slideshow_container swiper-container\"><ul class=\"wp-block-jetpack-slideshow_swiper-wrapper swiper-wrapper\"><li class=\"wp-block-jetpack-slideshow_slide swiper-slide\"><figure><img loading=\"lazy\" width=\"800\" height=\"600\" alt=\"\" class=\"wp-block-jetpack-slideshow_image wp-image-5318\" data-id=\"5318\" src=\"https:\/\/i2.wp.com\/www.stiftsforum.ch\/blog\/wp-content\/uploads\/2022\/09\/20220921_130812_resized-2.jpg?resize=800%2C600\" srcset=\"https:\/\/i2.wp.com\/www.stiftsforum.ch\/blog\/wp-content\/uploads\/2022\/09\/20220921_130812_resized-2.jpg?resize=1024%2C768&amp;ssl=1 1024w, https:\/\/i2.wp.com\/www.stiftsforum.ch\/blog\/wp-content\/uploads\/2022\/09\/20220921_130812_resized-2.jpg?resize=300%2C225&amp;ssl=1 300w, https:\/\/i2.wp.com\/www.stiftsforum.ch\/blog\/wp-content\/uploads\/2022\/09\/20220921_130812_resized-2.jpg?resize=768%2C576&amp;ssl=1 768w, https:\/\/i2.wp.com\/www.stiftsforum.ch\/blog\/wp-content\/uploads\/2022\/09\/20220921_130812_resized-2.jpg?w=1156&amp;ssl=1 1156w\" sizes=\"(max-width: 800px) 100vw, 800px\" data-recalc-dims=\"1\" \/><\/figure><\/li><li class=\"wp-block-jetpack-slideshow_slide swiper-slide\"><figure><img loading=\"lazy\" width=\"800\" height=\"600\" alt=\"\" class=\"wp-block-jetpack-slideshow_image wp-image-5319\" data-id=\"5319\" src=\"https:\/\/i0.wp.com\/www.stiftsforum.ch\/blog\/wp-content\/uploads\/2022\/09\/20220921_130940_resized-2.jpg?resize=800%2C600\" srcset=\"https:\/\/i0.wp.com\/www.stiftsforum.ch\/blog\/wp-content\/uploads\/2022\/09\/20220921_130940_resized-2.jpg?resize=1024%2C768&amp;ssl=1 1024w, https:\/\/i0.wp.com\/www.stiftsforum.ch\/blog\/wp-content\/uploads\/2022\/09\/20220921_130940_resized-2.jpg?resize=300%2C225&amp;ssl=1 300w, https:\/\/i0.wp.com\/www.stiftsforum.ch\/blog\/wp-content\/uploads\/2022\/09\/20220921_130940_resized-2.jpg?resize=768%2C576&amp;ssl=1 768w, https:\/\/i0.wp.com\/www.stiftsforum.ch\/blog\/wp-content\/uploads\/2022\/09\/20220921_130940_resized-2.jpg?w=1156&amp;ssl=1 1156w\" sizes=\"(max-width: 800px) 100vw, 800px\" data-recalc-dims=\"1\" \/><\/figure><\/li><li class=\"wp-block-jetpack-slideshow_slide swiper-slide\"><figure><img loading=\"lazy\" width=\"800\" height=\"600\" alt=\"\" class=\"wp-block-jetpack-slideshow_image wp-image-5320\" data-id=\"5320\" src=\"https:\/\/i0.wp.com\/www.stiftsforum.ch\/blog\/wp-content\/uploads\/2022\/09\/20220921_131019_resized-2.jpg?resize=800%2C600\" srcset=\"https:\/\/i0.wp.com\/www.stiftsforum.ch\/blog\/wp-content\/uploads\/2022\/09\/20220921_131019_resized-2.jpg?resize=1024%2C768&amp;ssl=1 1024w, https:\/\/i0.wp.com\/www.stiftsforum.ch\/blog\/wp-content\/uploads\/2022\/09\/20220921_131019_resized-2.jpg?resize=300%2C225&amp;ssl=1 300w, https:\/\/i0.wp.com\/www.stiftsforum.ch\/blog\/wp-content\/uploads\/2022\/09\/20220921_131019_resized-2.jpg?resize=768%2C576&amp;ssl=1 768w, https:\/\/i0.wp.com\/www.stiftsforum.ch\/blog\/wp-content\/uploads\/2022\/09\/20220921_131019_resized-2.jpg?w=1156&amp;ssl=1 1156w\" sizes=\"(max-width: 800px) 100vw, 800px\" data-recalc-dims=\"1\" \/><\/figure><\/li><li class=\"wp-block-jetpack-slideshow_slide swiper-slide\"><figure><img loading=\"lazy\" width=\"800\" height=\"600\" alt=\"\" class=\"wp-block-jetpack-slideshow_image wp-image-5321\" data-id=\"5321\" src=\"https:\/\/i1.wp.com\/www.stiftsforum.ch\/blog\/wp-content\/uploads\/2022\/09\/20220921_131206_resized-2.jpg?resize=800%2C600\" srcset=\"https:\/\/i1.wp.com\/www.stiftsforum.ch\/blog\/wp-content\/uploads\/2022\/09\/20220921_131206_resized-2-rotated.jpg?resize=1024%2C768&amp;ssl=1 1024w, https:\/\/i1.wp.com\/www.stiftsforum.ch\/blog\/wp-content\/uploads\/2022\/09\/20220921_131206_resized-2-rotated.jpg?resize=300%2C225&amp;ssl=1 300w, https:\/\/i1.wp.com\/www.stiftsforum.ch\/blog\/wp-content\/uploads\/2022\/09\/20220921_131206_resized-2-rotated.jpg?resize=768%2C576&amp;ssl=1 768w, https:\/\/i1.wp.com\/www.stiftsforum.ch\/blog\/wp-content\/uploads\/2022\/09\/20220921_131206_resized-2-rotated.jpg?w=1156&amp;ssl=1 1156w\" sizes=\"(max-width: 800px) 100vw, 800px\" data-recalc-dims=\"1\" \/><\/figure><\/li><li class=\"wp-block-jetpack-slideshow_slide swiper-slide\"><figure><img loading=\"lazy\" width=\"800\" height=\"600\" alt=\"\" class=\"wp-block-jetpack-slideshow_image wp-image-5322\" data-id=\"5322\" src=\"https:\/\/i0.wp.com\/www.stiftsforum.ch\/blog\/wp-content\/uploads\/2022\/09\/20220921_131344_resized-2.jpg?resize=800%2C600\" srcset=\"https:\/\/i0.wp.com\/www.stiftsforum.ch\/blog\/wp-content\/uploads\/2022\/09\/20220921_131344_resized-2.jpg?resize=1024%2C768&amp;ssl=1 1024w, https:\/\/i0.wp.com\/www.stiftsforum.ch\/blog\/wp-content\/uploads\/2022\/09\/20220921_131344_resized-2.jpg?resize=300%2C225&amp;ssl=1 300w, https:\/\/i0.wp.com\/www.stiftsforum.ch\/blog\/wp-content\/uploads\/2022\/09\/20220921_131344_resized-2.jpg?resize=768%2C576&amp;ssl=1 768w, https:\/\/i0.wp.com\/www.stiftsforum.ch\/blog\/wp-content\/uploads\/2022\/09\/20220921_131344_resized-2.jpg?w=1156&amp;ssl=1 1156w\" sizes=\"(max-width: 800px) 100vw, 800px\" data-recalc-dims=\"1\" \/><\/figure><\/li><li class=\"wp-block-jetpack-slideshow_slide swiper-slide\"><figure><img loading=\"lazy\" width=\"800\" height=\"600\" alt=\"\" class=\"wp-block-jetpack-slideshow_image wp-image-5323\" data-id=\"5323\" src=\"https:\/\/i2.wp.com\/www.stiftsforum.ch\/blog\/wp-content\/uploads\/2022\/09\/20220921_131350_resized-2.jpg?resize=800%2C600\" srcset=\"https:\/\/i2.wp.com\/www.stiftsforum.ch\/blog\/wp-content\/uploads\/2022\/09\/20220921_131350_resized-2.jpg?resize=1024%2C768&amp;ssl=1 1024w, https:\/\/i2.wp.com\/www.stiftsforum.ch\/blog\/wp-content\/uploads\/2022\/09\/20220921_131350_resized-2.jpg?resize=300%2C225&amp;ssl=1 300w, https:\/\/i2.wp.com\/www.stiftsforum.ch\/blog\/wp-content\/uploads\/2022\/09\/20220921_131350_resized-2.jpg?resize=768%2C576&amp;ssl=1 768w, https:\/\/i2.wp.com\/www.stiftsforum.ch\/blog\/wp-content\/uploads\/2022\/09\/20220921_131350_resized-2.jpg?w=1156&amp;ssl=1 1156w\" sizes=\"(max-width: 800px) 100vw, 800px\" data-recalc-dims=\"1\" \/><\/figure><\/li><li class=\"wp-block-jetpack-slideshow_slide swiper-slide\"><figure><img loading=\"lazy\" width=\"800\" height=\"600\" alt=\"\" class=\"wp-block-jetpack-slideshow_image wp-image-5324\" data-id=\"5324\" src=\"https:\/\/i2.wp.com\/www.stiftsforum.ch\/blog\/wp-content\/uploads\/2022\/09\/20220921_131816_resized-2.jpg?resize=800%2C600\" srcset=\"https:\/\/i0.wp.com\/www.stiftsforum.ch\/blog\/wp-content\/uploads\/2022\/09\/20220921_131816_resized-2-rotated.jpg?resize=1024%2C768&amp;ssl=1 1024w, https:\/\/i0.wp.com\/www.stiftsforum.ch\/blog\/wp-content\/uploads\/2022\/09\/20220921_131816_resized-2-rotated.jpg?resize=300%2C225&amp;ssl=1 300w, https:\/\/i0.wp.com\/www.stiftsforum.ch\/blog\/wp-content\/uploads\/2022\/09\/20220921_131816_resized-2-rotated.jpg?resize=768%2C576&amp;ssl=1 768w, https:\/\/i0.wp.com\/www.stiftsforum.ch\/blog\/wp-content\/uploads\/2022\/09\/20220921_131816_resized-2-rotated.jpg?w=1156&amp;ssl=1 1156w\" sizes=\"(max-width: 800px) 100vw, 800px\" data-recalc-dims=\"1\" \/><\/figure><\/li><li class=\"wp-block-jetpack-slideshow_slide swiper-slide\"><figure><img loading=\"lazy\" width=\"800\" height=\"600\" alt=\"\" class=\"wp-block-jetpack-slideshow_image wp-image-5325\" data-id=\"5325\" src=\"https:\/\/i1.wp.com\/www.stiftsforum.ch\/blog\/wp-content\/uploads\/2022\/09\/20220921_131824_resized-2.jpg?resize=800%2C600\" srcset=\"https:\/\/i1.wp.com\/www.stiftsforum.ch\/blog\/wp-content\/uploads\/2022\/09\/20220921_131824_resized-2.jpg?resize=1024%2C768&amp;ssl=1 1024w, https:\/\/i1.wp.com\/www.stiftsforum.ch\/blog\/wp-content\/uploads\/2022\/09\/20220921_131824_resized-2.jpg?resize=300%2C225&amp;ssl=1 300w, https:\/\/i1.wp.com\/www.stiftsforum.ch\/blog\/wp-content\/uploads\/2022\/09\/20220921_131824_resized-2.jpg?resize=768%2C576&amp;ssl=1 768w, https:\/\/i1.wp.com\/www.stiftsforum.ch\/blog\/wp-content\/uploads\/2022\/09\/20220921_131824_resized-2.jpg?w=1156&amp;ssl=1 1156w\" sizes=\"(max-width: 800px) 100vw, 800px\" data-recalc-dims=\"1\" \/><\/figure><\/li><li class=\"wp-block-jetpack-slideshow_slide swiper-slide\"><figure><img loading=\"lazy\" width=\"800\" height=\"600\" alt=\"\" class=\"wp-block-jetpack-slideshow_image wp-image-5326\" data-id=\"5326\" src=\"https:\/\/i0.wp.com\/www.stiftsforum.ch\/blog\/wp-content\/uploads\/2022\/09\/20220921_131831_resized-2.jpg?resize=800%2C600\" srcset=\"https:\/\/i0.wp.com\/www.stiftsforum.ch\/blog\/wp-content\/uploads\/2022\/09\/20220921_131831_resized-2.jpg?resize=1024%2C768&amp;ssl=1 1024w, https:\/\/i0.wp.com\/www.stiftsforum.ch\/blog\/wp-content\/uploads\/2022\/09\/20220921_131831_resized-2.jpg?resize=300%2C225&amp;ssl=1 300w, https:\/\/i0.wp.com\/www.stiftsforum.ch\/blog\/wp-content\/uploads\/2022\/09\/20220921_131831_resized-2.jpg?resize=768%2C576&amp;ssl=1 768w, https:\/\/i0.wp.com\/www.stiftsforum.ch\/blog\/wp-content\/uploads\/2022\/09\/20220921_131831_resized-2.jpg?w=1156&amp;ssl=1 1156w\" sizes=\"(max-width: 800px) 100vw, 800px\" data-recalc-dims=\"1\" \/><\/figure><\/li><li class=\"wp-block-jetpack-slideshow_slide swiper-slide\"><figure><img loading=\"lazy\" width=\"800\" height=\"600\" alt=\"\" class=\"wp-block-jetpack-slideshow_image wp-image-5328\" data-id=\"5328\" src=\"https:\/\/i0.wp.com\/www.stiftsforum.ch\/blog\/wp-content\/uploads\/2022\/09\/20220921_132001_resized-2.jpg?resize=800%2C600\" srcset=\"https:\/\/i0.wp.com\/www.stiftsforum.ch\/blog\/wp-content\/uploads\/2022\/09\/20220921_132001_resized-2.jpg?resize=1024%2C768&amp;ssl=1 1024w, https:\/\/i0.wp.com\/www.stiftsforum.ch\/blog\/wp-content\/uploads\/2022\/09\/20220921_132001_resized-2.jpg?resize=300%2C225&amp;ssl=1 300w, https:\/\/i0.wp.com\/www.stiftsforum.ch\/blog\/wp-content\/uploads\/2022\/09\/20220921_132001_resized-2.jpg?resize=768%2C576&amp;ssl=1 768w, https:\/\/i0.wp.com\/www.stiftsforum.ch\/blog\/wp-content\/uploads\/2022\/09\/20220921_132001_resized-2.jpg?w=1156&amp;ssl=1 1156w\" sizes=\"(max-width: 800px) 100vw, 800px\" data-recalc-dims=\"1\" \/><\/figure><\/li><li class=\"wp-block-jetpack-slideshow_slide swiper-slide\"><figure><img loading=\"lazy\" width=\"800\" height=\"600\" alt=\"\" class=\"wp-block-jetpack-slideshow_image wp-image-5329\" data-id=\"5329\" src=\"https:\/\/i0.wp.com\/www.stiftsforum.ch\/blog\/wp-content\/uploads\/2022\/09\/20220921_132103_resized-2.jpg?resize=800%2C600\" srcset=\"https:\/\/i0.wp.com\/www.stiftsforum.ch\/blog\/wp-content\/uploads\/2022\/09\/20220921_132103_resized-2.jpg?resize=1024%2C768&amp;ssl=1 1024w, https:\/\/i0.wp.com\/www.stiftsforum.ch\/blog\/wp-content\/uploads\/2022\/09\/20220921_132103_resized-2.jpg?resize=300%2C225&amp;ssl=1 300w, https:\/\/i0.wp.com\/www.stiftsforum.ch\/blog\/wp-content\/uploads\/2022\/09\/20220921_132103_resized-2.jpg?resize=768%2C576&amp;ssl=1 768w, https:\/\/i0.wp.com\/www.stiftsforum.ch\/blog\/wp-content\/uploads\/2022\/09\/20220921_132103_resized-2.jpg?w=1156&amp;ssl=1 1156w\" sizes=\"(max-width: 800px) 100vw, 800px\" data-recalc-dims=\"1\" \/><\/figure><\/li><li class=\"wp-block-jetpack-slideshow_slide swiper-slide\"><figure><img loading=\"lazy\" width=\"800\" height=\"600\" alt=\"\" class=\"wp-block-jetpack-slideshow_image wp-image-5331\" data-id=\"5331\" src=\"https:\/\/i0.wp.com\/www.stiftsforum.ch\/blog\/wp-content\/uploads\/2022\/09\/20220921_132131_resized-2.jpg?resize=800%2C600\" srcset=\"https:\/\/i0.wp.com\/www.stiftsforum.ch\/blog\/wp-content\/uploads\/2022\/09\/20220921_132131_resized-2.jpg?resize=1024%2C768&amp;ssl=1 1024w, https:\/\/i0.wp.com\/www.stiftsforum.ch\/blog\/wp-content\/uploads\/2022\/09\/20220921_132131_resized-2.jpg?resize=300%2C225&amp;ssl=1 300w, https:\/\/i0.wp.com\/www.stiftsforum.ch\/blog\/wp-content\/uploads\/2022\/09\/20220921_132131_resized-2.jpg?resize=768%2C576&amp;ssl=1 768w, https:\/\/i0.wp.com\/www.stiftsforum.ch\/blog\/wp-content\/uploads\/2022\/09\/20220921_132131_resized-2.jpg?w=1156&amp;ssl=1 1156w\" sizes=\"(max-width: 800px) 100vw, 800px\" data-recalc-dims=\"1\" \/><\/figure><\/li><li class=\"wp-block-jetpack-slideshow_slide swiper-slide\"><figure><img loading=\"lazy\" width=\"800\" height=\"600\" alt=\"\" class=\"wp-block-jetpack-slideshow_image wp-image-5332\" data-id=\"5332\" src=\"https:\/\/i2.wp.com\/www.stiftsforum.ch\/blog\/wp-content\/uploads\/2022\/09\/20220921_132400_resized-2.jpg?resize=800%2C600\" srcset=\"https:\/\/i2.wp.com\/www.stiftsforum.ch\/blog\/wp-content\/uploads\/2022\/09\/20220921_132400_resized-2.jpg?resize=1024%2C768&amp;ssl=1 1024w, https:\/\/i2.wp.com\/www.stiftsforum.ch\/blog\/wp-content\/uploads\/2022\/09\/20220921_132400_resized-2.jpg?resize=300%2C225&amp;ssl=1 300w, https:\/\/i2.wp.com\/www.stiftsforum.ch\/blog\/wp-content\/uploads\/2022\/09\/20220921_132400_resized-2.jpg?resize=768%2C576&amp;ssl=1 768w, https:\/\/i2.wp.com\/www.stiftsforum.ch\/blog\/wp-content\/uploads\/2022\/09\/20220921_132400_resized-2.jpg?w=1156&amp;ssl=1 1156w\" sizes=\"(max-width: 800px) 100vw, 800px\" data-recalc-dims=\"1\" \/><\/figure><\/li><li class=\"wp-block-jetpack-slideshow_slide swiper-slide\"><figure><img loading=\"lazy\" width=\"800\" height=\"600\" alt=\"\" class=\"wp-block-jetpack-slideshow_image wp-image-5333\" data-id=\"5333\" src=\"https:\/\/i1.wp.com\/www.stiftsforum.ch\/blog\/wp-content\/uploads\/2022\/09\/20220921_132411_resized-2.jpg?resize=800%2C600\" srcset=\"https:\/\/i1.wp.com\/www.stiftsforum.ch\/blog\/wp-content\/uploads\/2022\/09\/20220921_132411_resized-2.jpg?resize=1024%2C768&amp;ssl=1 1024w, https:\/\/i1.wp.com\/www.stiftsforum.ch\/blog\/wp-content\/uploads\/2022\/09\/20220921_132411_resized-2.jpg?resize=300%2C225&amp;ssl=1 300w, https:\/\/i1.wp.com\/www.stiftsforum.ch\/blog\/wp-content\/uploads\/2022\/09\/20220921_132411_resized-2.jpg?resize=768%2C576&amp;ssl=1 768w, https:\/\/i1.wp.com\/www.stiftsforum.ch\/blog\/wp-content\/uploads\/2022\/09\/20220921_132411_resized-2.jpg?w=1156&amp;ssl=1 1156w\" sizes=\"(max-width: 800px) 100vw, 800px\" data-recalc-dims=\"1\" \/><\/figure><\/li><li class=\"wp-block-jetpack-slideshow_slide swiper-slide\"><figure><img loading=\"lazy\" width=\"800\" height=\"600\" alt=\"\" class=\"wp-block-jetpack-slideshow_image wp-image-5334\" data-id=\"5334\" src=\"https:\/\/i1.wp.com\/www.stiftsforum.ch\/blog\/wp-content\/uploads\/2022\/09\/20220921_132546_resized-2.jpg?resize=800%2C600\" srcset=\"https:\/\/i1.wp.com\/www.stiftsforum.ch\/blog\/wp-content\/uploads\/2022\/09\/20220921_132546_resized-2.jpg?resize=1024%2C768&amp;ssl=1 1024w, https:\/\/i1.wp.com\/www.stiftsforum.ch\/blog\/wp-content\/uploads\/2022\/09\/20220921_132546_resized-2.jpg?resize=300%2C225&amp;ssl=1 300w, https:\/\/i1.wp.com\/www.stiftsforum.ch\/blog\/wp-content\/uploads\/2022\/09\/20220921_132546_resized-2.jpg?resize=768%2C576&amp;ssl=1 768w, https:\/\/i1.wp.com\/www.stiftsforum.ch\/blog\/wp-content\/uploads\/2022\/09\/20220921_132546_resized-2.jpg?w=1156&amp;ssl=1 1156w\" sizes=\"(max-width: 800px) 100vw, 800px\" data-recalc-dims=\"1\" \/><\/figure><\/li><li class=\"wp-block-jetpack-slideshow_slide swiper-slide\"><figure><img loading=\"lazy\" width=\"800\" height=\"600\" alt=\"\" class=\"wp-block-jetpack-slideshow_image wp-image-5335\" data-id=\"5335\" src=\"https:\/\/i2.wp.com\/www.stiftsforum.ch\/blog\/wp-content\/uploads\/2022\/09\/20220921_133725_resized-2.jpg?resize=800%2C600\" srcset=\"https:\/\/i2.wp.com\/www.stiftsforum.ch\/blog\/wp-content\/uploads\/2022\/09\/20220921_133725_resized-2.jpg?resize=1024%2C768&amp;ssl=1 1024w, https:\/\/i2.wp.com\/www.stiftsforum.ch\/blog\/wp-content\/uploads\/2022\/09\/20220921_133725_resized-2.jpg?resize=300%2C225&amp;ssl=1 300w, https:\/\/i2.wp.com\/www.stiftsforum.ch\/blog\/wp-content\/uploads\/2022\/09\/20220921_133725_resized-2.jpg?resize=768%2C576&amp;ssl=1 768w, https:\/\/i2.wp.com\/www.stiftsforum.ch\/blog\/wp-content\/uploads\/2022\/09\/20220921_133725_resized-2.jpg?w=1156&amp;ssl=1 1156w\" sizes=\"(max-width: 800px) 100vw, 800px\" data-recalc-dims=\"1\" \/><\/figure><\/li><li class=\"wp-block-jetpack-slideshow_slide swiper-slide\"><figure><img loading=\"lazy\" width=\"800\" height=\"600\" alt=\"\" class=\"wp-block-jetpack-slideshow_image wp-image-5336\" data-id=\"5336\" src=\"https:\/\/i1.wp.com\/www.stiftsforum.ch\/blog\/wp-content\/uploads\/2022\/09\/20220921_133729_resized-2.jpg?resize=800%2C600\" srcset=\"https:\/\/i1.wp.com\/www.stiftsforum.ch\/blog\/wp-content\/uploads\/2022\/09\/20220921_133729_resized-2.jpg?resize=1024%2C768&amp;ssl=1 1024w, https:\/\/i1.wp.com\/www.stiftsforum.ch\/blog\/wp-content\/uploads\/2022\/09\/20220921_133729_resized-2.jpg?resize=300%2C225&amp;ssl=1 300w, https:\/\/i1.wp.com\/www.stiftsforum.ch\/blog\/wp-content\/uploads\/2022\/09\/20220921_133729_resized-2.jpg?resize=768%2C576&amp;ssl=1 768w, https:\/\/i1.wp.com\/www.stiftsforum.ch\/blog\/wp-content\/uploads\/2022\/09\/20220921_133729_resized-2.jpg?w=1156&amp;ssl=1 1156w\" sizes=\"(max-width: 800px) 100vw, 800px\" data-recalc-dims=\"1\" \/><\/figure><\/li><li class=\"wp-block-jetpack-slideshow_slide swiper-slide\"><figure><img loading=\"lazy\" width=\"800\" height=\"600\" alt=\"\" class=\"wp-block-jetpack-slideshow_image wp-image-5337\" data-id=\"5337\" src=\"https:\/\/i1.wp.com\/www.stiftsforum.ch\/blog\/wp-content\/uploads\/2022\/09\/20220921_133813_resized-2.jpg?resize=800%2C600\" srcset=\"https:\/\/i1.wp.com\/www.stiftsforum.ch\/blog\/wp-content\/uploads\/2022\/09\/20220921_133813_resized-2.jpg?resize=1024%2C768&amp;ssl=1 1024w, https:\/\/i1.wp.com\/www.stiftsforum.ch\/blog\/wp-content\/uploads\/2022\/09\/20220921_133813_resized-2.jpg?resize=300%2C225&amp;ssl=1 300w, https:\/\/i1.wp.com\/www.stiftsforum.ch\/blog\/wp-content\/uploads\/2022\/09\/20220921_133813_resized-2.jpg?resize=768%2C576&amp;ssl=1 768w, https:\/\/i1.wp.com\/www.stiftsforum.ch\/blog\/wp-content\/uploads\/2022\/09\/20220921_133813_resized-2.jpg?w=1156&amp;ssl=1 1156w\" sizes=\"(max-width: 800px) 100vw, 800px\" data-recalc-dims=\"1\" \/><\/figure><\/li><\/ul><a class=\"wp-block-jetpack-slideshow_button-prev swiper-button-prev swiper-button-white\" role=\"button\"><\/a><a class=\"wp-block-jetpack-slideshow_button-next swiper-button-next swiper-button-white\" role=\"button\"><\/a><a aria-label=\"Pause Slideshow\" class=\"wp-block-jetpack-slideshow_button-pause\" role=\"button\"><\/a><div class=\"wp-block-jetpack-slideshow_pagination swiper-pagination swiper-pagination-white\"><\/div><\/div><\/div>\n\n\n\n<p>So mancher geht mit gemischten Gef\u00fchlen in die von Lehrerseite angefragte Pr\u00e4sentation. Sind goldene und zum Teil mit Edelsteinen besetzte Schmuckst\u00fccke zeitgem\u00e4ss? Was kommt hier zum Ausdruck? Aber auch ganz konkret: Wie alt sind die \u00e4ltesten Exponate der rund 30 Kreuze umfassenden Sammlung? Und wie wertvoll sind diese?<\/p>\n\n\n\n<p><strong>Die \u00c4btegalerie im Mauritiuszimmer<\/strong><\/p>\n\n\n\n<p>Abt Urban empf\u00e4ngt die wissbegierigen Lehrer bei der Hofpforte und begleitet sie hinauf in den zweiten Stock ins Mauritiuszimmer, einem repr\u00e4sentativen Raum mit schweren M\u00f6beln, an den W\u00e4nden in \u00d6l gemalte Abtportraits. Sie alle tragen den Schmuck, der sp\u00e4ter auch in realiter angeschaut werden kann. Kreuze und Ketten in verschiedenen Fassungen, mal barock opulent, mit Perlen besetzt, mal das Kreuz an einer f\u00fcr Kenner als F\u00fcrstabtkette zu identifizierenden Fassung, mal schlichtere Formen ohne Christuskorpus.<\/p>\n\n\n\n<p>Abt Urban bringt den ersten Karton aus seinem Hinterzimmer und entschuldigt sich, dass es schlichte Schachteln sind, in denen die Kreuze aufbewahrt werden. Bisher gab es keinerlei Anfragen aus der \u00d6ffentlichkeit, diese Kunstgegenst\u00e4nde zu besichtigen. Der Abt scheint fast \u00fcberrascht \u00fcber das Interesse der Stiftslehrer.<\/p>\n\n\n\n<p><strong>Koptisch, orthodox, barock \u2013 vielf\u00e4ltige Formen der Kreuzgestaltung<\/strong><\/p>\n\n\n\n<p>Er zeigt Kreuze aus dem 20. Jahrhundert. Fast alle sind Erbst\u00fccke fr\u00fcherer \u00c4bte oder Geschenke von Bisch\u00f6fen oder G\u00f6nnern. Ein schwarzes Kreuz f\u00e4llt besonders auf. Es ist ein koptisches Abtkreuz, das der Abt auch gerne in der \u00d6ffentlichkeit tr\u00e4gt, weil es schlicht ist und weniger auff\u00e4llt. Auch orthodoxe Einfl\u00fcsse sind in manchen Kreuzen zu erkennen, die dann besonders bei orthodoxen G\u00e4sten in Einsiedeln gut ankommen, weil ihnen diese Kreuzform am vertrautesten ist. Ein modernes, schlichtes Silberkreuz tr\u00e4gt Abt Urban vor allem zu Begr\u00e4bnissen, \u201eweil es zum grauen Messgewand passt\u201c, ein anderes zeigt eine klassische Hirtenfigur, die f\u00fcr Bisch\u00f6fe und \u00c4bte gleichermassen steht.\u00a0 Der fr\u00fchere Mitbruder und sp\u00e4tere Abt  Benno Kardinal Gut liess zu seiner Zeit auch ein neues Set anfertigen: ein mittelgrosses Kreuz, blau in goldener Einfassung mit einem dazugeh\u00f6rigen mehr als opulenten Ring, der Abt Urban viel zu gross ist. \u201eIn der Osternacht muss ich jeweils aufpassen, dass er mir nicht runterf\u00e4llt\u201c, erz\u00e4hlt er schmunzelnd. \u00dcberhaupt seien einige Ringe sehr gross, vor allem die alten, da man fr\u00fcher beim Gottesdienst Handschuhe trug und die Ringe dar\u00fcber passen mussten.<\/p>\n\n\n\n<p>Die \u00e4lteren Kreuze, vor allem jene aus dem Barock, sind grossteils opulent und reich geschm\u00fcckt, zum Teil ganz aus Gold und mit farbigen Edelsteinen besetzt, die zum Teil an den liturgischen Farben orientiert sind: Gr\u00fcn steht traditionell f\u00fcr die Nicht-Feiertage, violett f\u00fcr Fastenzeit und Advent. Zwei Reliquienkreuze sind auch in der Sammlung enthalten: \u201eEx ossibus St. Meinradi\u201c, \u201eaus den Knochen des Hl. Meinrad\u201c \u2013 die Gravierung erinnert an die vor allem im Barock wichtige Reliquienverehrung.<\/p>\n\n\n\n<p>Gibt es genaue Vorschriften, was er wann tragen muss? \u201eNein, die gibt es nicht\u201c, erkl\u00e4rt Abt Urban. Er w\u00e4hlt einfach aus, was ihm gerade passend scheint, sei es, weil es an einen Feiertag erinnert (zB. Blau an Marienfesten, ein Kreuz mit Christuskorpus am Karfreitag), weil es farblich zum Messgewand passt oder schlicht, weil es in der \u00d6ffentlichkeit m\u00f6glichst wenig Aufsehen erregt.<\/p>\n\n\n\n<p><strong>Als Hirte den M\u00f6nchen vorangehen<\/strong><\/p>\n\n\n\n<p>Manche Kreuze d\u00fcrfen den Kanton auch nicht verlassen, weil sie so alt sind, dass sie als \u201eKulturg\u00fcter\u201c zum Kanton geh\u00f6ren und deshalb nicht ausgef\u00fchrt werden d\u00fcrfen. Doch auch dar\u00fcber hinaus gilt: \u201eDas geh\u00f6rt nicht mir\u201c, so Abt Urban. Der Schmuck ist nicht sein Privateigentum, sondern geh\u00f6rt dem Kloster als Ganzes und wird von ihm als Abt getragen, weil er \u201eals Hirte den M\u00f6nchen vorangeht\u201c. Er tr\u00e4gt das Pectorale, weil mit dem Kreuz daran erinnert werden soll, worum es wirklich geht: um das Kreuz Christi, das f\u00fcr Leiden und Hoffnung steht.<\/p>\n","protected":false},"excerpt":{"rendered":"<p>Abt Urban zeigt Schmuckst\u00fccke aus der kl\u00f6sterlichen Sammlung 21.9.2022\/Stiftsschule Einsiedeln: Alle Benediktinerm\u00f6nche tragen einen einheitlichen schwarzen Habit, doch einer tr\u00e4gt<\/p>\n","protected":false},"author":1,"featured_media":5307,"comment_status":"open","ping_status":"closed","sticky":false,"template":"","format":"standard","meta":{"spay_email":"","jetpack_publicize_message":"","jetpack_is_tweetstorm":false},"categories":[3,78],"tags":[],"jetpack_featured_media_url":"https:\/\/i1.wp.com\/www.stiftsforum.ch\/blog\/wp-content\/uploads\/2022\/09\/20220921_132131_resized-1.jpg?fit=1156%2C867&ssl=1","jetpack_publicize_connections":[],"jetpack_sharing_enabled":true,"jetpack_shortlink":"https:\/\/wp.me\/p9nzRF-1n5","jetpack_likes_enabled":true,"jetpack-related-posts":[{"id":3859,"url":"https:\/\/www.stiftsforum.ch\/blog\/?p=3859","url_meta":{"origin":5275,"position":0},"title":"Auf den Spuren der Benediktsregel nach St. Gallen","date":"Februar 4, 2020","format":false,"excerpt":"Eine Exkursion der 6bc mit P. Thomas \u201eWillkommen im Unesco-Weltkurerbe Stiftsbezirk St. Gallen\u201c heisst es auf dem Eintrittsbillett in die aktuelle Ausstellung des Klosters St. Gallen. Gezeigt werden kostbare Exponate ab dem 9. Jahrhundert, Kuriosit\u00e4ten aus der Sammlung des fr\u00fcheren F\u00fcrstbistums (etwa ein versilberter L\u00f6ffel des Heiligen Gallus) und das\u2026","rel":"","context":"In &quot;Schulanl\u00e4sse&quot;","img":{"alt_text":"","src":"https:\/\/i1.wp.com\/www.stiftsforum.ch\/blog\/wp-content\/uploads\/2020\/02\/9.jpg?fit=800%2C450&ssl=1&resize=350%2C200","width":350,"height":200},"classes":[]},{"id":6514,"url":"https:\/\/www.stiftsforum.ch\/blog\/?p=6514","url_meta":{"origin":5275,"position":1},"title":"Junge Journalisten. Die Ringier-Journalistenschule zu Gast in Kloster und Stiftsschule Einsiedeln","date":"November 1, 2023","format":false,"excerpt":"-Von Penthesilea Glamheden, Scarlet V\u00f6gele, Rita Moser und Celine L\u00fcscher, 1b Am 25. Oktober 2023 besuchten 11 Studenten sowie Schulleiter Peter Hossli der Ringier Journalistenschule das Kloster und zwei Klassen der Stiftsschule Einsiedeln. \u00a0Die G\u00e4ste erz\u00e4hlten den Sch\u00fclern von ihrer Karriere als Journalisten und gaben ihnen Tipps mit auf den\u2026","rel":"","context":"In &quot;Allgemein&quot;","img":{"alt_text":"","src":"https:\/\/i0.wp.com\/www.stiftsforum.ch\/blog\/wp-content\/uploads\/2023\/11\/20231025_151031_resized.jpg?fit=1156%2C867&ssl=1&resize=350%2C200","width":350,"height":200},"classes":[]},{"id":6658,"url":"https:\/\/www.stiftsforum.ch\/blog\/?p=6658","url_meta":{"origin":5275,"position":2},"title":"Der Heilige Meinrad - Ein Hohenzoller?","date":"M\u00e4rz 17, 2024","format":false,"excerpt":"13.M\u00e4rz 2024\/Stiftsschule Einsiedeln: In einem Vortrag informierte P. Thomas interessierte Lehrpersonen \u00fcber seine vor kurzem abgeschlossene historische Forschung zu den Beziehungen des Hauses Hohenzollern zum Kloster Einsiedeln. Doch wie kam es dazu, dass das hohenzollersche Geschlecht in Kontakt mit Einsiedeln trat, eine jahrhundertelange Beziehung in Form von Briefen, Geschenken und\u2026","rel":"","context":"In &quot;Allgemein&quot;","img":{"alt_text":"","src":"https:\/\/i1.wp.com\/www.stiftsforum.ch\/blog\/wp-content\/uploads\/2024\/03\/Kaiser_Wilhelm_II_of_Germany_-_1902.jpg?fit=330%2C476&ssl=1&resize=350%2C200","width":350,"height":200},"classes":[]},{"id":6552,"url":"https:\/\/www.stiftsforum.ch\/blog\/?p=6552","url_meta":{"origin":5275,"position":3},"title":"Nachhaltigkeit in der Benediktsregel?","date":"Dezember 10, 2023","format":false,"excerpt":"Die Benediktsregel ist eine Regel des Masshaltens, und somit auch der Nachhaltigkeit. Dies zeigen unter anderem folgende Ausz\u00fcge. von J\u00fcrg Rohner RB 31,10\u201312: \u00abAlle Ger\u00e4te und den ganzen Besitz des Klosters betrachte er [der Cellerar] als heiliges Altarger\u00e4t. Nichts darf er vernachl\u00e4ssigen. Er sei weder der Habgier noch der Verschwendung\u2026","rel":"","context":"In &quot;Allgemein&quot;","img":{"alt_text":"","src":"https:\/\/i1.wp.com\/www.stiftsforum.ch\/blog\/wp-content\/uploads\/2023\/12\/books-1850645_1280.jpg?fit=1200%2C800&ssl=1&resize=350%2C200","width":350,"height":200},"classes":[]},{"id":4130,"url":"https:\/\/www.stiftsforum.ch\/blog\/?p=4130","url_meta":{"origin":5275,"position":4},"title":"Niedergang und Neuanfang des 1000j\u00e4hrigen Klosters Einsiedeln","date":"Januar 25, 2021","format":false,"excerpt":"von Nooa Barman u. Kaemon Hasic Die Geschichte des Klosters reicht bis \u00fcber 1000 Jahren zur\u00fcck. Alles fing im Jahre 835 an, als der heilige Meinrad an der heutigen Stelle des Klosters eine Kapelle errichtete. Grausam ermordeten zwei R\u00e4uber den heiligen Meinrad am 21. Januar 861. Raben flogen den R\u00e4ubern\u2026","rel":"","context":"In &quot;Allgemein&quot;","img":{"alt_text":"","src":"https:\/\/i1.wp.com\/www.stiftsforum.ch\/blog\/wp-content\/uploads\/2021\/01\/Kloster.jpg?fit=1200%2C600&ssl=1&resize=350%2C200","width":350,"height":200},"classes":[]},{"id":6534,"url":"https:\/\/www.stiftsforum.ch\/blog\/?p=6534","url_meta":{"origin":5275,"position":5},"title":"Schabbat Shalom! Das EF Religion besucht die israelitische Cultusgemeinde Z\u00fcrich","date":"Dezember 5, 2023","format":false,"excerpt":"Nur wenige Gehminuten vom Hauptbahnhof entfernt befindet sich in der Nyschelerstrasse die Synagoge der Israelitischen Cultusgemeinde Z\u00fcrich. Mitten zwischen modernen B\u00fcrogeb\u00e4uden f\u00e4llt das Geb\u00e4ude im Getriebe der Z\u00fcrcher Innenstadt kaum auf, auch wenn der historistische Baustil doch deutlich anders, ornamentaler, ist als die Funktionsbauten nebenan. Erst beim Stehenbleiben entdeckt der\u2026","rel":"","context":"In &quot;Allgemein&quot;","img":{"alt_text":"","src":"https:\/\/i2.wp.com\/www.stiftsforum.ch\/blog\/wp-content\/uploads\/2023\/12\/20231125_134517_resized.jpg?fit=1156%2C867&ssl=1&resize=350%2C200","width":350,"height":200},"classes":[]}],"_links":{"self":[{"href":"https:\/\/www.stiftsforum.ch\/blog\/index.php?rest_route=\/wp\/v2\/posts\/5275"}],"collection":[{"href":"https:\/\/www.stiftsforum.ch\/blog\/index.php?rest_route=\/wp\/v2\/posts"}],"about":[{"href":"https:\/\/www.stiftsforum.ch\/blog\/index.php?rest_route=\/wp\/v2\/types\/post"}],"author":[{"embeddable":true,"href":"https:\/\/www.stiftsforum.ch\/blog\/index.php?rest_route=\/wp\/v2\/users\/1"}],"replies":[{"embeddable":true,"href":"https:\/\/www.stiftsforum.ch\/blog\/index.php?rest_route=%2Fwp%2Fv2%2Fcomments&post=5275"}],"version-history":[{"count":6,"href":"https:\/\/www.stiftsforum.ch\/blog\/index.php?rest_route=\/wp\/v2\/posts\/5275\/revisions"}],"predecessor-version":[{"id":5342,"href":"https:\/\/www.stiftsforum.ch\/blog\/index.php?rest_route=\/wp\/v2\/posts\/5275\/revisions\/5342"}],"wp:featuredmedia":[{"embeddable":true,"href":"https:\/\/www.stiftsforum.ch\/blog\/index.php?rest_route=\/wp\/v2\/media\/5307"}],"wp:attachment":[{"href":"https:\/\/www.stiftsforum.ch\/blog\/index.php?rest_route=%2Fwp%2Fv2%2Fmedia&parent=5275"}],"wp:term":[{"taxonomy":"category","embeddable":true,"href":"https:\/\/www.stiftsforum.ch\/blog\/index.php?rest_route=%2Fwp%2Fv2%2Fcategories&post=5275"},{"taxonomy":"post_tag","embeddable":true,"href":"https:\/\/www.stiftsforum.ch\/blog\/index.php?rest_route=%2Fwp%2Fv2%2Ftags&post=5275"}],"curies":[{"name":"wp","href":"https:\/\/api.w.org\/{rel}","templated":true}]}}