{"id":5346,"date":"2022-09-26T15:53:49","date_gmt":"2022-09-26T14:53:49","guid":{"rendered":"http:\/\/www.stiftsforum.ch\/blog\/?p=5346"},"modified":"2022-09-26T15:54:42","modified_gmt":"2022-09-26T14:54:42","slug":"neues-an-der-stiftsschule","status":"publish","type":"post","link":"https:\/\/www.stiftsforum.ch\/blog\/?p=5346","title":{"rendered":"Neues an der Stiftsschule"},"content":{"rendered":"\n<p><em>von Sophia Br\u00fcllmann und Carla Barahona<\/em><\/p>\n\n\n\n<p>Wie jedes Jahr gibt es immer wieder Neues an der Stiftsschule. Doch habt ihr euch eigentlich schonmal gefragt, was genau? Hier verschaffen wir euch einen \u00dcberblick.<\/p>\n\n\n\n<ul><li>Neue Lehrer<\/li><\/ul>\n\n\n\n<p>Sie haben sich an der Er\u00f6ffnungsveranstaltung zwar schonmal kurz vorgestellt, ein paar von euch haben sie vielleicht schon in einem Fach als Lehrperson, aber hier sind sie nochmals kurz aufgef\u00fchrt.<\/p>\n\n\n\n<ul><li>Lisa Eitzinger (Franz\u00f6sisch)<\/li><li>Armando auf der Maur (Religion)<\/li><li>Silvan Wirthensohn (Chemie)<\/li><li>Debora Nardini (Italienisch)<\/li><\/ul>\n\n\n\n<ul><li>Dazu werdet ihr aber bald noch mehr erfahren, denn in K\u00fcrze wird hier auch ein Artikel von Noelia (2b) und Nina (1b) erscheinen.<\/li><\/ul>\n\n\n\n<div class=\"wp-block-jetpack-slideshow aligncenter\" data-effect=\"slide\"><div class=\"wp-block-jetpack-slideshow_container swiper-container\"><ul class=\"wp-block-jetpack-slideshow_swiper-wrapper swiper-wrapper\"><li class=\"wp-block-jetpack-slideshow_slide swiper-slide\"><figure><img loading=\"lazy\" width=\"768\" height=\"1024\" alt=\"\" class=\"wp-block-jetpack-slideshow_image wp-image-5347\" data-id=\"5347\" src=\"https:\/\/i2.wp.com\/www.stiftsforum.ch\/blog\/wp-content\/uploads\/2022\/09\/FA861A7A-2AC2-4E49-850C-DAD9A393D6DD.jpeg?resize=768%2C1024\" srcset=\"https:\/\/i1.wp.com\/www.stiftsforum.ch\/blog\/wp-content\/uploads\/2022\/09\/FA861A7A-2AC2-4E49-850C-DAD9A393D6DD-scaled.jpeg?resize=768%2C1024&amp;ssl=1 768w, https:\/\/i1.wp.com\/www.stiftsforum.ch\/blog\/wp-content\/uploads\/2022\/09\/FA861A7A-2AC2-4E49-850C-DAD9A393D6DD-scaled.jpeg?resize=225%2C300&amp;ssl=1 225w, https:\/\/i1.wp.com\/www.stiftsforum.ch\/blog\/wp-content\/uploads\/2022\/09\/FA861A7A-2AC2-4E49-850C-DAD9A393D6DD-scaled.jpeg?resize=1152%2C1536&amp;ssl=1 1152w, https:\/\/i1.wp.com\/www.stiftsforum.ch\/blog\/wp-content\/uploads\/2022\/09\/FA861A7A-2AC2-4E49-850C-DAD9A393D6DD-scaled.jpeg?resize=1536%2C2048&amp;ssl=1 1536w, https:\/\/i1.wp.com\/www.stiftsforum.ch\/blog\/wp-content\/uploads\/2022\/09\/FA861A7A-2AC2-4E49-850C-DAD9A393D6DD-scaled.jpeg?w=1920&amp;ssl=1 1920w, https:\/\/i1.wp.com\/www.stiftsforum.ch\/blog\/wp-content\/uploads\/2022\/09\/FA861A7A-2AC2-4E49-850C-DAD9A393D6DD-scaled.jpeg?w=1600 1600w\" sizes=\"(max-width: 768px) 100vw, 768px\" data-recalc-dims=\"1\" \/><\/figure><\/li><li class=\"wp-block-jetpack-slideshow_slide swiper-slide\"><figure><img loading=\"lazy\" width=\"800\" height=\"600\" alt=\"\" class=\"wp-block-jetpack-slideshow_image wp-image-5348\" data-id=\"5348\" src=\"https:\/\/i2.wp.com\/www.stiftsforum.ch\/blog\/wp-content\/uploads\/2022\/09\/1B86BC34-869A-4AAC-ACCE-FBAEB4BC00CD.jpeg?resize=800%2C600\" srcset=\"https:\/\/i0.wp.com\/www.stiftsforum.ch\/blog\/wp-content\/uploads\/2022\/09\/1B86BC34-869A-4AAC-ACCE-FBAEB4BC00CD-scaled.jpeg?resize=1024%2C768&amp;ssl=1 1024w, https:\/\/i0.wp.com\/www.stiftsforum.ch\/blog\/wp-content\/uploads\/2022\/09\/1B86BC34-869A-4AAC-ACCE-FBAEB4BC00CD-scaled.jpeg?resize=300%2C225&amp;ssl=1 300w, https:\/\/i0.wp.com\/www.stiftsforum.ch\/blog\/wp-content\/uploads\/2022\/09\/1B86BC34-869A-4AAC-ACCE-FBAEB4BC00CD-scaled.jpeg?resize=768%2C576&amp;ssl=1 768w, https:\/\/i0.wp.com\/www.stiftsforum.ch\/blog\/wp-content\/uploads\/2022\/09\/1B86BC34-869A-4AAC-ACCE-FBAEB4BC00CD-scaled.jpeg?resize=1536%2C1152&amp;ssl=1 1536w, https:\/\/i0.wp.com\/www.stiftsforum.ch\/blog\/wp-content\/uploads\/2022\/09\/1B86BC34-869A-4AAC-ACCE-FBAEB4BC00CD-scaled.jpeg?resize=2048%2C1536&amp;ssl=1 2048w, https:\/\/i0.wp.com\/www.stiftsforum.ch\/blog\/wp-content\/uploads\/2022\/09\/1B86BC34-869A-4AAC-ACCE-FBAEB4BC00CD-scaled.jpeg?w=1600 1600w, https:\/\/i0.wp.com\/www.stiftsforum.ch\/blog\/wp-content\/uploads\/2022\/09\/1B86BC34-869A-4AAC-ACCE-FBAEB4BC00CD-scaled.jpeg?w=2400 2400w\" sizes=\"(max-width: 800px) 100vw, 800px\" data-recalc-dims=\"1\" \/><\/figure><\/li><\/ul><a class=\"wp-block-jetpack-slideshow_button-prev swiper-button-prev swiper-button-white\" role=\"button\"><\/a><a class=\"wp-block-jetpack-slideshow_button-next swiper-button-next swiper-button-white\" role=\"button\"><\/a><a aria-label=\"Pause Slideshow\" class=\"wp-block-jetpack-slideshow_button-pause\" role=\"button\"><\/a><div class=\"wp-block-jetpack-slideshow_pagination swiper-pagination swiper-pagination-white\"><\/div><\/div><\/div>\n\n\n\n<ul><li>Neue Kursf\u00e4cher<\/li><\/ul>\n\n\n\n<p>Beim vielf\u00e4ltigen Kursfachangebot der Stiftsschule ist auch dieses Jahr wieder f\u00fcr jeden etwas dabei. Darunter ebenfalls ein paar neue Kursf\u00e4cher:<\/p>\n\n\n\n<ul><li>Kartenspiele<\/li><li>Kloster hautnah<\/li><\/ul>\n\n\n\n<p><\/p>\n\n\n\n<ul><li>Neues Format des Jahresberichts<\/li><\/ul>\n\n\n\n<p>Dieses Jahr hat der Jahresbericht ein neues Format bekommen! Vielleicht habt ihr es auch schon bemerkt, als ihr ihn mal durchgebl\u00e4ttert habt?<\/p>\n\n\n\n<p><\/p>\n\n\n\n<ul><li>Neues Absenzenreglement<\/li><\/ul>\n\n\n\n<p>Auch das Absenzenreglement hat sich dieses Jahr ge\u00e4ndert. Neuerdings m\u00fcsst ihr eure Absenzen nicht mehr dem Sekretariat, sondern eurem Klassenlehrer\/eurer Klassenlehrerin mitteilen.<\/p>\n\n\n\n<p>Hier ist der Link zum Download, falls ihr mal etwas nachlesen m\u00fcsst:<\/p>\n\n\n\n<figure class=\"wp-block-embed is-type-rich is-provider-handler-einbetten wp-block-embed-handler-einbetten\"><div class=\"wp-block-embed__wrapper\">\n<object data=\"https:\/\/www.stiftsschule-einsiedeln.ch\/wp-content\/uploads\/Absenzenreglement.pdf\" type=\"application\/pdf\" width=\"100%\" height=\"800\">\n\t\t\t<p><a href=\"https:\/\/www.stiftsschule-einsiedeln.ch\/wp-content\/uploads\/Absenzenreglement.pdf\">Klicke, um auf Absenzenreglement.pdf zuzugreifen<\/a><\/p>\n\t\t<\/object>\n<\/div><\/figure>\n\n\n\n<p><\/p>\n\n\n\n<ul><li>WLAN auf den G\u00e4ngen<\/li><\/ul>\n\n\n\n<p>Nun zu etwas, was f\u00fcr uns alle sehr wichtig ist \u2026 WLAN! Neuerdings gibt es dieses auch in den G\u00e4ngen.<\/p>\n\n\n\n<p><\/p>\n\n\n\n<ul><li>Lift<\/li><\/ul>\n\n\n\n<p>Zum Schluss noch, was euch wahrscheinlich schon aufgefallen ist, der Lift beim Treppenhaus vorne bei der Mensa wurde erneuert!<\/p>\n","protected":false},"excerpt":{"rendered":"<p>von Sophia Br\u00fcllmann und Carla Barahona Wie jedes Jahr gibt es immer wieder Neues an der Stiftsschule. Doch habt ihr<\/p>\n","protected":false},"author":1,"featured_media":5348,"comment_status":"open","ping_status":"closed","sticky":false,"template":"","format":"standard","meta":{"spay_email":"","jetpack_publicize_message":"","jetpack_is_tweetstorm":false},"categories":[3],"tags":[],"jetpack_featured_media_url":"https:\/\/i0.wp.com\/www.stiftsforum.ch\/blog\/wp-content\/uploads\/2022\/09\/1B86BC34-869A-4AAC-ACCE-FBAEB4BC00CD-scaled.jpeg?fit=2560%2C1920&ssl=1","jetpack_publicize_connections":[],"jetpack_sharing_enabled":true,"jetpack_shortlink":"https:\/\/wp.me\/p9nzRF-1oe","jetpack_likes_enabled":true,"jetpack-related-posts":[{"id":5151,"url":"https:\/\/www.stiftsforum.ch\/blog\/?p=5151","url_meta":{"origin":5346,"position":0},"title":"\" Anfangs ist es zwar stressig, doch man gew\u00f6hnt sich daran und schafft es auch.\" - R\u00fcckblick auf das alte Schuljahr","date":"Juni 21, 2022","format":false,"excerpt":"Von Jordi R\u00f6sser 1b und Tobias Nyffeler 1a Es ist bald schon wieder so weit und die neuen 1.Kl\u00e4ssler haben ihren ersten Schultag an der Stiftsschule. F\u00fcr die jetzigen 1.Kl\u00e4ssler ist das nichts Neues. Doch als ich selbst neu an der Schule war, fand ich alles sehr aufregend. Das erste\u2026","rel":"","context":"In &quot;Allgemein&quot;","img":{"alt_text":"","src":"https:\/\/i0.wp.com\/www.stiftsforum.ch\/blog\/wp-content\/uploads\/2022\/06\/Bild_2022-06-21_164826592.png?fit=1200%2C660&ssl=1&resize=350%2C200","width":350,"height":200},"classes":[]},{"id":5433,"url":"https:\/\/www.stiftsforum.ch\/blog\/?p=5433","url_meta":{"origin":5346,"position":1},"title":"\" Einsiedeln ist f\u00fcr mich ein Kraftort\"","date":"Oktober 17, 2022","format":false,"excerpt":"Frau Nardini ist seit diesem Jahr die neue Italienischlehrerin. Um sie besser kennenzulernen haben wir sie interviewt. Ein Beitrag von Nina Ackermann Waren Sie eine gute Sch\u00fclerin? Ich war eine sehr fleissige Sch\u00fclerin. Deutsch und Englisch waren nicht so meine St\u00e4rken, die romanischen Sprachen, wie Franz\u00f6sisch, hingegen schon. In Latein\u2026","rel":"","context":"In &quot;Interview&quot;","img":{"alt_text":"","src":"https:\/\/i2.wp.com\/www.stiftsforum.ch\/blog\/wp-content\/uploads\/2022\/10\/Image.jpeg?fit=663%2C1200&ssl=1&resize=350%2C200","width":350,"height":200},"classes":[]},{"id":1766,"url":"https:\/\/www.stiftsforum.ch\/blog\/?p=1766","url_meta":{"origin":5346,"position":2},"title":"\"Es l\u00e4uft immer etwas!\"","date":"Januar 19, 2018","format":false,"excerpt":"Bernadette Boggia unterrichtet seit letztem Sommer Mathematik und Geografie an der Stiftsschule. Im Interview erz\u00e4hlt sie, warum sie an die Stiftsschule gekommen ist und was sie alles machen m\u00f6chte. Valentin M\u00fcller, 2a K\u00f6nnen Sie sich mit drei W\u00f6rtern beschreiben? (\u00dcberlegt\u2026) Offen gegen\u00fcber anderen, interessiert und organisiert. Sie gingen ja selbst\u2026","rel":"","context":"In &quot;Allgemein&quot;","img":{"alt_text":"","src":"https:\/\/i2.wp.com\/www.stiftsforum.ch\/blog\/wp-content\/uploads\/2018\/01\/IMG_9318-Kopie.jpg?fit=1200%2C800&ssl=1&resize=350%2C200","width":350,"height":200},"classes":[]},{"id":4449,"url":"https:\/\/www.stiftsforum.ch\/blog\/?p=4449","url_meta":{"origin":5346,"position":3},"title":"\"Die Integration der M\u00e4dchen vollzog sich sehr organisch und selbstverst\u00e4ndlich\"","date":"April 27, 2021","format":false,"excerpt":"50 Jahre M\u00e4dchen an der Stiftsschule H\u00e4tte P. Thomas F\u00e4ssler nicht darauf aufmerksam gemacht, w\u00e4re in diesem Schuljahr ein Jubil\u00e4um fast vergessen worden: Seit genau 50 Jahren wird an der Stiftsschule koedukativ unterrichtet. Im Schuljahr 1970\/71 kamen die ersten sieben M\u00e4dchen in die ersten Klassen und eine erstaunlich unscheinbare, aber\u2026","rel":"","context":"In &quot;Allgemein&quot;","img":{"alt_text":"","src":"https:\/\/i0.wp.com\/www.stiftsforum.ch\/blog\/wp-content\/uploads\/2021\/04\/IMG-20210428-WA0000-1.jpg?fit=1200%2C900&ssl=1&resize=350%2C200","width":350,"height":200},"classes":[]},{"id":5028,"url":"https:\/\/www.stiftsforum.ch\/blog\/?p=5028","url_meta":{"origin":5346,"position":4},"title":"Et pervenies - das erste Semester ist geschafft!","date":"Januar 25, 2022","format":false,"excerpt":"von Sophia Br\u00fcllmann, 1c Sporttag, Herbstwandertag, die Einkehrtage im Melchtal f\u00fcr die Erstkl\u00e4ssler. In diesem ersten Semester des Schuljahres 21\/22 ist echt viel gelaufen. Und auch wir, die Schulredaktion, haben fleissig Berichte \u00fcber das Leben an der Stiftsschule geschrieben, Events dokumentiert und Podcasts aufgenommen. Doch bald geht dieses Halbjahr auch\u2026","rel":"","context":"In &quot;Allgemein&quot;","img":{"alt_text":"","src":"https:\/\/i0.wp.com\/www.stiftsforum.ch\/blog\/wp-content\/uploads\/2022\/01\/Titelbild_Et-pervenies-das-erste-Semester-ist-geschafft-scaled.jpg?fit=1200%2C900&ssl=1&resize=350%2C200","width":350,"height":200},"classes":[]},{"id":3817,"url":"https:\/\/www.stiftsforum.ch\/blog\/?p=3817","url_meta":{"origin":5346,"position":5},"title":"Der neue Internatsleiter der Stiftsschule Einsiedeln: Herr Joachim Stahl","date":"November 14, 2019","format":false,"excerpt":"Er versucht, dass im Internat Ordnung und Disziplin herrscht, so wie es sein Nachname beschreibt. Sein Lieblingshilfsmittel sind die Regeln, denen man ohne Widerspruch zu folgen hat. Laut Herrn Eichrodt ist er auch ,,vielf\u00e4ltig wie ein Taschenmesser\u2019\u2019, was seine F\u00fchrerausweise betrifft. Immerhin f\u00e4hrt und lenkt Herr Stahl Strassenbahn, Car, Motorrad,\u2026","rel":"","context":"In &quot;Allgemein&quot;","img":{"alt_text":"","src":"https:\/\/i2.wp.com\/www.stiftsforum.ch\/blog\/wp-content\/uploads\/2019\/11\/Stahl-Ski.jpg?fit=552%2C829&ssl=1&resize=350%2C200","width":350,"height":200},"classes":[]}],"_links":{"self":[{"href":"https:\/\/www.stiftsforum.ch\/blog\/index.php?rest_route=\/wp\/v2\/posts\/5346"}],"collection":[{"href":"https:\/\/www.stiftsforum.ch\/blog\/index.php?rest_route=\/wp\/v2\/posts"}],"about":[{"href":"https:\/\/www.stiftsforum.ch\/blog\/index.php?rest_route=\/wp\/v2\/types\/post"}],"author":[{"embeddable":true,"href":"https:\/\/www.stiftsforum.ch\/blog\/index.php?rest_route=\/wp\/v2\/users\/1"}],"replies":[{"embeddable":true,"href":"https:\/\/www.stiftsforum.ch\/blog\/index.php?rest_route=%2Fwp%2Fv2%2Fcomments&post=5346"}],"version-history":[{"count":1,"href":"https:\/\/www.stiftsforum.ch\/blog\/index.php?rest_route=\/wp\/v2\/posts\/5346\/revisions"}],"predecessor-version":[{"id":5349,"href":"https:\/\/www.stiftsforum.ch\/blog\/index.php?rest_route=\/wp\/v2\/posts\/5346\/revisions\/5349"}],"wp:featuredmedia":[{"embeddable":true,"href":"https:\/\/www.stiftsforum.ch\/blog\/index.php?rest_route=\/wp\/v2\/media\/5348"}],"wp:attachment":[{"href":"https:\/\/www.stiftsforum.ch\/blog\/index.php?rest_route=%2Fwp%2Fv2%2Fmedia&parent=5346"}],"wp:term":[{"taxonomy":"category","embeddable":true,"href":"https:\/\/www.stiftsforum.ch\/blog\/index.php?rest_route=%2Fwp%2Fv2%2Fcategories&post=5346"},{"taxonomy":"post_tag","embeddable":true,"href":"https:\/\/www.stiftsforum.ch\/blog\/index.php?rest_route=%2Fwp%2Fv2%2Ftags&post=5346"}],"curies":[{"name":"wp","href":"https:\/\/api.w.org\/{rel}","templated":true}]}}