{"id":5351,"date":"2022-09-26T16:29:43","date_gmt":"2022-09-26T15:29:43","guid":{"rendered":"http:\/\/www.stiftsforum.ch\/blog\/?p=5351"},"modified":"2022-09-26T16:30:19","modified_gmt":"2022-09-26T15:30:19","slug":"crash-kurs-chinesisch","status":"publish","type":"post","link":"https:\/\/www.stiftsforum.ch\/blog\/?p=5351","title":{"rendered":"Crash-Kurs Chinesisch"},"content":{"rendered":"\n<p><em>von Catherine Bischof, 2a<\/em><\/p>\n\n\n\n<p><strong>Jeder weiss, Chinesisch schreiben und sprechen ist kompliziert. Ich habe aber ein paar Tipps, Fun Facts und vieles mehr f\u00fcr Euch auf Lager.<\/strong><\/p>\n\n\n\n<p>Zuerst zum Sprechen: Im Chinesischem gibt es vier verschiedene Betonungen. Jede Betonung meint ein v\u00f6llig anderes Wort, deshalb muss man bei der Aussprache aufpassen. Wenn man z.b. Brunnen sagen will, k\u00f6nnte man aus Versehen, weil man es falsch betont hat, Mutter, Pferd oder Code sagen. Darauf muss man sehr achten! Aber meistens verstehen andere dich auch, wenn du etwas falsch betont hast.<\/p>\n\n\n\n<p>Xing xang xung; Jeder kennt es, jeder hat es mal gesagt. Aber was bedeutet es? \u00dcbersetzt heisst xing Stern und xang und xung gibt es gar nicht. Aber wenn ihr einen Chinesen\/in trefft, w\u00fcrde ich es nicht gerade empfehlen, diesen Witz zu reissen.<\/p>\n\n\n\n<p>Dann zum Schreiben: Chinesisch ist eine Bildschrift, f\u00fcr W\u00f6rter gibt es Zeichen. Stellt euch vor, Ihr k\u00f6nnt Eurer Familie oder Euren Kollegen sagen, dass ihr ein chinesisches Wort schreiben k\u00f6nntet. W\u00fcrdet Ihr mir glauben, wenn ich euch sagen w\u00fcrde, dass ein Strich ein chinesisches Wort ist? Die Nummer Eins ist ein horizontaler Strich. Die Nummer Zwei sind zwei horizontale Striche, der obere ist k\u00fcrzer als der untere, die Nummer Drei sind drei, der mittlere Strich ist am k\u00fcrzesten und der untere etwas l\u00e4nger als der obere. Leider besteht die Nummer vier nicht aus vier Striche, sondern ist ein bisschen komplizierter. Jetzt k\u00f6nnt ihr schon drei chinesische W\u00f6rter schreiben!<\/p>\n\n\n\n<p>Konjugieren und Deklinieren: der wahre Horror. Zum Gl\u00fcck muss man dies nicht im Chinesischen! Zum Beispiel: sein ist shi (\u662f), ich ist (\u6211) und du ist (\u4f60), ich bin= \u6211\u662fdu bist= \u4f60\u662f. Das Wort \u201esein\u201c ver\u00e4ndert sich nicht, es wird nicht konjugiert. Im Chinesischem wird auch nicht dekliniert, weil es auch keine Geschlechter bei z.b. Objekten gibt. (kein der, die, das).<\/p>\n\n\n\n<p>Ich habe noch viele gute Tipps auf Lager, die spare ich euch aber f\u00fcr ein andermal, vielleicht raucht Euch jetzt ja schon der Kopf?<\/p>\n","protected":false},"excerpt":{"rendered":"<p>von Catherine Bischof, 2a Jeder weiss, Chinesisch schreiben und sprechen ist kompliziert. Ich habe aber ein paar Tipps, Fun Facts<\/p>\n","protected":false},"author":1,"featured_media":5352,"comment_status":"open","ping_status":"closed","sticky":false,"template":"","format":"standard","meta":{"spay_email":"","jetpack_publicize_message":"","jetpack_is_tweetstorm":false},"categories":[3],"tags":[],"jetpack_featured_media_url":"https:\/\/i0.wp.com\/www.stiftsforum.ch\/blog\/wp-content\/uploads\/2022\/09\/chinesisch.jpg?fit=1920%2C1037&ssl=1","jetpack_publicize_connections":[],"jetpack_sharing_enabled":true,"jetpack_shortlink":"https:\/\/wp.me\/p9nzRF-1oj","jetpack_likes_enabled":true,"jetpack-related-posts":[{"id":2660,"url":"https:\/\/www.stiftsforum.ch\/blog\/?p=2660","url_meta":{"origin":5351,"position":0},"title":"Die Stiftsschule feiert in f\u00fcnf Stunden um die Welt","date":"November 16, 2018","format":false,"excerpt":"Von Francesco De Vecchi Im Zug nach W\u00e4denswil herrscht Feststimmung. Burschen und M\u00e4dchen, ein buntes junges Volk, noch die Feierlaune und schon den Schlummer in den Augen, in ausgelassene Gespr\u00e4che und unbeschwertes Treiben vertieft. \u00abEs esch scho mega cool gsi!\u00bb, sagt eine Sch\u00fclerin zu ihrem Nachbarn: Die gesamte Schule habe\u2026","rel":"","context":"In &quot;Kommentar&quot;","img":{"alt_text":"","src":"https:\/\/i2.wp.com\/www.stiftsforum.ch\/blog\/wp-content\/uploads\/2018\/11\/MG_2483.jpg?fit=1200%2C800&ssl=1&resize=350%2C200","width":350,"height":200},"classes":[]},{"id":6683,"url":"https:\/\/www.stiftsforum.ch\/blog\/?p=6683","url_meta":{"origin":5351,"position":1},"title":"Wie entwickelt sich die Region Einsiedeln?","date":"Juni 28, 2024","format":false,"excerpt":"Geo-Vortrag \u00fcber Raumplanung f\u00fcr die 5.Klassen 18.6.2024\/Theatersaal: Karten, Texte, Grundlagenberichte \u2013 das sind die Quellen, die Aufschluss \u00fcber die Schweizer Raumplanung geben, die mittels verschiedener Instrumente entwickelt und meist in einem mehrj\u00e4hrigen Prozess umgesetzt werden. F\u00fcr die 5. Klassen stand zu diesem gesellschaftlich relevanten Thema am 18.6.2024 Raumplaner und Abteilungsleiter\u2026","rel":"","context":"In &quot;Allgemein&quot;","img":{"alt_text":"","src":"https:\/\/i0.wp.com\/www.stiftsforum.ch\/blog\/wp-content\/uploads\/2024\/06\/Foto-Raumplanung.jpg?fit=880%2C568&ssl=1&resize=350%2C200","width":350,"height":200},"classes":[]},{"id":3226,"url":"https:\/\/www.stiftsforum.ch\/blog\/?p=3226","url_meta":{"origin":5351,"position":2},"title":"Serie gesucht?","date":"M\u00e4rz 20, 2019","format":false,"excerpt":"Im nachfolgenden Bericht werden Serien vorgestellt. Der Bericht basiert auf pers\u00f6nlicher Meinung und Wahrnehmung. Wenn du nicht wissen m\u00f6chtest, was in\u00a0 diesen Serien geschieht, dann lies nicht weiter. Die Serien werden NICHT bei Netflix gestreamt!\u00a0\u00a0\u00a0\u00a0\u00a0\u00a0\u00a0\u00a0\u00a0\u00a0\u00a0\u00a0\u00a0\u00a0\u00a0\u00a0\u00a0\u00a0\u00a0\u00a0\u00a0\u00a0 \u00a0\u00a0\u00a0\u00a0\u00a0\u00a0\u00a0\u00a0\u00a0\u00a0\u00a0\u00a0\u00a0\u00a0\u00a0\u00a0\u00a0\u00a0\u00a0\u00a0\u00a0\u00a0\u00a0\u00a0\u00a0\u00a0\u00a0\u00a0\u00a0\u00a0\u00a0\u00a0\u00a0\u00a0\u00a0\u00a0 \u00a0\u00a0\u00a0\u00a0Station 19 \u2013 Seattle-Firefighters \u00a0\u00a0\u00a0\u00a0\u00a0\u00a0\u00a0\u00a0\u00a0\u00a0\u00a0\u00a0\u00a0\u00a0\u00a0\u00a0\u00a0\u00a0\u00a0\u00a0\u00a0\u00a0\u00a0 \u00a0\u00a0\u00a0\u00a0\u00a0\u00a0\u00a0\u00a0\u00a0\u00a0\u00a0\u00a0\u00a0\u00a0\u00a0\u00a0\u00a0\u00a0\u00a0\u00a0\u00a0\u00a0\u00a0\u00a0\u00a0\u00a0\u00a0\u00a0\u00a0\u00a0\u00a0\u00a0\u00a0\u00a0Grey\u2019s Anatomy \u00a0\u00a0\u00a0\u00a0\u00a0\u00a0\u00a0\u00a0\u00a0\u00a0\u00a0\u00a0\u00a0\u00a0\u00a0\u00a0\u00a0\u00a0\u00a0\u00a0\u00a0\u00a0\u00a0\u00a0\u00a0\u00a0\u00a0\u00a0\u00a0\u00a0\u00a0\u00a0\u00a0\u00a0\u00a0\u00a0\u00a0\u00a0\u00a0\u00a0\u00a0\u00a0\u00a0\u00a0\u00a0\u00a0\u00a0\u00a0\u00a0\u00a0\u00a0\u00a0\u00a0\u00a0\u00a0\u00a0 Hawaii Five-0 \u00a0\u00a0\u00a0\u00a0\u00a0\u00a0\u00a0\u00a0\u00a0\u00a0\u00a0\u00a0\u00a0\u00a0\u00a0\u00a0\u00a0\u00a0\u00a0\u00a0\u00a0\u00a0\u00a0\u00a0\u00a0\u00a0\u00a0\u00a0\u00a0\u00a0\u00a0\u00a0\u00a0\u00a0\u00a0\u00a0\u00a0\u00a0\u00a0\u00a0\u00a0\u00a0\u00a0\u00a0\u00a0\u00a0\u00a0\u00a0\u00a0\u00a0\u00a0\u00a0\u00a0\u00a0\u00a0\u00a0 Rizzoli and Isles\u2026","rel":"","context":"In &quot;Allgemein&quot;","img":{"alt_text":"","src":"https:\/\/i2.wp.com\/www.stiftsforum.ch\/blog\/wp-content\/uploads\/2019\/03\/greys-anatomy-memes-long-live-grey-s-5b1ed102fa6bcc0036c4d53b.jpg?fit=768%2C513&ssl=1&resize=350%2C200","width":350,"height":200},"classes":[]},{"id":6005,"url":"https:\/\/www.stiftsforum.ch\/blog\/?p=6005","url_meta":{"origin":5351,"position":3},"title":"Die Wichtigkeit der Vaterfigur","date":"Januar 9, 2023","format":false,"excerpt":"von Elisabeth Steuerwald, 6c Eine M\u00e4nnerfigur, mit der jeder mindestens einmal im Leben \"konfrontiert\" wurde, ist der eigene Vater. Jeder hat einen und jedem ist das Wort \"Vaters\" ein Begriff. Es ist jedoch zwischen dem biologischen und dem \"seelischen\" Begriff des Vaters zu unterscheiden, denn nicht f\u00fcr jeden ist der\u2026","rel":"","context":"In &quot;Allgemein&quot;","img":{"alt_text":"","src":"https:\/\/i1.wp.com\/www.stiftsforum.ch\/blog\/wp-content\/uploads\/2023\/01\/dad-g11e0cb3cd_1920.jpg?fit=1200%2C664&ssl=1&resize=350%2C200","width":350,"height":200},"classes":[]},{"id":4182,"url":"https:\/\/www.stiftsforum.ch\/blog\/?p=4182","url_meta":{"origin":5351,"position":4},"title":"Auch \u00fcber die Tr\u00e4nen","date":"Januar 26, 2021","format":false,"excerpt":"von Abaris Schild Der Barock war nicht nur das Zeitalter des pr\u00e4chtigen Herrscherkults und der opulentenPal\u00e4ste. Es schwang auch eine tiefe Religiosit\u00e4t mit, welche durch die manchmal adabsurdum gef\u00fchrte Verherrlichung der Verg\u00e4nglichkeit und des Todes, aber auch des \u00abCarpediem\u00bb unterstrichen wurde. Der Katholizismus lebte wieder auf. Von Greiffenbergs Gedicht \u00abAuch\u2026","rel":"","context":"In &quot;Allgemein&quot;","img":{"alt_text":"","src":"https:\/\/i1.wp.com\/www.stiftsforum.ch\/blog\/wp-content\/uploads\/2021\/01\/fitting-2930485_960_720.jpg?fit=960%2C720&ssl=1&resize=350%2C200","width":350,"height":200},"classes":[]},{"id":6715,"url":"https:\/\/www.stiftsforum.ch\/blog\/?p=6715","url_meta":{"origin":5351,"position":5},"title":"Die Besonderheit des Verbs \u03b5\u1f36\u03bd\u03b1\u03b9\/esse\/sein","date":"Oktober 1, 2024","format":false,"excerpt":"Basierend auf einem Akzent kann das Verb sein in der 3.sg. er\/sie\/es ist auch Existenz ausdr\u00fccken (akzentuiertes \u1f14\u03c3\u03c4\u03b9 = es gibt). Das ist allerdings selten der Fall. Meist will man doch keine Existenz behaupten, sondern beschreiben wer oder was oder wie etwas ist. Ohne Akzent (enklitisches \u1f10\u03c3\u03c4\u03b9 oder gegebenenfalls endbetontes\u2026","rel":"","context":"In &quot;Anthologie aus dem Griechischunterricht&quot;","img":{"alt_text":"","src":"","width":0,"height":0},"classes":[]}],"_links":{"self":[{"href":"https:\/\/www.stiftsforum.ch\/blog\/index.php?rest_route=\/wp\/v2\/posts\/5351"}],"collection":[{"href":"https:\/\/www.stiftsforum.ch\/blog\/index.php?rest_route=\/wp\/v2\/posts"}],"about":[{"href":"https:\/\/www.stiftsforum.ch\/blog\/index.php?rest_route=\/wp\/v2\/types\/post"}],"author":[{"embeddable":true,"href":"https:\/\/www.stiftsforum.ch\/blog\/index.php?rest_route=\/wp\/v2\/users\/1"}],"replies":[{"embeddable":true,"href":"https:\/\/www.stiftsforum.ch\/blog\/index.php?rest_route=%2Fwp%2Fv2%2Fcomments&post=5351"}],"version-history":[{"count":1,"href":"https:\/\/www.stiftsforum.ch\/blog\/index.php?rest_route=\/wp\/v2\/posts\/5351\/revisions"}],"predecessor-version":[{"id":5353,"href":"https:\/\/www.stiftsforum.ch\/blog\/index.php?rest_route=\/wp\/v2\/posts\/5351\/revisions\/5353"}],"wp:featuredmedia":[{"embeddable":true,"href":"https:\/\/www.stiftsforum.ch\/blog\/index.php?rest_route=\/wp\/v2\/media\/5352"}],"wp:attachment":[{"href":"https:\/\/www.stiftsforum.ch\/blog\/index.php?rest_route=%2Fwp%2Fv2%2Fmedia&parent=5351"}],"wp:term":[{"taxonomy":"category","embeddable":true,"href":"https:\/\/www.stiftsforum.ch\/blog\/index.php?rest_route=%2Fwp%2Fv2%2Fcategories&post=5351"},{"taxonomy":"post_tag","embeddable":true,"href":"https:\/\/www.stiftsforum.ch\/blog\/index.php?rest_route=%2Fwp%2Fv2%2Ftags&post=5351"}],"curies":[{"name":"wp","href":"https:\/\/api.w.org\/{rel}","templated":true}]}}