{"id":5587,"date":"2022-11-01T18:03:06","date_gmt":"2022-11-01T17:03:06","guid":{"rendered":"http:\/\/www.stiftsforum.ch\/blog\/?p=5587"},"modified":"2022-11-01T20:04:14","modified_gmt":"2022-11-01T19:04:14","slug":"auf-der-suche-nach-sich-selbst","status":"publish","type":"post","link":"https:\/\/www.stiftsforum.ch\/blog\/?p=5587","title":{"rendered":"Auf der Suche nach sich selbst"},"content":{"rendered":"\n<p><strong>Edouard Louis neuer Roman \u201eAnleitung ein anderer zu werden\u201c<\/strong><\/p>\n\n\n\n<p>Man w\u00fcrde ihn am liebsten tr\u00f6sten, ihm sagen, er solle sich nicht so einen Druck machen, ein \u201eanderer zu werden\u201c, sich nicht so vom Blendwerk b\u00fcrgerlicher Regeln beeindrucken lassen, das vielleicht in einem bestimmten Milieu gilt, aber keinerlei Allgemeing\u00fcltigkeit beanspruchen kann, &nbsp;an sich selbst glauben, an seine grunds\u00e4tzliche menschliche W\u00fcrde und seine vielen Talente, doch der junge Protagonist in Edouard Louis` neuem Roman treibt sich st\u00e4ndig vorw\u00e4rts, peitscht sich an, erlebt Erfolge und Niederlagen und blickt stets \u00fcberkritisch auf sich selbst. Ein komplexer Charakter k\u00f6nnte man sagen, aber vielmehr ein komplexer Mensch, schreibt Edouard Louis doch \u00fcber niemand anderen als \u00fcber sich selbst.<\/p>\n\n\n\n<p>Der heute 30-j\u00e4hrige franz\u00f6sische Autor hat sein eigenes Leben zum Gegenstand seines Schreibens gemacht. Gemeinsam mit dem Soziologen Didier Eribon und der diesj\u00e4hrigen Nobelpreistr\u00e4gerin Annie Ernaux begr\u00fcndete er einen autobiographischen, selbstreflexiven Schreibstil, mit dem er um nichts anderes ringt, als eine koh\u00e4rente Geschichte seines Lebens zu schreiben. Warum ihm das so schwer f\u00e4llt, h\u00e4ngt wohl auch tats\u00e4chlich mit der Umgebung seiner Kindheit zusammen, einem nordfranz\u00f6sischen Dorf, in dem er ein sensibler Aussenseiter ist, in einer Familie, in der traditionelle M\u00e4nnerbilder ihn verunsichern, einem Umfeld also, in dem er seine Pers\u00f6nlichkeit nicht ungehindert entwickeln kann, sondern stets im Aussen bleiben muss, in der Selbstbeobachtung, statt im selbstverst\u00e4ndlichen Entdecken und Wertsch\u00e4tzen seiner verschiedenen Pers\u00f6nlichkeitsz\u00fcge.<\/p>\n\n\n\n<p>Im neuen Roman schildert er nun eindr\u00fccklich die Geschichte seiner Jugend, die Begegnung mit Elena, die er liebt, aber nicht begehrt, mit Didier Eribon, der in einem Vortrag auch seine Geschichte erz\u00e4hlt und der zu einem v\u00e4terlichen Freund und F\u00f6rderer wird, seine Begegnungen mit warmherzigen Frauen in Bibliotheken und Theatern, die bereits erkannten, dass er es sicher schaffen w\u00fcrde. Als Leser\/In fiebert man mit, freut sich an seinen Erfolgen, etwa der Ver\u00f6ffentlichung seines ersten Buches als gerade mal 22j\u00e4hriger, mit dem er \u00fcber Frankreich hinaus bekannt wird, man nimmt Anteil an seinen ber\u00fchrenden Freundschaften mit Didier Eribon und Geoffroy Lasgasnerie, man schluckt aber auch angesichts seiner Entt\u00e4uschungen, seiner tiefsitzenden Existenz\u00e4ngste, seiner \u00fcberst\u00fcrzten Handlungen, die ihn manchmal an den Rand des Abgrunds bringen. Louis wirft sich regelrecht ins Leben hinein, exponiert sich und tut meist auch gut daran. Dass er sich am Ende aber auch nichts mehr als Ruhe w\u00fcnscht, ein Ankommen, vielleicht sogar eine R\u00fcckkehr in die vertraute Welt seiner Kindheit, ist ebenso gut nachvollziehbar. Am Ende k\u00f6nnte seine Anleitung, ein \u201e<em>anderer <\/em>zu werden\u201c, also letztlich auch eine Anleitung sein, er\/man <em>selbst<\/em> zu sein.  Sein literarisches Schaffen weiter mitzuverfolgen, k\u00f6nnte spannend werden. <\/p>\n","protected":false},"excerpt":{"rendered":"<p>Edouard Louis neuer Roman \u201eAnleitung ein anderer zu werden\u201c Man w\u00fcrde ihn am liebsten tr\u00f6sten, ihm sagen, er solle sich<\/p>\n","protected":false},"author":9,"featured_media":5588,"comment_status":"open","ping_status":"closed","sticky":false,"template":"","format":"standard","meta":{"spay_email":"","jetpack_publicize_message":"","jetpack_is_tweetstorm":false},"categories":[5],"tags":[],"jetpack_featured_media_url":"https:\/\/i2.wp.com\/www.stiftsforum.ch\/blog\/wp-content\/uploads\/2022\/11\/20221101_150634-scaled.jpg?fit=2560%2C1920&ssl=1","jetpack_publicize_connections":[],"jetpack_sharing_enabled":true,"jetpack_shortlink":"https:\/\/wp.me\/p9nzRF-1s7","jetpack_likes_enabled":true,"jetpack-related-posts":[{"id":4498,"url":"https:\/\/www.stiftsforum.ch\/blog\/?p=4498","url_meta":{"origin":5587,"position":0},"title":"\"Die Mohrin\" von Lukas Hartmann","date":"Juni 22, 2021","format":false,"excerpt":"Ein Roman, der in Zusammenhang mit der aktuellen Rassismus-Debatte vielleicht wieder neu entdeckt werden k\u00f6nnte, ist Lukas Hartmanns \"Die Mohrin\". Eine Interpretation hinsichtlich der Figur des Vikars von Emilia Langenauer (2a) Der Vikar Der Vikar ist eine der wichtigsten Figuren in Lukas Hartmanns Roman \u201eDie Mohrin\u201c. Nicht nur hilft er\u2026","rel":"","context":"In &quot;Allgemein&quot;","img":{"alt_text":"","src":"https:\/\/i0.wp.com\/www.stiftsforum.ch\/blog\/wp-content\/uploads\/2021\/06\/1.jpeg?fit=378%2C600&ssl=1&resize=350%2C200","width":350,"height":200},"classes":[]},{"id":4831,"url":"https:\/\/www.stiftsforum.ch\/blog\/?p=4831","url_meta":{"origin":5587,"position":1},"title":"Was ist das, was Ihr wollt?","date":"November 23, 2021","format":false,"excerpt":"Arno Camenisch besuchte die Stiftsschule und sprach mit den Sch\u00fclerinnen und Sch\u00fclern \u00fcber Literatur und die grossen Fragen des Lebens. (22.11.2021) Die Idee stammt urspr\u00fcnglich von Abt Urban. Er hatte Arno Camenisch bei einer gemeinsamen Fernsehsendung kennengelernt und so die Anregung in die Stiftsschule gebracht: Diesen Schweizer Autor m\u00fcsste man\u2026","rel":"","context":"In &quot;Schulanl\u00e4sse&quot;","img":{"alt_text":"","src":"https:\/\/i0.wp.com\/www.stiftsforum.ch\/blog\/wp-content\/uploads\/2021\/11\/camenisch-2.jpg?fit=1200%2C1200&ssl=1&resize=350%2C200","width":350,"height":200},"classes":[]},{"id":6005,"url":"https:\/\/www.stiftsforum.ch\/blog\/?p=6005","url_meta":{"origin":5587,"position":2},"title":"Die Wichtigkeit der Vaterfigur","date":"Januar 9, 2023","format":false,"excerpt":"von Elisabeth Steuerwald, 6c Eine M\u00e4nnerfigur, mit der jeder mindestens einmal im Leben \"konfrontiert\" wurde, ist der eigene Vater. Jeder hat einen und jedem ist das Wort \"Vaters\" ein Begriff. Es ist jedoch zwischen dem biologischen und dem \"seelischen\" Begriff des Vaters zu unterscheiden, denn nicht f\u00fcr jeden ist der\u2026","rel":"","context":"In &quot;Allgemein&quot;","img":{"alt_text":"","src":"https:\/\/i1.wp.com\/www.stiftsforum.ch\/blog\/wp-content\/uploads\/2023\/01\/dad-g11e0cb3cd_1920.jpg?fit=1200%2C664&ssl=1&resize=350%2C200","width":350,"height":200},"classes":[]},{"id":5811,"url":"https:\/\/www.stiftsforum.ch\/blog\/?p=5811","url_meta":{"origin":5587,"position":3},"title":"Philosophieolympiade 2022 - Cosima Hoppe (4a) im Halbfinale","date":"Dezember 13, 2022","format":false,"excerpt":"Es ist legitim anzunehmen, dass ein [politischer] Kandidat, der unsere Identit\u00e4t teilt, die soziale Position versteht, die wir einnehmen, den Widerstand, auf den wir stossen, und wie hartn\u00e4ckig dieser Widerstand ist.\" - Linda Alcoff, Why Do Social Identities Matter? Das Verst\u00e4ndnis zweier \u00e4hnlicher Identit\u00e4ten\u00a0\u00a0 von Cosima Hoppe Was ist Identit\u00e4t?\u2026","rel":"","context":"In &quot;Allgemein&quot;","img":{"alt_text":"","src":"","width":0,"height":0},"classes":[]},{"id":3170,"url":"https:\/\/www.stiftsforum.ch\/blog\/?p=3170","url_meta":{"origin":5587,"position":4},"title":"\"Die Geschichte ist sehr ernst zu nehmen\"","date":"M\u00e4rz 14, 2019","format":false,"excerpt":"Zu Gudrun Pausewangs Jugendroman \"Reise im August\". Der Titel mag unscheinbar und nach sommerlicher Idylle klingen, doch dieser Jugendroman von Gudrun Pausewang zeigt knallhart die Realit\u00e4t des Nationalsozialismus auf. Eingepfercht in einen Viehwaggon werden j\u00fcdische Familien ins Konzentrationslager Auschwitz deportiert, unter ihnen die 11j\u00e4hrige Alice, die nach jahrelangem Versteck in\u2026","rel":"","context":"In &quot;Buchkritik&quot;","img":{"alt_text":"","src":"https:\/\/i0.wp.com\/www.stiftsforum.ch\/blog\/wp-content\/uploads\/2019\/03\/1-3.jpg?fit=341%2C499&ssl=1&resize=350%2C200","width":350,"height":200},"classes":[]},{"id":4827,"url":"https:\/\/www.stiftsforum.ch\/blog\/?p=4827","url_meta":{"origin":5587,"position":5},"title":"Justizinitiative - Demokratiegewinn durch Losverfahren?","date":"November 23, 2021","format":false,"excerpt":"von Noah Camenzind (6c) Bei den R\u00f6mern hiess es noch \"alea iacta est.\" Heute w\u00fcrde dies der gefallene Hammer im Gerichtssaal symbolisieren: Die W\u00fcrfel sind gefallen. Bei der kommenden Volksabstimmung am 29. November wird es nun um die Personen gehen, welche in Zukunft am Bundesgericht diesen Hammer schwingen d\u00fcrfen. Denn\u2026","rel":"","context":"In &quot;Allgemein&quot;","img":{"alt_text":"","src":"https:\/\/i2.wp.com\/www.stiftsforum.ch\/blog\/wp-content\/uploads\/2021\/11\/hammer-gcf3231e24_1920.jpg?fit=1200%2C900&ssl=1&resize=350%2C200","width":350,"height":200},"classes":[]}],"_links":{"self":[{"href":"https:\/\/www.stiftsforum.ch\/blog\/index.php?rest_route=\/wp\/v2\/posts\/5587"}],"collection":[{"href":"https:\/\/www.stiftsforum.ch\/blog\/index.php?rest_route=\/wp\/v2\/posts"}],"about":[{"href":"https:\/\/www.stiftsforum.ch\/blog\/index.php?rest_route=\/wp\/v2\/types\/post"}],"author":[{"embeddable":true,"href":"https:\/\/www.stiftsforum.ch\/blog\/index.php?rest_route=\/wp\/v2\/users\/9"}],"replies":[{"embeddable":true,"href":"https:\/\/www.stiftsforum.ch\/blog\/index.php?rest_route=%2Fwp%2Fv2%2Fcomments&post=5587"}],"version-history":[{"count":3,"href":"https:\/\/www.stiftsforum.ch\/blog\/index.php?rest_route=\/wp\/v2\/posts\/5587\/revisions"}],"predecessor-version":[{"id":5591,"href":"https:\/\/www.stiftsforum.ch\/blog\/index.php?rest_route=\/wp\/v2\/posts\/5587\/revisions\/5591"}],"wp:featuredmedia":[{"embeddable":true,"href":"https:\/\/www.stiftsforum.ch\/blog\/index.php?rest_route=\/wp\/v2\/media\/5588"}],"wp:attachment":[{"href":"https:\/\/www.stiftsforum.ch\/blog\/index.php?rest_route=%2Fwp%2Fv2%2Fmedia&parent=5587"}],"wp:term":[{"taxonomy":"category","embeddable":true,"href":"https:\/\/www.stiftsforum.ch\/blog\/index.php?rest_route=%2Fwp%2Fv2%2Fcategories&post=5587"},{"taxonomy":"post_tag","embeddable":true,"href":"https:\/\/www.stiftsforum.ch\/blog\/index.php?rest_route=%2Fwp%2Fv2%2Ftags&post=5587"}],"curies":[{"name":"wp","href":"https:\/\/api.w.org\/{rel}","templated":true}]}}