{"id":5641,"date":"2022-11-09T15:19:03","date_gmt":"2022-11-09T14:19:03","guid":{"rendered":"http:\/\/www.stiftsforum.ch\/blog\/?p=5641"},"modified":"2022-11-21T10:11:15","modified_gmt":"2022-11-21T09:11:15","slug":"muenchen-dachau","status":"publish","type":"post","link":"https:\/\/www.stiftsforum.ch\/blog\/?p=5641","title":{"rendered":"M\u00fcnchen-Dachau"},"content":{"rendered":"\n<p><strong>Exkursion aller sechsten Klassen<\/strong><\/p>\n\n\n\n<p><em>von Maria Arnold<\/em><\/p>\n\n\n\n<div class=\"wp-block-jetpack-slideshow aligncenter\" data-effect=\"slide\"><div class=\"wp-block-jetpack-slideshow_container swiper-container\"><ul class=\"wp-block-jetpack-slideshow_swiper-wrapper swiper-wrapper\"><li class=\"wp-block-jetpack-slideshow_slide swiper-slide\"><figure><img loading=\"lazy\" width=\"800\" height=\"600\" alt=\"\" class=\"wp-block-jetpack-slideshow_image wp-image-5598\" data-id=\"5598\" src=\"https:\/\/i0.wp.com\/www.stiftsforum.ch\/blog\/wp-content\/uploads\/2022\/11\/20221103_151714_resized.jpg?resize=800%2C600\" srcset=\"https:\/\/i0.wp.com\/www.stiftsforum.ch\/blog\/wp-content\/uploads\/2022\/11\/20221103_151714_resized.jpg?resize=1024%2C768&amp;ssl=1 1024w, https:\/\/i0.wp.com\/www.stiftsforum.ch\/blog\/wp-content\/uploads\/2022\/11\/20221103_151714_resized.jpg?resize=300%2C225&amp;ssl=1 300w, https:\/\/i0.wp.com\/www.stiftsforum.ch\/blog\/wp-content\/uploads\/2022\/11\/20221103_151714_resized.jpg?resize=768%2C576&amp;ssl=1 768w, https:\/\/i0.wp.com\/www.stiftsforum.ch\/blog\/wp-content\/uploads\/2022\/11\/20221103_151714_resized.jpg?w=1156&amp;ssl=1 1156w\" sizes=\"(max-width: 800px) 100vw, 800px\" data-recalc-dims=\"1\" \/><\/figure><\/li><li class=\"wp-block-jetpack-slideshow_slide swiper-slide\"><figure><img loading=\"lazy\" width=\"800\" height=\"600\" alt=\"\" class=\"wp-block-jetpack-slideshow_image wp-image-5599\" data-id=\"5599\" src=\"https:\/\/i2.wp.com\/www.stiftsforum.ch\/blog\/wp-content\/uploads\/2022\/11\/20221103_145751_resized.jpg?resize=800%2C600\" srcset=\"https:\/\/i2.wp.com\/www.stiftsforum.ch\/blog\/wp-content\/uploads\/2022\/11\/20221103_145751_resized.jpg?resize=1024%2C768&amp;ssl=1 1024w, https:\/\/i2.wp.com\/www.stiftsforum.ch\/blog\/wp-content\/uploads\/2022\/11\/20221103_145751_resized.jpg?resize=300%2C225&amp;ssl=1 300w, https:\/\/i2.wp.com\/www.stiftsforum.ch\/blog\/wp-content\/uploads\/2022\/11\/20221103_145751_resized.jpg?resize=768%2C576&amp;ssl=1 768w, https:\/\/i2.wp.com\/www.stiftsforum.ch\/blog\/wp-content\/uploads\/2022\/11\/20221103_145751_resized.jpg?w=1156&amp;ssl=1 1156w\" sizes=\"(max-width: 800px) 100vw, 800px\" data-recalc-dims=\"1\" \/><\/figure><\/li><li class=\"wp-block-jetpack-slideshow_slide swiper-slide\"><figure><img loading=\"lazy\" width=\"800\" height=\"600\" alt=\"\" class=\"wp-block-jetpack-slideshow_image wp-image-5600\" data-id=\"5600\" src=\"https:\/\/i1.wp.com\/www.stiftsforum.ch\/blog\/wp-content\/uploads\/2022\/11\/20221103_150855_resized.jpg?resize=800%2C600\" srcset=\"https:\/\/i1.wp.com\/www.stiftsforum.ch\/blog\/wp-content\/uploads\/2022\/11\/20221103_150855_resized.jpg?resize=1024%2C768&amp;ssl=1 1024w, https:\/\/i1.wp.com\/www.stiftsforum.ch\/blog\/wp-content\/uploads\/2022\/11\/20221103_150855_resized.jpg?resize=300%2C225&amp;ssl=1 300w, https:\/\/i1.wp.com\/www.stiftsforum.ch\/blog\/wp-content\/uploads\/2022\/11\/20221103_150855_resized.jpg?resize=768%2C576&amp;ssl=1 768w, https:\/\/i1.wp.com\/www.stiftsforum.ch\/blog\/wp-content\/uploads\/2022\/11\/20221103_150855_resized.jpg?w=1156&amp;ssl=1 1156w\" sizes=\"(max-width: 800px) 100vw, 800px\" data-recalc-dims=\"1\" \/><\/figure><\/li><li class=\"wp-block-jetpack-slideshow_slide swiper-slide\"><figure><img loading=\"lazy\" width=\"800\" height=\"600\" alt=\"\" class=\"wp-block-jetpack-slideshow_image wp-image-5601\" data-id=\"5601\" src=\"https:\/\/i2.wp.com\/www.stiftsforum.ch\/blog\/wp-content\/uploads\/2022\/11\/20221103_151717_resized.jpg?resize=800%2C600\" srcset=\"https:\/\/i2.wp.com\/www.stiftsforum.ch\/blog\/wp-content\/uploads\/2022\/11\/20221103_151717_resized.jpg?resize=1024%2C768&amp;ssl=1 1024w, https:\/\/i2.wp.com\/www.stiftsforum.ch\/blog\/wp-content\/uploads\/2022\/11\/20221103_151717_resized.jpg?resize=300%2C225&amp;ssl=1 300w, https:\/\/i2.wp.com\/www.stiftsforum.ch\/blog\/wp-content\/uploads\/2022\/11\/20221103_151717_resized.jpg?resize=768%2C576&amp;ssl=1 768w, https:\/\/i2.wp.com\/www.stiftsforum.ch\/blog\/wp-content\/uploads\/2022\/11\/20221103_151717_resized.jpg?w=1156&amp;ssl=1 1156w\" sizes=\"(max-width: 800px) 100vw, 800px\" data-recalc-dims=\"1\" \/><\/figure><\/li><li class=\"wp-block-jetpack-slideshow_slide swiper-slide\"><figure><img loading=\"lazy\" width=\"800\" height=\"600\" alt=\"\" class=\"wp-block-jetpack-slideshow_image wp-image-5602\" data-id=\"5602\" src=\"https:\/\/i1.wp.com\/www.stiftsforum.ch\/blog\/wp-content\/uploads\/2022\/11\/20221103_153209_resized.jpg?resize=800%2C600\" srcset=\"https:\/\/i1.wp.com\/www.stiftsforum.ch\/blog\/wp-content\/uploads\/2022\/11\/20221103_153209_resized.jpg?resize=1024%2C768&amp;ssl=1 1024w, https:\/\/i1.wp.com\/www.stiftsforum.ch\/blog\/wp-content\/uploads\/2022\/11\/20221103_153209_resized.jpg?resize=300%2C225&amp;ssl=1 300w, https:\/\/i1.wp.com\/www.stiftsforum.ch\/blog\/wp-content\/uploads\/2022\/11\/20221103_153209_resized.jpg?resize=768%2C576&amp;ssl=1 768w, https:\/\/i1.wp.com\/www.stiftsforum.ch\/blog\/wp-content\/uploads\/2022\/11\/20221103_153209_resized.jpg?w=1156&amp;ssl=1 1156w\" sizes=\"(max-width: 800px) 100vw, 800px\" data-recalc-dims=\"1\" \/><\/figure><\/li><li class=\"wp-block-jetpack-slideshow_slide swiper-slide\"><figure><img loading=\"lazy\" width=\"764\" height=\"1024\" alt=\"\" class=\"wp-block-jetpack-slideshow_image wp-image-5646\" data-id=\"5646\" src=\"https:\/\/i1.wp.com\/www.stiftsforum.ch\/blog\/wp-content\/uploads\/2022\/11\/Image.jpeg-1.jpg?resize=764%2C1024\" srcset=\"https:\/\/i0.wp.com\/www.stiftsforum.ch\/blog\/wp-content\/uploads\/2022\/11\/Image.jpeg-1-scaled.jpg?resize=764%2C1024&amp;ssl=1 764w, https:\/\/i0.wp.com\/www.stiftsforum.ch\/blog\/wp-content\/uploads\/2022\/11\/Image.jpeg-1-scaled.jpg?resize=224%2C300&amp;ssl=1 224w, https:\/\/i0.wp.com\/www.stiftsforum.ch\/blog\/wp-content\/uploads\/2022\/11\/Image.jpeg-1-scaled.jpg?resize=768%2C1029&amp;ssl=1 768w, https:\/\/i0.wp.com\/www.stiftsforum.ch\/blog\/wp-content\/uploads\/2022\/11\/Image.jpeg-1-scaled.jpg?resize=1147%2C1536&amp;ssl=1 1147w, https:\/\/i0.wp.com\/www.stiftsforum.ch\/blog\/wp-content\/uploads\/2022\/11\/Image.jpeg-1-scaled.jpg?resize=1529%2C2048&amp;ssl=1 1529w, https:\/\/i0.wp.com\/www.stiftsforum.ch\/blog\/wp-content\/uploads\/2022\/11\/Image.jpeg-1-scaled.jpg?w=1911&amp;ssl=1 1911w, https:\/\/i0.wp.com\/www.stiftsforum.ch\/blog\/wp-content\/uploads\/2022\/11\/Image.jpeg-1-scaled.jpg?w=1600 1600w\" sizes=\"(max-width: 764px) 100vw, 764px\" data-recalc-dims=\"1\" \/><\/figure><\/li><li class=\"wp-block-jetpack-slideshow_slide swiper-slide\"><figure><img loading=\"lazy\" width=\"800\" height=\"600\" alt=\"\" class=\"wp-block-jetpack-slideshow_image wp-image-5603\" data-id=\"5603\" src=\"https:\/\/i0.wp.com\/www.stiftsforum.ch\/blog\/wp-content\/uploads\/2022\/11\/20221103_200115_resized.jpg?resize=800%2C600\" srcset=\"https:\/\/i0.wp.com\/www.stiftsforum.ch\/blog\/wp-content\/uploads\/2022\/11\/20221103_200115_resized.jpg?resize=1024%2C768&amp;ssl=1 1024w, https:\/\/i0.wp.com\/www.stiftsforum.ch\/blog\/wp-content\/uploads\/2022\/11\/20221103_200115_resized.jpg?resize=300%2C225&amp;ssl=1 300w, https:\/\/i0.wp.com\/www.stiftsforum.ch\/blog\/wp-content\/uploads\/2022\/11\/20221103_200115_resized.jpg?resize=768%2C576&amp;ssl=1 768w, https:\/\/i0.wp.com\/www.stiftsforum.ch\/blog\/wp-content\/uploads\/2022\/11\/20221103_200115_resized.jpg?w=1156&amp;ssl=1 1156w\" sizes=\"(max-width: 800px) 100vw, 800px\" data-recalc-dims=\"1\" \/><\/figure><\/li><li class=\"wp-block-jetpack-slideshow_slide swiper-slide\"><figure><img loading=\"lazy\" width=\"800\" height=\"600\" alt=\"\" class=\"wp-block-jetpack-slideshow_image wp-image-5604\" data-id=\"5604\" src=\"https:\/\/i2.wp.com\/www.stiftsforum.ch\/blog\/wp-content\/uploads\/2022\/11\/20221104_094135_resized.jpg?resize=800%2C600\" srcset=\"https:\/\/i2.wp.com\/www.stiftsforum.ch\/blog\/wp-content\/uploads\/2022\/11\/20221104_094135_resized.jpg?resize=1024%2C768&amp;ssl=1 1024w, https:\/\/i2.wp.com\/www.stiftsforum.ch\/blog\/wp-content\/uploads\/2022\/11\/20221104_094135_resized.jpg?resize=300%2C225&amp;ssl=1 300w, https:\/\/i2.wp.com\/www.stiftsforum.ch\/blog\/wp-content\/uploads\/2022\/11\/20221104_094135_resized.jpg?resize=768%2C576&amp;ssl=1 768w, https:\/\/i2.wp.com\/www.stiftsforum.ch\/blog\/wp-content\/uploads\/2022\/11\/20221104_094135_resized.jpg?w=1156&amp;ssl=1 1156w\" sizes=\"(max-width: 800px) 100vw, 800px\" data-recalc-dims=\"1\" \/><\/figure><\/li><li class=\"wp-block-jetpack-slideshow_slide swiper-slide\"><figure><img loading=\"lazy\" width=\"800\" height=\"600\" alt=\"\" class=\"wp-block-jetpack-slideshow_image wp-image-5605\" data-id=\"5605\" src=\"https:\/\/i1.wp.com\/www.stiftsforum.ch\/blog\/wp-content\/uploads\/2022\/11\/20221104_094129_resized.jpg?resize=800%2C600\" srcset=\"https:\/\/i1.wp.com\/www.stiftsforum.ch\/blog\/wp-content\/uploads\/2022\/11\/20221104_094129_resized.jpg?resize=1024%2C768&amp;ssl=1 1024w, https:\/\/i1.wp.com\/www.stiftsforum.ch\/blog\/wp-content\/uploads\/2022\/11\/20221104_094129_resized.jpg?resize=300%2C225&amp;ssl=1 300w, https:\/\/i1.wp.com\/www.stiftsforum.ch\/blog\/wp-content\/uploads\/2022\/11\/20221104_094129_resized.jpg?resize=768%2C576&amp;ssl=1 768w, https:\/\/i1.wp.com\/www.stiftsforum.ch\/blog\/wp-content\/uploads\/2022\/11\/20221104_094129_resized.jpg?w=1156&amp;ssl=1 1156w\" sizes=\"(max-width: 800px) 100vw, 800px\" data-recalc-dims=\"1\" \/><\/figure><\/li><li class=\"wp-block-jetpack-slideshow_slide swiper-slide\"><figure><img loading=\"lazy\" width=\"800\" height=\"600\" alt=\"\" class=\"wp-block-jetpack-slideshow_image wp-image-5606\" data-id=\"5606\" src=\"https:\/\/i2.wp.com\/www.stiftsforum.ch\/blog\/wp-content\/uploads\/2022\/11\/20221104_094505_resized.jpg?resize=800%2C600\" srcset=\"https:\/\/i2.wp.com\/www.stiftsforum.ch\/blog\/wp-content\/uploads\/2022\/11\/20221104_094505_resized.jpg?resize=1024%2C768&amp;ssl=1 1024w, https:\/\/i2.wp.com\/www.stiftsforum.ch\/blog\/wp-content\/uploads\/2022\/11\/20221104_094505_resized.jpg?resize=300%2C225&amp;ssl=1 300w, https:\/\/i2.wp.com\/www.stiftsforum.ch\/blog\/wp-content\/uploads\/2022\/11\/20221104_094505_resized.jpg?resize=768%2C576&amp;ssl=1 768w, https:\/\/i2.wp.com\/www.stiftsforum.ch\/blog\/wp-content\/uploads\/2022\/11\/20221104_094505_resized.jpg?w=1156&amp;ssl=1 1156w\" sizes=\"(max-width: 800px) 100vw, 800px\" data-recalc-dims=\"1\" \/><\/figure><\/li><li class=\"wp-block-jetpack-slideshow_slide swiper-slide\"><figure><img loading=\"lazy\" width=\"800\" height=\"600\" alt=\"\" class=\"wp-block-jetpack-slideshow_image wp-image-5607\" data-id=\"5607\" src=\"https:\/\/i2.wp.com\/www.stiftsforum.ch\/blog\/wp-content\/uploads\/2022\/11\/20221104_094223_resized.jpg?resize=800%2C600\" srcset=\"https:\/\/i2.wp.com\/www.stiftsforum.ch\/blog\/wp-content\/uploads\/2022\/11\/20221104_094223_resized.jpg?resize=1024%2C768&amp;ssl=1 1024w, https:\/\/i2.wp.com\/www.stiftsforum.ch\/blog\/wp-content\/uploads\/2022\/11\/20221104_094223_resized.jpg?resize=300%2C225&amp;ssl=1 300w, https:\/\/i2.wp.com\/www.stiftsforum.ch\/blog\/wp-content\/uploads\/2022\/11\/20221104_094223_resized.jpg?resize=768%2C576&amp;ssl=1 768w, https:\/\/i2.wp.com\/www.stiftsforum.ch\/blog\/wp-content\/uploads\/2022\/11\/20221104_094223_resized.jpg?w=1156&amp;ssl=1 1156w\" sizes=\"(max-width: 800px) 100vw, 800px\" data-recalc-dims=\"1\" \/><\/figure><\/li><li class=\"wp-block-jetpack-slideshow_slide swiper-slide\"><figure><img loading=\"lazy\" width=\"800\" height=\"600\" alt=\"\" class=\"wp-block-jetpack-slideshow_image wp-image-5609\" data-id=\"5609\" src=\"https:\/\/i0.wp.com\/www.stiftsforum.ch\/blog\/wp-content\/uploads\/2022\/11\/20221104_094611_resized.jpg?resize=800%2C600\" srcset=\"https:\/\/i0.wp.com\/www.stiftsforum.ch\/blog\/wp-content\/uploads\/2022\/11\/20221104_094611_resized.jpg?resize=1024%2C768&amp;ssl=1 1024w, https:\/\/i0.wp.com\/www.stiftsforum.ch\/blog\/wp-content\/uploads\/2022\/11\/20221104_094611_resized.jpg?resize=300%2C225&amp;ssl=1 300w, https:\/\/i0.wp.com\/www.stiftsforum.ch\/blog\/wp-content\/uploads\/2022\/11\/20221104_094611_resized.jpg?resize=768%2C576&amp;ssl=1 768w, https:\/\/i0.wp.com\/www.stiftsforum.ch\/blog\/wp-content\/uploads\/2022\/11\/20221104_094611_resized.jpg?w=1156&amp;ssl=1 1156w\" sizes=\"(max-width: 800px) 100vw, 800px\" data-recalc-dims=\"1\" \/><\/figure><\/li><li class=\"wp-block-jetpack-slideshow_slide swiper-slide\"><figure><img loading=\"lazy\" width=\"800\" height=\"600\" alt=\"\" class=\"wp-block-jetpack-slideshow_image wp-image-5610\" data-id=\"5610\" src=\"https:\/\/i1.wp.com\/www.stiftsforum.ch\/blog\/wp-content\/uploads\/2022\/11\/20221104_094754_resized.jpg?resize=800%2C600\" srcset=\"https:\/\/i1.wp.com\/www.stiftsforum.ch\/blog\/wp-content\/uploads\/2022\/11\/20221104_094754_resized.jpg?resize=1024%2C768&amp;ssl=1 1024w, https:\/\/i1.wp.com\/www.stiftsforum.ch\/blog\/wp-content\/uploads\/2022\/11\/20221104_094754_resized.jpg?resize=300%2C225&amp;ssl=1 300w, https:\/\/i1.wp.com\/www.stiftsforum.ch\/blog\/wp-content\/uploads\/2022\/11\/20221104_094754_resized.jpg?resize=768%2C576&amp;ssl=1 768w, https:\/\/i1.wp.com\/www.stiftsforum.ch\/blog\/wp-content\/uploads\/2022\/11\/20221104_094754_resized.jpg?w=1156&amp;ssl=1 1156w\" sizes=\"(max-width: 800px) 100vw, 800px\" data-recalc-dims=\"1\" \/><\/figure><\/li><li class=\"wp-block-jetpack-slideshow_slide swiper-slide\"><figure><img loading=\"lazy\" width=\"800\" height=\"600\" alt=\"\" class=\"wp-block-jetpack-slideshow_image wp-image-5611\" data-id=\"5611\" src=\"https:\/\/i0.wp.com\/www.stiftsforum.ch\/blog\/wp-content\/uploads\/2022\/11\/20221104_095119_resized.jpg?resize=800%2C600\" srcset=\"https:\/\/i0.wp.com\/www.stiftsforum.ch\/blog\/wp-content\/uploads\/2022\/11\/20221104_095119_resized.jpg?resize=1024%2C768&amp;ssl=1 1024w, https:\/\/i0.wp.com\/www.stiftsforum.ch\/blog\/wp-content\/uploads\/2022\/11\/20221104_095119_resized.jpg?resize=300%2C225&amp;ssl=1 300w, https:\/\/i0.wp.com\/www.stiftsforum.ch\/blog\/wp-content\/uploads\/2022\/11\/20221104_095119_resized.jpg?resize=768%2C576&amp;ssl=1 768w, https:\/\/i0.wp.com\/www.stiftsforum.ch\/blog\/wp-content\/uploads\/2022\/11\/20221104_095119_resized.jpg?w=1156&amp;ssl=1 1156w\" sizes=\"(max-width: 800px) 100vw, 800px\" data-recalc-dims=\"1\" \/><\/figure><\/li><li class=\"wp-block-jetpack-slideshow_slide swiper-slide\"><figure><img loading=\"lazy\" width=\"800\" height=\"600\" alt=\"\" class=\"wp-block-jetpack-slideshow_image wp-image-5614\" data-id=\"5614\" src=\"https:\/\/i1.wp.com\/www.stiftsforum.ch\/blog\/wp-content\/uploads\/2022\/11\/20221104_100315_resized.jpg?resize=800%2C600\" srcset=\"https:\/\/i1.wp.com\/www.stiftsforum.ch\/blog\/wp-content\/uploads\/2022\/11\/20221104_100315_resized.jpg?resize=1024%2C768&amp;ssl=1 1024w, https:\/\/i1.wp.com\/www.stiftsforum.ch\/blog\/wp-content\/uploads\/2022\/11\/20221104_100315_resized.jpg?resize=300%2C225&amp;ssl=1 300w, https:\/\/i1.wp.com\/www.stiftsforum.ch\/blog\/wp-content\/uploads\/2022\/11\/20221104_100315_resized.jpg?resize=768%2C576&amp;ssl=1 768w, https:\/\/i1.wp.com\/www.stiftsforum.ch\/blog\/wp-content\/uploads\/2022\/11\/20221104_100315_resized.jpg?w=1156&amp;ssl=1 1156w\" sizes=\"(max-width: 800px) 100vw, 800px\" data-recalc-dims=\"1\" \/><\/figure><\/li><li class=\"wp-block-jetpack-slideshow_slide swiper-slide\"><figure><img loading=\"lazy\" width=\"800\" height=\"600\" alt=\"\" class=\"wp-block-jetpack-slideshow_image wp-image-5616\" data-id=\"5616\" src=\"https:\/\/i2.wp.com\/www.stiftsforum.ch\/blog\/wp-content\/uploads\/2022\/11\/20221104_101106_resized.jpg?resize=800%2C600\" srcset=\"https:\/\/i2.wp.com\/www.stiftsforum.ch\/blog\/wp-content\/uploads\/2022\/11\/20221104_101106_resized.jpg?resize=1024%2C768&amp;ssl=1 1024w, https:\/\/i2.wp.com\/www.stiftsforum.ch\/blog\/wp-content\/uploads\/2022\/11\/20221104_101106_resized.jpg?resize=300%2C225&amp;ssl=1 300w, https:\/\/i2.wp.com\/www.stiftsforum.ch\/blog\/wp-content\/uploads\/2022\/11\/20221104_101106_resized.jpg?resize=768%2C576&amp;ssl=1 768w, https:\/\/i2.wp.com\/www.stiftsforum.ch\/blog\/wp-content\/uploads\/2022\/11\/20221104_101106_resized.jpg?w=1156&amp;ssl=1 1156w\" sizes=\"(max-width: 800px) 100vw, 800px\" data-recalc-dims=\"1\" \/><\/figure><\/li><li class=\"wp-block-jetpack-slideshow_slide swiper-slide\"><figure><img loading=\"lazy\" width=\"800\" height=\"916\" alt=\"\" class=\"wp-block-jetpack-slideshow_image wp-image-5647\" data-id=\"5647\" src=\"https:\/\/i2.wp.com\/www.stiftsforum.ch\/blog\/wp-content\/uploads\/2022\/11\/Image.jpeg.jpg?resize=800%2C916\" srcset=\"https:\/\/i1.wp.com\/www.stiftsforum.ch\/blog\/wp-content\/uploads\/2022\/11\/Image.jpeg-scaled.jpg?resize=894%2C1024&amp;ssl=1 894w, https:\/\/i1.wp.com\/www.stiftsforum.ch\/blog\/wp-content\/uploads\/2022\/11\/Image.jpeg-scaled.jpg?resize=262%2C300&amp;ssl=1 262w, https:\/\/i1.wp.com\/www.stiftsforum.ch\/blog\/wp-content\/uploads\/2022\/11\/Image.jpeg-scaled.jpg?resize=768%2C879&amp;ssl=1 768w, https:\/\/i1.wp.com\/www.stiftsforum.ch\/blog\/wp-content\/uploads\/2022\/11\/Image.jpeg-scaled.jpg?resize=1341%2C1536&amp;ssl=1 1341w, https:\/\/i1.wp.com\/www.stiftsforum.ch\/blog\/wp-content\/uploads\/2022\/11\/Image.jpeg-scaled.jpg?resize=1788%2C2048&amp;ssl=1 1788w, https:\/\/i1.wp.com\/www.stiftsforum.ch\/blog\/wp-content\/uploads\/2022\/11\/Image.jpeg-scaled.jpg?w=1600 1600w\" sizes=\"(max-width: 800px) 100vw, 800px\" data-recalc-dims=\"1\" \/><\/figure><\/li><li class=\"wp-block-jetpack-slideshow_slide swiper-slide\"><figure><img loading=\"lazy\" width=\"800\" height=\"696\" alt=\"\" class=\"wp-block-jetpack-slideshow_image wp-image-5648\" data-id=\"5648\" src=\"https:\/\/i1.wp.com\/www.stiftsforum.ch\/blog\/wp-content\/uploads\/2022\/11\/Image.jpeg-3.jpg?resize=800%2C696\" srcset=\"https:\/\/i0.wp.com\/www.stiftsforum.ch\/blog\/wp-content\/uploads\/2022\/11\/Image.jpeg-3-scaled.jpg?resize=1024%2C891&amp;ssl=1 1024w, https:\/\/i0.wp.com\/www.stiftsforum.ch\/blog\/wp-content\/uploads\/2022\/11\/Image.jpeg-3-scaled.jpg?resize=300%2C261&amp;ssl=1 300w, https:\/\/i0.wp.com\/www.stiftsforum.ch\/blog\/wp-content\/uploads\/2022\/11\/Image.jpeg-3-scaled.jpg?resize=768%2C668&amp;ssl=1 768w, https:\/\/i0.wp.com\/www.stiftsforum.ch\/blog\/wp-content\/uploads\/2022\/11\/Image.jpeg-3-scaled.jpg?resize=1536%2C1336&amp;ssl=1 1536w, https:\/\/i0.wp.com\/www.stiftsforum.ch\/blog\/wp-content\/uploads\/2022\/11\/Image.jpeg-3-scaled.jpg?resize=2048%2C1781&amp;ssl=1 2048w, https:\/\/i0.wp.com\/www.stiftsforum.ch\/blog\/wp-content\/uploads\/2022\/11\/Image.jpeg-3-scaled.jpg?w=1600 1600w, https:\/\/i0.wp.com\/www.stiftsforum.ch\/blog\/wp-content\/uploads\/2022\/11\/Image.jpeg-3-scaled.jpg?w=2400 2400w\" sizes=\"(max-width: 800px) 100vw, 800px\" data-recalc-dims=\"1\" \/><\/figure><\/li><li class=\"wp-block-jetpack-slideshow_slide swiper-slide\"><figure><img loading=\"lazy\" width=\"768\" height=\"1024\" alt=\"\" class=\"wp-block-jetpack-slideshow_image wp-image-5623\" data-id=\"5623\" src=\"https:\/\/i2.wp.com\/www.stiftsforum.ch\/blog\/wp-content\/uploads\/2022\/11\/IMG-20221105-WA0018.jpg?resize=768%2C1024\" srcset=\"https:\/\/i2.wp.com\/www.stiftsforum.ch\/blog\/wp-content\/uploads\/2022\/11\/IMG-20221105-WA0018.jpg?resize=768%2C1024&amp;ssl=1 768w, https:\/\/i2.wp.com\/www.stiftsforum.ch\/blog\/wp-content\/uploads\/2022\/11\/IMG-20221105-WA0018.jpg?resize=225%2C300&amp;ssl=1 225w, https:\/\/i2.wp.com\/www.stiftsforum.ch\/blog\/wp-content\/uploads\/2022\/11\/IMG-20221105-WA0018.jpg?resize=1152%2C1536&amp;ssl=1 1152w, https:\/\/i2.wp.com\/www.stiftsforum.ch\/blog\/wp-content\/uploads\/2022\/11\/IMG-20221105-WA0018.jpg?w=1536&amp;ssl=1 1536w\" sizes=\"(max-width: 768px) 100vw, 768px\" data-recalc-dims=\"1\" \/><\/figure><\/li><li class=\"wp-block-jetpack-slideshow_slide swiper-slide\"><figure><img loading=\"lazy\" width=\"800\" height=\"600\" alt=\"\" class=\"wp-block-jetpack-slideshow_image wp-image-5620\" data-id=\"5620\" src=\"https:\/\/i0.wp.com\/www.stiftsforum.ch\/blog\/wp-content\/uploads\/2022\/11\/20221104_104646_resized.jpg?resize=800%2C600\" srcset=\"https:\/\/i0.wp.com\/www.stiftsforum.ch\/blog\/wp-content\/uploads\/2022\/11\/20221104_104646_resized.jpg?resize=1024%2C768&amp;ssl=1 1024w, https:\/\/i0.wp.com\/www.stiftsforum.ch\/blog\/wp-content\/uploads\/2022\/11\/20221104_104646_resized.jpg?resize=300%2C225&amp;ssl=1 300w, https:\/\/i0.wp.com\/www.stiftsforum.ch\/blog\/wp-content\/uploads\/2022\/11\/20221104_104646_resized.jpg?resize=768%2C576&amp;ssl=1 768w, https:\/\/i0.wp.com\/www.stiftsforum.ch\/blog\/wp-content\/uploads\/2022\/11\/20221104_104646_resized.jpg?w=1156&amp;ssl=1 1156w\" sizes=\"(max-width: 800px) 100vw, 800px\" data-recalc-dims=\"1\" \/><\/figure><\/li><li class=\"wp-block-jetpack-slideshow_slide swiper-slide\"><figure><img loading=\"lazy\" width=\"800\" height=\"600\" alt=\"\" class=\"wp-block-jetpack-slideshow_image wp-image-5621\" data-id=\"5621\" src=\"https:\/\/i2.wp.com\/www.stiftsforum.ch\/blog\/wp-content\/uploads\/2022\/11\/20221104_104944_resized.jpg?resize=800%2C600\" srcset=\"https:\/\/i2.wp.com\/www.stiftsforum.ch\/blog\/wp-content\/uploads\/2022\/11\/20221104_104944_resized.jpg?resize=1024%2C768&amp;ssl=1 1024w, https:\/\/i2.wp.com\/www.stiftsforum.ch\/blog\/wp-content\/uploads\/2022\/11\/20221104_104944_resized.jpg?resize=300%2C225&amp;ssl=1 300w, https:\/\/i2.wp.com\/www.stiftsforum.ch\/blog\/wp-content\/uploads\/2022\/11\/20221104_104944_resized.jpg?resize=768%2C576&amp;ssl=1 768w, https:\/\/i2.wp.com\/www.stiftsforum.ch\/blog\/wp-content\/uploads\/2022\/11\/20221104_104944_resized.jpg?w=1156&amp;ssl=1 1156w\" sizes=\"(max-width: 800px) 100vw, 800px\" data-recalc-dims=\"1\" \/><\/figure><\/li><li class=\"wp-block-jetpack-slideshow_slide swiper-slide\"><figure><img loading=\"lazy\" width=\"800\" height=\"600\" alt=\"\" class=\"wp-block-jetpack-slideshow_image wp-image-5619\" data-id=\"5619\" src=\"https:\/\/i2.wp.com\/www.stiftsforum.ch\/blog\/wp-content\/uploads\/2022\/11\/20221104_104045_resized.jpg?resize=800%2C600\" srcset=\"https:\/\/i2.wp.com\/www.stiftsforum.ch\/blog\/wp-content\/uploads\/2022\/11\/20221104_104045_resized.jpg?resize=1024%2C768&amp;ssl=1 1024w, https:\/\/i2.wp.com\/www.stiftsforum.ch\/blog\/wp-content\/uploads\/2022\/11\/20221104_104045_resized.jpg?resize=300%2C225&amp;ssl=1 300w, https:\/\/i2.wp.com\/www.stiftsforum.ch\/blog\/wp-content\/uploads\/2022\/11\/20221104_104045_resized.jpg?resize=768%2C576&amp;ssl=1 768w, https:\/\/i2.wp.com\/www.stiftsforum.ch\/blog\/wp-content\/uploads\/2022\/11\/20221104_104045_resized.jpg?w=1156&amp;ssl=1 1156w\" sizes=\"(max-width: 800px) 100vw, 800px\" data-recalc-dims=\"1\" \/><\/figure><\/li><li class=\"wp-block-jetpack-slideshow_slide swiper-slide\"><figure><img loading=\"lazy\" width=\"800\" height=\"600\" alt=\"\" class=\"wp-block-jetpack-slideshow_image wp-image-5617\" data-id=\"5617\" src=\"https:\/\/i2.wp.com\/www.stiftsforum.ch\/blog\/wp-content\/uploads\/2022\/11\/20221104_101627_resized.jpg?resize=800%2C600\" srcset=\"https:\/\/i2.wp.com\/www.stiftsforum.ch\/blog\/wp-content\/uploads\/2022\/11\/20221104_101627_resized.jpg?resize=1024%2C768&amp;ssl=1 1024w, https:\/\/i2.wp.com\/www.stiftsforum.ch\/blog\/wp-content\/uploads\/2022\/11\/20221104_101627_resized.jpg?resize=300%2C225&amp;ssl=1 300w, https:\/\/i2.wp.com\/www.stiftsforum.ch\/blog\/wp-content\/uploads\/2022\/11\/20221104_101627_resized.jpg?resize=768%2C576&amp;ssl=1 768w, https:\/\/i2.wp.com\/www.stiftsforum.ch\/blog\/wp-content\/uploads\/2022\/11\/20221104_101627_resized.jpg?w=1156&amp;ssl=1 1156w\" sizes=\"(max-width: 800px) 100vw, 800px\" data-recalc-dims=\"1\" \/><\/figure><\/li><li class=\"wp-block-jetpack-slideshow_slide swiper-slide\"><figure><img loading=\"lazy\" width=\"800\" height=\"600\" alt=\"\" class=\"wp-block-jetpack-slideshow_image wp-image-5618\" data-id=\"5618\" src=\"https:\/\/i0.wp.com\/www.stiftsforum.ch\/blog\/wp-content\/uploads\/2022\/11\/20221104_103233_resized.jpg?resize=800%2C600\" srcset=\"https:\/\/i0.wp.com\/www.stiftsforum.ch\/blog\/wp-content\/uploads\/2022\/11\/20221104_103233_resized.jpg?resize=1024%2C768&amp;ssl=1 1024w, https:\/\/i0.wp.com\/www.stiftsforum.ch\/blog\/wp-content\/uploads\/2022\/11\/20221104_103233_resized.jpg?resize=300%2C225&amp;ssl=1 300w, https:\/\/i0.wp.com\/www.stiftsforum.ch\/blog\/wp-content\/uploads\/2022\/11\/20221104_103233_resized.jpg?resize=768%2C576&amp;ssl=1 768w, https:\/\/i0.wp.com\/www.stiftsforum.ch\/blog\/wp-content\/uploads\/2022\/11\/20221104_103233_resized.jpg?w=1156&amp;ssl=1 1156w\" sizes=\"(max-width: 800px) 100vw, 800px\" data-recalc-dims=\"1\" \/><\/figure><\/li><li class=\"wp-block-jetpack-slideshow_slide swiper-slide\"><figure><img loading=\"lazy\" width=\"800\" height=\"600\" alt=\"\" class=\"wp-block-jetpack-slideshow_image wp-image-5622\" data-id=\"5622\" src=\"https:\/\/i1.wp.com\/www.stiftsforum.ch\/blog\/wp-content\/uploads\/2022\/11\/20221104_105145_resized.jpg?resize=800%2C600\" srcset=\"https:\/\/i1.wp.com\/www.stiftsforum.ch\/blog\/wp-content\/uploads\/2022\/11\/20221104_105145_resized.jpg?resize=1024%2C768&amp;ssl=1 1024w, https:\/\/i1.wp.com\/www.stiftsforum.ch\/blog\/wp-content\/uploads\/2022\/11\/20221104_105145_resized.jpg?resize=300%2C225&amp;ssl=1 300w, https:\/\/i1.wp.com\/www.stiftsforum.ch\/blog\/wp-content\/uploads\/2022\/11\/20221104_105145_resized.jpg?resize=768%2C576&amp;ssl=1 768w, https:\/\/i1.wp.com\/www.stiftsforum.ch\/blog\/wp-content\/uploads\/2022\/11\/20221104_105145_resized.jpg?w=1156&amp;ssl=1 1156w\" sizes=\"(max-width: 800px) 100vw, 800px\" data-recalc-dims=\"1\" \/><\/figure><\/li><li class=\"wp-block-jetpack-slideshow_slide swiper-slide\"><figure><img loading=\"lazy\" width=\"800\" height=\"600\" alt=\"\" class=\"wp-block-jetpack-slideshow_image wp-image-5613\" data-id=\"5613\" src=\"https:\/\/i2.wp.com\/www.stiftsforum.ch\/blog\/wp-content\/uploads\/2022\/11\/20221104_095914_resized.jpg?resize=800%2C600\" srcset=\"https:\/\/i2.wp.com\/www.stiftsforum.ch\/blog\/wp-content\/uploads\/2022\/11\/20221104_095914_resized.jpg?resize=1024%2C768&amp;ssl=1 1024w, https:\/\/i2.wp.com\/www.stiftsforum.ch\/blog\/wp-content\/uploads\/2022\/11\/20221104_095914_resized.jpg?resize=300%2C225&amp;ssl=1 300w, https:\/\/i2.wp.com\/www.stiftsforum.ch\/blog\/wp-content\/uploads\/2022\/11\/20221104_095914_resized.jpg?resize=768%2C576&amp;ssl=1 768w, https:\/\/i2.wp.com\/www.stiftsforum.ch\/blog\/wp-content\/uploads\/2022\/11\/20221104_095914_resized.jpg?w=1156&amp;ssl=1 1156w\" sizes=\"(max-width: 800px) 100vw, 800px\" data-recalc-dims=\"1\" \/><\/figure><\/li><\/ul><a class=\"wp-block-jetpack-slideshow_button-prev swiper-button-prev swiper-button-white\" role=\"button\"><\/a><a class=\"wp-block-jetpack-slideshow_button-next swiper-button-next swiper-button-white\" role=\"button\"><\/a><a aria-label=\"Pause Slideshow\" class=\"wp-block-jetpack-slideshow_button-pause\" role=\"button\"><\/a><div class=\"wp-block-jetpack-slideshow_pagination swiper-pagination swiper-pagination-white\"><\/div><\/div><\/div>\n\n\n\n<p>3.\/4. Novemer 2022<\/p>\n\n\n\n<p>Ausgangspunkt dieser Exkursion ist eine mehrj\u00e4hrige Tradition der Stiftsschule: Erg\u00e4nzend zum Literatur- und Geschichtsunterricht wird eine Gedenkst\u00e4tte eines Konzentrationslagers besucht. Dieses Schuljahr durften am 3. November die Stiftssch\u00fclerinnen und Stiftssch\u00fcler der drei Abschlussklassen das Konzentrationslager Dachau besichtigen. Anschliessend wurde im Rahmen des Physik-Unterrichts am 4. November das Technische Museum im naheliegenden M\u00fcnchen erkundet.<\/p>\n\n\n\n<p>Bis zur Grenze der Schweiz verlief die Anreise einwandfrei. Es war schon fast verd\u00e4chtig, wie frei von jeglichen Zwischenf\u00e4llen die Gruppe unterwegs war. Gem\u00fctlich sassen alle im Car, plauderten und h\u00f6rten Musik. Das dachte wohl auch die deutsche Zollpolizei, die prompt vor den Car fuhr und dem Fahrer signalisierte, er solle sofort die n\u00e4chste Ausfahrt nehmen, es werde jetzt eine Kontrolle geben. Trist und verlassen sah die Tankstelle aus, an die der Car gelotst wurde. K\u00fchlen Blickes und nur im Fl\u00fcsterton sprechend bestiegen zwei Polizeiangestellte den Car und schritten durch die Reihen. Ziemlich verwirrt und doch heimlich etwas am\u00fcsiert erwiderten die Stiftssch\u00fclerinnen und Stiftssch\u00fcler der Situation mit ihrem bravesten L\u00e4cheln. Doch es schien \u00fcberhaupt keinen Einfluss auf die Zollpolizei zu haben. Pl\u00f6tzlich wurden die Koffer aus dem Laderaum gepackt und ein dritter Polizist f\u00fchrte einen Drogensp\u00fcrhund herbei. Man munkelt, dass die Verwirrtheit nun doch langsam in leichte Panik \u00fcberging. Einzele Sch\u00fcler wurden nun herausgepickt, aus dem Car gef\u00fchrt. Draussen in der K\u00e4lte widerfuhr ihnen dann die Ehre vom Drogensp\u00fcrhund beschnuppert zu werden. Als der Hund schlussendlich keinen Alarm schlug, schien er dabei fast schon ein bisschen entt\u00e4uscht. Um eine allzu grosse Frustration vor seiner Arbeit zu verhindern, dr\u00fcckte ein Polizist einem Sch\u00fcler ein S\u00e4ckchen in die Hand, welches tats\u00e4chlich Drogen beinhaltete und der Hund schlug daraufhin freudig Alarm. Er schien sich nun wieder wohl und gl\u00fccklich zu f\u00fchlen und so auch die gesamte Sch\u00fclerschaft mit den Lehrern. Die deutsche Zollpolizei l\u00e4sst somit gr\u00fcssen und lobt die drogenfreien Stiftssch\u00fcler. Ohne Verluste erreichten die drei sechtsen Klassen mitsamt den Lehrpersonen Frau Egartner, Herrn M\u00f6ckli, Herrn Lothenbach und Herrn de Vecchi die Gedenkst\u00e4tte des Konzentrationslagers in Dachau.<\/p>\n\n\n\n<h1>Gedenkst\u00e4tte KZ Dachau<\/h1>\n\n\n\n<p>Bereits im M\u00e4rz 1933 entstand das KZ Dachau. Bis zur Befreiung im April 1945 wurden ca. 200\u2018000 Menschen dort inhaftiert. Rund 41\u2018000 davon \u00fcberlebten die Gefangenschaft nicht. Die H\u00e4ftlinge waren politische Verfolgte und stellten f\u00fcr die Nationalsozialisten eine Gefahr dar oder passten nicht in ihr Weltbild. Das Eingangstor zum Appellplatz, welches die H\u00e4ftlinge bei ihrer Ankunft passierten, war mit der Schrift \u201eArbeit macht frei\u201c versetzt. Doch die Arbeitsbedingungen waren so grausam, dass dabei nicht an Freiheit gedacht werden konnte. Die Arbeit brachte die Menschen wohl n\u00e4her an den Tod als in die Freiheit. Sie \u201elebten\u201c in Baracken, von denen ein Nachbau heute noch besichtigt werden kann. Eng und dunkel wirkten die R\u00e4umlichkeiten. Des Weiteren ist das ganze Gel\u00e4nde von einem Zaun umzogen und mit vielen Wacht\u00fcrmen umzingelt. Es wird klar, dass jeder Fluchtversuch damals in den Tod f\u00fchrte. Der Zaun trennte das Lager von der Gaskammer und den Krematorien. Berichtet wird, dass die Gaskammer nicht zur Ermordung der H\u00e4ftlinge genutzt wurde. Es scheint, als h\u00e4tten die meisten H\u00e4ftlinge den Tod schon vorher gefunden und den Weg vom Lager zum Bereich der Gaskammer und den Krematorien nie lebendig passiert. An diesem Ort endete schliesslich die F\u00fchrung.<\/p>\n\n\n\n<p>Nach dem Besuch des Konzentrationslagers herrschte eine ungewohnt schweigsame Stimmung. Tats\u00e4chlich dort zu sein, draussen in der K\u00e4lte zu stehen und von dieser Angst und Brutalit\u00e4t zu erfahren, die damals \u00fcber allem regierte, ist nicht zu vergleichen mit dem Lernen aus der Ferne in der Schule. Was kann als Sch\u00fcler*in mitgenommen werden?<\/p>\n\n\n\n<p>Der Besuch des Konzentrationslagers Dachau hat weniger die Geschichte, die den Sch\u00fcler*innen aus dem Unterricht bekannt ist, vermittelt, sondern vielmehr Geschichte<strong>n<\/strong>. Es sind die Geschichten von Menschen, die einen Zugang erm\u00f6glichen, wenn man es zul\u00e4sst. Sie k\u00f6nnen zu einem kritischen Geschichtsbewusstsein f\u00fchren und verdeutlichen, wie Menschen entw\u00fcrdigt wurden und werden.<\/p>\n\n\n\n<h1>Zum Franziskaner<\/h1>\n\n\n\n<p>Selbstst\u00e4ndig durften die Klassen den Weg von der Jugendherberge in Dachau nach M\u00fcnchen auf sich nehmen. Dort angekommen, tummelten sich die Sch\u00fcler in den Gassen der Stadt, auf dem Marienplatz und vor dem Longchamp-Laden. Ein Blitzgewitter von Fotografen, Fernsehteams, perfekt gestylten Models (Models?) und sonstige wichtigen Personen (wichtig?) zogen viele Stiftssch\u00fcler und Stiftssch\u00fclerinnen wie ein Magnet vor das Gesch\u00e4ft, welches gerade seine Neuer\u00f6ffnung zu feiern schien. <\/p>\n\n\n\n<p>Schlussendlich fanden aber alle &#8220;Zum Franziskaner&#8221; wieder zusammen und nach diesem langen Tag war jeder hungrig und freute sich auf die traditionellen Speisen der bayrischen K\u00fcche: Schweinshaxen und K\u00e4sesp\u00e4tzle!<\/p>\n\n\n\n<h1>Technisches Museum<\/h1>\n\n\n\n<p>Am n\u00e4chsten Morgen brachen alle nach kurzen Fr\u00fchst\u00fcck &nbsp;in der Jugendherberge gemeinsam auf und gelangten via S-Bahn wieder nach M\u00fcnchen. Der wolkenverhangene Himmel und der str\u00f6mende Regen boten das ideale Wetter f\u00fcr ein paar gem\u00fctliche Stunden im Museum, welches nach kurzem Fussweg p\u00fcnktlich erreicht wurde.<\/p>\n\n\n\n<p>Von allen technischen Museen auf der ganzen Welt befindet sich das gr\u00f6sste in M\u00fcnchen. Auch hier konnten die Stiftssch\u00fcler und Stiftssch\u00fclerinnen an einer F\u00fchrung teilnehmen und so einen \u00dcberblick \u00fcber aktuell neun ge\u00f6ffnete Hallen gewinnen. Anschliessend durfte das Museum eigenst\u00e4ndig erkundet werden. Einziger Auftrag dabei war, ein Experiment bzw. ein Modell zu finden, welches mit einem selbst gew\u00e4hlten Physik-Thema zusammenh\u00e4ngt. Im Verlaufe des Schuljahres wird \u00fcber das jeweilige Experiment gruppenweise ein Dossier erstellt und ein Vortrag gehalten. Die \u00fcbrige Zeit konnte f\u00fcr das Mittagessen und den Museumsshop genutzt werden. Am Ufer der Isar wurde noch zur Erinnerung ein Foto aller sechsten Klassen und der Begleitlehrpersonen geschossen. Immerhin war es eine Premiere und gleichzeitig auch eine Derni\u00e8re, dass alle drei Abschlussklassen zusammen auf Exkursion gingen.<\/p>\n\n\n\n<h1>Heimreise<\/h1>\n\n\n\n<p>Der Car von Drusberg-Reisen mit unserem netten Fahrer, Herrn Schelbert, wartete bequemerweise gleich an der gegen\u00fcberliegenden Uferseite der Isar. Mit vielen Eindr\u00fccken ges\u00e4ttigt und noch einiger Stunden Schlaf bed\u00fcrftig, trat die Gruppe schlussendlich die Heimreise nach Einsiedeln an.<\/p>\n\n\n\n<p><\/p>\n","protected":false},"excerpt":{"rendered":"<p>Exkursion aller sechsten Klassen von Maria Arnold 3.\/4. Novemer 2022 Ausgangspunkt dieser Exkursion ist eine mehrj\u00e4hrige Tradition der Stiftsschule: Erg\u00e4nzend<\/p>\n","protected":false},"author":1,"featured_media":5649,"comment_status":"open","ping_status":"closed","sticky":false,"template":"","format":"standard","meta":{"spay_email":"","jetpack_publicize_message":"","jetpack_is_tweetstorm":false},"categories":[25,4],"tags":[],"jetpack_featured_media_url":"https:\/\/i1.wp.com\/www.stiftsforum.ch\/blog\/wp-content\/uploads\/2022\/11\/Image.jpeg-2-scaled.jpg?fit=2560%2C1920&ssl=1","jetpack_publicize_connections":[],"jetpack_sharing_enabled":true,"jetpack_shortlink":"https:\/\/wp.me\/p9nzRF-1sZ","jetpack_likes_enabled":true,"jetpack-related-posts":[{"id":2759,"url":"https:\/\/www.stiftsforum.ch\/blog\/?p=2759","url_meta":{"origin":5641,"position":0},"title":"In der Gedenkst\u00e4tte des KZ Dachau (6a)","date":"Dezember 2, 2018","format":"gallery","excerpt":"Nur wenige Busstunden von Z\u00fcrich entfernt befindet sich nordwestlich von M\u00fcnchen die Gedenkst\u00e4tte des einstigen Konzentrationslagers Dachau. Es bestand \u00fcber 12 Jahre von 1933 bis 1945, bis es durch die US-amerikanische Armee befreit wurde. 41 500 M\u00e4nner, darunter politische Gefangene, Homosexuelle, von den Nazis verfolgte Christen und Zeugen Jehovas sowie\u2026","rel":"","context":"In &quot;Exkursionen&quot;","img":{"alt_text":"","src":"https:\/\/i1.wp.com\/www.stiftsforum.ch\/blog\/wp-content\/uploads\/2018\/12\/20181130_141052.jpg?fit=1200%2C675&ssl=1&resize=350%2C200","width":350,"height":200},"classes":[]},{"id":2135,"url":"https:\/\/www.stiftsforum.ch\/blog\/?p=2135","url_meta":{"origin":5641,"position":1},"title":"Im Konzentrationslager Dachau bei M\u00fcnchen (6c)","date":"Mai 29, 2018","format":"gallery","excerpt":"Fotos:Jan Brosi (6c)","rel":"","context":"In &quot;Exkursionen&quot;","img":{"alt_text":"","src":"https:\/\/i2.wp.com\/www.stiftsforum.ch\/blog\/wp-content\/uploads\/2018\/05\/KZ_6.jpg?fit=1200%2C800&ssl=1&resize=350%2C200","width":350,"height":200},"classes":[]},{"id":5024,"url":"https:\/\/www.stiftsforum.ch\/blog\/?p=5024","url_meta":{"origin":5641,"position":2},"title":"Wie hat sich die Schrift in der Geschichte entwickelt? - Zu Gast im Landesmuseum Z\u00fcrich","date":"Februar 15, 2022","format":false,"excerpt":"Die Klasse 2d der Stiftsschule Einsiedeln war bei einem Schreibworkshop und einer F\u00fchrung \u00fcber alte Schriften im Landesmuseum Z\u00fcrich. Wir haben mit G\u00e4nsefedern und Tinte geschrieben, wir haben uns die \u00e4ltesten Schriften aus der Schweiz angesehen. Ein Beitrag von Erin Schuler. Am 20. Januar am Vormittag fuhr die Klasse 2d\u2026","rel":"","context":"In &quot;Allgemein&quot;","img":{"alt_text":"","src":"https:\/\/i0.wp.com\/www.stiftsforum.ch\/blog\/wp-content\/uploads\/2022\/02\/Bild-Museum-lll.jpg?fit=900%2C1200&ssl=1&resize=350%2C200","width":350,"height":200},"classes":[]},{"id":5652,"url":"https:\/\/www.stiftsforum.ch\/blog\/?p=5652","url_meta":{"origin":5641,"position":3},"title":"Arch\u00e4ologie Schweiz - Sch\u00e4tze aus alter Zeit","date":"November 14, 2022","format":false,"excerpt":"Die Klassen 1b & 1c der Stiftsschule Einsiedeln besuchten das Landesmuseum in Z\u00fcrich. J\u00fcrg Rohner organisierte die Exkursion im Rahmen des Geschichtsunterrichts. \u2022\u00a0\u00a0\u00a0\u00a0\u00a0 Was war der Anlass, um ins Landesmuseum zu fahren? Im Unterricht behandeln wir die Vorgeschichte, also die Zeit, von der es keine schriftlichen Quellen gibt. Ferner haben\u2026","rel":"","context":"In &quot;Exkursionen&quot;","img":{"alt_text":"","src":"https:\/\/i1.wp.com\/www.stiftsforum.ch\/blog\/wp-content\/uploads\/2022\/11\/20221107_110058-1-scaled.jpg?fit=1200%2C900&ssl=1&resize=350%2C200","width":350,"height":200},"classes":[]},{"id":6864,"url":"https:\/\/www.stiftsforum.ch\/blog\/?p=6864","url_meta":{"origin":5641,"position":4},"title":"Die 2.Klassen erstmals an der HSG und im Stiftsbezirk St.Gallen","date":"Juni 22, 2025","format":false,"excerpt":"20.6.2025 Zum ersten Mal gab es in diesem Schuljahr eine jahrgangs\u00fcbergreifende Exkursion der 2abc nach St. Gallen. Insgesamt 60 Sch\u00fclerinnen und Sch\u00fcler machten sich mit ihren Klassenlehrpersonen sowie Deutschlehrer Lukas Griethe und Klasseng\u00f6tti P.Mauritius auf den Weg, um alte und neue Orte des Wissens aufzusuchen. Am Programm stand die Klosterbibliothek\u2026","rel":"","context":"In &quot;Allgemein&quot;","img":{"alt_text":"","src":"https:\/\/i2.wp.com\/www.stiftsforum.ch\/blog\/wp-content\/uploads\/2025\/06\/1000090187.jpg?fit=1200%2C900&ssl=1&resize=350%2C200","width":350,"height":200},"classes":[]},{"id":5028,"url":"https:\/\/www.stiftsforum.ch\/blog\/?p=5028","url_meta":{"origin":5641,"position":5},"title":"Et pervenies - das erste Semester ist geschafft!","date":"Januar 25, 2022","format":false,"excerpt":"von Sophia Br\u00fcllmann, 1c Sporttag, Herbstwandertag, die Einkehrtage im Melchtal f\u00fcr die Erstkl\u00e4ssler. In diesem ersten Semester des Schuljahres 21\/22 ist echt viel gelaufen. Und auch wir, die Schulredaktion, haben fleissig Berichte \u00fcber das Leben an der Stiftsschule geschrieben, Events dokumentiert und Podcasts aufgenommen. Doch bald geht dieses Halbjahr auch\u2026","rel":"","context":"In &quot;Allgemein&quot;","img":{"alt_text":"","src":"https:\/\/i0.wp.com\/www.stiftsforum.ch\/blog\/wp-content\/uploads\/2022\/01\/Titelbild_Et-pervenies-das-erste-Semester-ist-geschafft-scaled.jpg?fit=1200%2C900&ssl=1&resize=350%2C200","width":350,"height":200},"classes":[]}],"_links":{"self":[{"href":"https:\/\/www.stiftsforum.ch\/blog\/index.php?rest_route=\/wp\/v2\/posts\/5641"}],"collection":[{"href":"https:\/\/www.stiftsforum.ch\/blog\/index.php?rest_route=\/wp\/v2\/posts"}],"about":[{"href":"https:\/\/www.stiftsforum.ch\/blog\/index.php?rest_route=\/wp\/v2\/types\/post"}],"author":[{"embeddable":true,"href":"https:\/\/www.stiftsforum.ch\/blog\/index.php?rest_route=\/wp\/v2\/users\/1"}],"replies":[{"embeddable":true,"href":"https:\/\/www.stiftsforum.ch\/blog\/index.php?rest_route=%2Fwp%2Fv2%2Fcomments&post=5641"}],"version-history":[{"count":2,"href":"https:\/\/www.stiftsforum.ch\/blog\/index.php?rest_route=\/wp\/v2\/posts\/5641\/revisions"}],"predecessor-version":[{"id":5676,"href":"https:\/\/www.stiftsforum.ch\/blog\/index.php?rest_route=\/wp\/v2\/posts\/5641\/revisions\/5676"}],"wp:featuredmedia":[{"embeddable":true,"href":"https:\/\/www.stiftsforum.ch\/blog\/index.php?rest_route=\/wp\/v2\/media\/5649"}],"wp:attachment":[{"href":"https:\/\/www.stiftsforum.ch\/blog\/index.php?rest_route=%2Fwp%2Fv2%2Fmedia&parent=5641"}],"wp:term":[{"taxonomy":"category","embeddable":true,"href":"https:\/\/www.stiftsforum.ch\/blog\/index.php?rest_route=%2Fwp%2Fv2%2Fcategories&post=5641"},{"taxonomy":"post_tag","embeddable":true,"href":"https:\/\/www.stiftsforum.ch\/blog\/index.php?rest_route=%2Fwp%2Fv2%2Ftags&post=5641"}],"curies":[{"name":"wp","href":"https:\/\/api.w.org\/{rel}","templated":true}]}}