{"id":5652,"date":"2022-11-14T16:42:52","date_gmt":"2022-11-14T15:42:52","guid":{"rendered":"http:\/\/www.stiftsforum.ch\/blog\/?p=5652"},"modified":"2022-11-14T16:42:54","modified_gmt":"2022-11-14T15:42:54","slug":"archaeologie-schweiz-schaetze-aus-alter-zeit","status":"publish","type":"post","link":"https:\/\/www.stiftsforum.ch\/blog\/?p=5652","title":{"rendered":"Arch\u00e4ologie Schweiz &#8211; Sch\u00e4tze aus alter Zeit"},"content":{"rendered":"\n<p>Die Klassen 1b &amp; 1c der Stiftsschule Einsiedeln besuchten das Landesmuseum in Z\u00fcrich. <\/p>\n\n\n\n<div data-carousel-extra='{\"blog_id\":1,\"permalink\":\"https:\\\/\\\/www.stiftsforum.ch\\\/blog\\\/?p=5652\"}' class=\"wp-block-jetpack-tiled-gallery aligncenter is-style-rectangular\"><div data-carousel-extra='{\"blog_id\":1,\"permalink\":\"https:\\\/\\\/www.stiftsforum.ch\\\/blog\\\/?p=5652\"}' class=\"tiled-gallery__gallery\"><div data-carousel-extra='{\"blog_id\":1,\"permalink\":\"https:\\\/\\\/www.stiftsforum.ch\\\/blog\\\/?p=5652\"}' class=\"tiled-gallery__row\"><div data-carousel-extra='{\"blog_id\":1,\"permalink\":\"https:\\\/\\\/www.stiftsforum.ch\\\/blog\\\/?p=5652\"}' class=\"tiled-gallery__col\" style=\"flex-basis:66.74546669006041%\"><figure class=\"tiled-gallery__item\"><img data-attachment-id=\"5653\" data-permalink=\"https:\/\/www.stiftsforum.ch\/blog\/?attachment_id=5653\" data-orig-file=\"https:\/\/i2.wp.com\/www.stiftsforum.ch\/blog\/wp-content\/uploads\/2022\/11\/20221102_143157-1-scaled.jpg?fit=2560%2C1920&amp;ssl=1\" data-orig-size=\"2560,1920\" data-comments-opened=\"1\" data-image-meta=\"{&quot;aperture&quot;:&quot;1.8&quot;,&quot;credit&quot;:&quot;&quot;,&quot;camera&quot;:&quot;SM-A528B&quot;,&quot;caption&quot;:&quot;&quot;,&quot;created_timestamp&quot;:&quot;1667399518&quot;,&quot;copyright&quot;:&quot;&quot;,&quot;focal_length&quot;:&quot;5.23&quot;,&quot;iso&quot;:&quot;125&quot;,&quot;shutter_speed&quot;:&quot;0.02&quot;,&quot;title&quot;:&quot;&quot;,&quot;orientation&quot;:&quot;1&quot;}\" data-image-title=\"20221102_143157-1\" data-image-description=\"\" data-medium-file=\"https:\/\/i2.wp.com\/www.stiftsforum.ch\/blog\/wp-content\/uploads\/2022\/11\/20221102_143157-1-scaled.jpg?fit=300%2C225&amp;ssl=1\" data-large-file=\"https:\/\/i2.wp.com\/www.stiftsforum.ch\/blog\/wp-content\/uploads\/2022\/11\/20221102_143157-1-scaled.jpg?fit=800%2C600&amp;ssl=1\" data-attachment-id=\"5653\" data-permalink=\"https:\/\/www.stiftsforum.ch\/blog\/?attachment_id=5653\" data-orig-file=\"https:\/\/i2.wp.com\/www.stiftsforum.ch\/blog\/wp-content\/uploads\/2022\/11\/20221102_143157-1-scaled.jpg?fit=2560%2C1920&amp;ssl=1\" data-orig-size=\"2560,1920\" data-comments-opened=\"1\" data-image-meta=\"{&quot;aperture&quot;:&quot;1.8&quot;,&quot;credit&quot;:&quot;&quot;,&quot;camera&quot;:&quot;SM-A528B&quot;,&quot;caption&quot;:&quot;&quot;,&quot;created_timestamp&quot;:&quot;1667399518&quot;,&quot;copyright&quot;:&quot;&quot;,&quot;focal_length&quot;:&quot;5.23&quot;,&quot;iso&quot;:&quot;125&quot;,&quot;shutter_speed&quot;:&quot;0.02&quot;,&quot;title&quot;:&quot;&quot;,&quot;orientation&quot;:&quot;1&quot;}\" data-image-title=\"20221102_143157-1\" data-image-description=\"\" data-medium-file=\"https:\/\/i2.wp.com\/www.stiftsforum.ch\/blog\/wp-content\/uploads\/2022\/11\/20221102_143157-1-scaled.jpg?fit=300%2C225&amp;ssl=1\" data-large-file=\"https:\/\/i2.wp.com\/www.stiftsforum.ch\/blog\/wp-content\/uploads\/2022\/11\/20221102_143157-1-scaled.jpg?fit=800%2C600&amp;ssl=1\" srcset=\"https:\/\/i0.wp.com\/www.stiftsforum.ch\/blog\/wp-content\/uploads\/2022\/11\/20221102_143157-1-scaled.jpg?strip=info&#038;w=600 600w,https:\/\/i0.wp.com\/www.stiftsforum.ch\/blog\/wp-content\/uploads\/2022\/11\/20221102_143157-1-scaled.jpg?strip=info&#038;w=900 900w,https:\/\/i0.wp.com\/www.stiftsforum.ch\/blog\/wp-content\/uploads\/2022\/11\/20221102_143157-1-scaled.jpg?strip=info&#038;w=1200 1200w,https:\/\/i0.wp.com\/www.stiftsforum.ch\/blog\/wp-content\/uploads\/2022\/11\/20221102_143157-1-scaled.jpg?strip=info&#038;w=1500 1500w,https:\/\/i0.wp.com\/www.stiftsforum.ch\/blog\/wp-content\/uploads\/2022\/11\/20221102_143157-1-scaled.jpg?strip=info&#038;w=1800 1800w,https:\/\/i0.wp.com\/www.stiftsforum.ch\/blog\/wp-content\/uploads\/2022\/11\/20221102_143157-1-scaled.jpg?strip=info&#038;w=1920 1920w\" alt=\"\" data-height=\"1920\" data-id=\"5653\" data-link=\"http:\/\/www.stiftsforum.ch\/blog\/?attachment_id=5653\" data-url=\"http:\/\/www.stiftsforum.ch\/blog\/wp-content\/uploads\/2022\/11\/20221102_143157-1-scaled.jpg\" data-width=\"2560\" src=\"https:\/\/i0.wp.com\/www.stiftsforum.ch\/blog\/wp-content\/uploads\/2022\/11\/20221102_143157-1-scaled.jpg\" layout=\"responsive\"\/><\/figure><\/div><div data-carousel-extra='{\"blog_id\":1,\"permalink\":\"https:\\\/\\\/www.stiftsforum.ch\\\/blog\\\/?p=5652\"}' class=\"tiled-gallery__col\" style=\"flex-basis:33.25453330993958%\"><figure class=\"tiled-gallery__item\"><img data-attachment-id=\"5655\" data-permalink=\"https:\/\/www.stiftsforum.ch\/blog\/?attachment_id=5655\" data-orig-file=\"https:\/\/i0.wp.com\/www.stiftsforum.ch\/blog\/wp-content\/uploads\/2022\/11\/20221107_110813-1-scaled.jpg?fit=2560%2C1920&amp;ssl=1\" data-orig-size=\"2560,1920\" data-comments-opened=\"1\" data-image-meta=\"{&quot;aperture&quot;:&quot;1.8&quot;,&quot;credit&quot;:&quot;&quot;,&quot;camera&quot;:&quot;SM-A528B&quot;,&quot;caption&quot;:&quot;&quot;,&quot;created_timestamp&quot;:&quot;1667819294&quot;,&quot;copyright&quot;:&quot;&quot;,&quot;focal_length&quot;:&quot;5.23&quot;,&quot;iso&quot;:&quot;200&quot;,&quot;shutter_speed&quot;:&quot;0.02&quot;,&quot;title&quot;:&quot;&quot;,&quot;orientation&quot;:&quot;1&quot;}\" data-image-title=\"20221107_110813-1\" data-image-description=\"\" data-medium-file=\"https:\/\/i0.wp.com\/www.stiftsforum.ch\/blog\/wp-content\/uploads\/2022\/11\/20221107_110813-1-scaled.jpg?fit=300%2C225&amp;ssl=1\" data-large-file=\"https:\/\/i0.wp.com\/www.stiftsforum.ch\/blog\/wp-content\/uploads\/2022\/11\/20221107_110813-1-scaled.jpg?fit=800%2C600&amp;ssl=1\" data-attachment-id=\"5655\" data-permalink=\"https:\/\/www.stiftsforum.ch\/blog\/?attachment_id=5655\" data-orig-file=\"https:\/\/i0.wp.com\/www.stiftsforum.ch\/blog\/wp-content\/uploads\/2022\/11\/20221107_110813-1-scaled.jpg?fit=2560%2C1920&amp;ssl=1\" data-orig-size=\"2560,1920\" data-comments-opened=\"1\" data-image-meta=\"{&quot;aperture&quot;:&quot;1.8&quot;,&quot;credit&quot;:&quot;&quot;,&quot;camera&quot;:&quot;SM-A528B&quot;,&quot;caption&quot;:&quot;&quot;,&quot;created_timestamp&quot;:&quot;1667819294&quot;,&quot;copyright&quot;:&quot;&quot;,&quot;focal_length&quot;:&quot;5.23&quot;,&quot;iso&quot;:&quot;200&quot;,&quot;shutter_speed&quot;:&quot;0.02&quot;,&quot;title&quot;:&quot;&quot;,&quot;orientation&quot;:&quot;1&quot;}\" data-image-title=\"20221107_110813-1\" data-image-description=\"\" data-medium-file=\"https:\/\/i0.wp.com\/www.stiftsforum.ch\/blog\/wp-content\/uploads\/2022\/11\/20221107_110813-1-scaled.jpg?fit=300%2C225&amp;ssl=1\" data-large-file=\"https:\/\/i0.wp.com\/www.stiftsforum.ch\/blog\/wp-content\/uploads\/2022\/11\/20221107_110813-1-scaled.jpg?fit=800%2C600&amp;ssl=1\" srcset=\"https:\/\/i1.wp.com\/www.stiftsforum.ch\/blog\/wp-content\/uploads\/2022\/11\/20221107_110813-1-scaled.jpg?strip=info&#038;w=600 600w,https:\/\/i1.wp.com\/www.stiftsforum.ch\/blog\/wp-content\/uploads\/2022\/11\/20221107_110813-1-scaled.jpg?strip=info&#038;w=900 900w,https:\/\/i1.wp.com\/www.stiftsforum.ch\/blog\/wp-content\/uploads\/2022\/11\/20221107_110813-1-scaled.jpg?strip=info&#038;w=1200 1200w,https:\/\/i1.wp.com\/www.stiftsforum.ch\/blog\/wp-content\/uploads\/2022\/11\/20221107_110813-1-scaled.jpg?strip=info&#038;w=1500 1500w,https:\/\/i1.wp.com\/www.stiftsforum.ch\/blog\/wp-content\/uploads\/2022\/11\/20221107_110813-1-scaled.jpg?strip=info&#038;w=1800 1800w,https:\/\/i1.wp.com\/www.stiftsforum.ch\/blog\/wp-content\/uploads\/2022\/11\/20221107_110813-1-scaled.jpg?strip=info&#038;w=1920 1920w\" alt=\"\" data-height=\"1920\" data-id=\"5655\" data-link=\"http:\/\/www.stiftsforum.ch\/blog\/?attachment_id=5655\" data-url=\"http:\/\/www.stiftsforum.ch\/blog\/wp-content\/uploads\/2022\/11\/20221107_110813-1-scaled.jpg\" data-width=\"2560\" src=\"https:\/\/i1.wp.com\/www.stiftsforum.ch\/blog\/wp-content\/uploads\/2022\/11\/20221107_110813-1-scaled.jpg\" layout=\"responsive\"\/><\/figure><figure class=\"tiled-gallery__item\"><img data-attachment-id=\"5656\" data-permalink=\"https:\/\/www.stiftsforum.ch\/blog\/?attachment_id=5656\" data-orig-file=\"https:\/\/i0.wp.com\/www.stiftsforum.ch\/blog\/wp-content\/uploads\/2022\/11\/20221107_110132-1-scaled.jpg?fit=2560%2C1920&amp;ssl=1\" data-orig-size=\"2560,1920\" data-comments-opened=\"1\" data-image-meta=\"{&quot;aperture&quot;:&quot;1.8&quot;,&quot;credit&quot;:&quot;&quot;,&quot;camera&quot;:&quot;SM-A528B&quot;,&quot;caption&quot;:&quot;&quot;,&quot;created_timestamp&quot;:&quot;1667818892&quot;,&quot;copyright&quot;:&quot;&quot;,&quot;focal_length&quot;:&quot;5.23&quot;,&quot;iso&quot;:&quot;80&quot;,&quot;shutter_speed&quot;:&quot;0.02&quot;,&quot;title&quot;:&quot;&quot;,&quot;orientation&quot;:&quot;1&quot;}\" data-image-title=\"20221107_110132-1\" data-image-description=\"\" data-medium-file=\"https:\/\/i0.wp.com\/www.stiftsforum.ch\/blog\/wp-content\/uploads\/2022\/11\/20221107_110132-1-scaled.jpg?fit=300%2C225&amp;ssl=1\" data-large-file=\"https:\/\/i0.wp.com\/www.stiftsforum.ch\/blog\/wp-content\/uploads\/2022\/11\/20221107_110132-1-scaled.jpg?fit=800%2C600&amp;ssl=1\" data-attachment-id=\"5656\" data-permalink=\"https:\/\/www.stiftsforum.ch\/blog\/?attachment_id=5656\" data-orig-file=\"https:\/\/i0.wp.com\/www.stiftsforum.ch\/blog\/wp-content\/uploads\/2022\/11\/20221107_110132-1-scaled.jpg?fit=2560%2C1920&amp;ssl=1\" data-orig-size=\"2560,1920\" data-comments-opened=\"1\" data-image-meta=\"{&quot;aperture&quot;:&quot;1.8&quot;,&quot;credit&quot;:&quot;&quot;,&quot;camera&quot;:&quot;SM-A528B&quot;,&quot;caption&quot;:&quot;&quot;,&quot;created_timestamp&quot;:&quot;1667818892&quot;,&quot;copyright&quot;:&quot;&quot;,&quot;focal_length&quot;:&quot;5.23&quot;,&quot;iso&quot;:&quot;80&quot;,&quot;shutter_speed&quot;:&quot;0.02&quot;,&quot;title&quot;:&quot;&quot;,&quot;orientation&quot;:&quot;1&quot;}\" data-image-title=\"20221107_110132-1\" data-image-description=\"\" data-medium-file=\"https:\/\/i0.wp.com\/www.stiftsforum.ch\/blog\/wp-content\/uploads\/2022\/11\/20221107_110132-1-scaled.jpg?fit=300%2C225&amp;ssl=1\" data-large-file=\"https:\/\/i0.wp.com\/www.stiftsforum.ch\/blog\/wp-content\/uploads\/2022\/11\/20221107_110132-1-scaled.jpg?fit=800%2C600&amp;ssl=1\" srcset=\"https:\/\/i1.wp.com\/www.stiftsforum.ch\/blog\/wp-content\/uploads\/2022\/11\/20221107_110132-1-scaled.jpg?strip=info&#038;w=600 600w,https:\/\/i1.wp.com\/www.stiftsforum.ch\/blog\/wp-content\/uploads\/2022\/11\/20221107_110132-1-scaled.jpg?strip=info&#038;w=900 900w,https:\/\/i1.wp.com\/www.stiftsforum.ch\/blog\/wp-content\/uploads\/2022\/11\/20221107_110132-1-scaled.jpg?strip=info&#038;w=1200 1200w,https:\/\/i1.wp.com\/www.stiftsforum.ch\/blog\/wp-content\/uploads\/2022\/11\/20221107_110132-1-scaled.jpg?strip=info&#038;w=1500 1500w,https:\/\/i1.wp.com\/www.stiftsforum.ch\/blog\/wp-content\/uploads\/2022\/11\/20221107_110132-1-scaled.jpg?strip=info&#038;w=1800 1800w,https:\/\/i1.wp.com\/www.stiftsforum.ch\/blog\/wp-content\/uploads\/2022\/11\/20221107_110132-1-scaled.jpg?strip=info&#038;w=1920 1920w\" alt=\"\" data-height=\"1920\" data-id=\"5656\" data-link=\"http:\/\/www.stiftsforum.ch\/blog\/?attachment_id=5656\" data-url=\"http:\/\/www.stiftsforum.ch\/blog\/wp-content\/uploads\/2022\/11\/20221107_110132-1-scaled.jpg\" data-width=\"2560\" src=\"https:\/\/i1.wp.com\/www.stiftsforum.ch\/blog\/wp-content\/uploads\/2022\/11\/20221107_110132-1-scaled.jpg\" layout=\"responsive\"\/><\/figure><\/div><\/div><div data-carousel-extra='{\"blog_id\":1,\"permalink\":\"https:\\\/\\\/www.stiftsforum.ch\\\/blog\\\/?p=5652\"}' class=\"tiled-gallery__row\"><div data-carousel-extra='{\"blog_id\":1,\"permalink\":\"https:\\\/\\\/www.stiftsforum.ch\\\/blog\\\/?p=5652\"}' class=\"tiled-gallery__col\" style=\"flex-basis:25%\"><figure class=\"tiled-gallery__item\"><img data-attachment-id=\"5658\" data-permalink=\"https:\/\/www.stiftsforum.ch\/blog\/?attachment_id=5658\" data-orig-file=\"https:\/\/i1.wp.com\/www.stiftsforum.ch\/blog\/wp-content\/uploads\/2022\/11\/20221107_110058-1-scaled.jpg?fit=2560%2C1920&amp;ssl=1\" data-orig-size=\"2560,1920\" data-comments-opened=\"1\" data-image-meta=\"{&quot;aperture&quot;:&quot;1.8&quot;,&quot;credit&quot;:&quot;&quot;,&quot;camera&quot;:&quot;SM-A528B&quot;,&quot;caption&quot;:&quot;&quot;,&quot;created_timestamp&quot;:&quot;1667818858&quot;,&quot;copyright&quot;:&quot;&quot;,&quot;focal_length&quot;:&quot;5.23&quot;,&quot;iso&quot;:&quot;250&quot;,&quot;shutter_speed&quot;:&quot;0.02&quot;,&quot;title&quot;:&quot;&quot;,&quot;orientation&quot;:&quot;1&quot;}\" data-image-title=\"20221107_110058-1\" data-image-description=\"\" data-medium-file=\"https:\/\/i1.wp.com\/www.stiftsforum.ch\/blog\/wp-content\/uploads\/2022\/11\/20221107_110058-1-scaled.jpg?fit=300%2C225&amp;ssl=1\" data-large-file=\"https:\/\/i1.wp.com\/www.stiftsforum.ch\/blog\/wp-content\/uploads\/2022\/11\/20221107_110058-1-scaled.jpg?fit=800%2C600&amp;ssl=1\" data-attachment-id=\"5658\" data-permalink=\"https:\/\/www.stiftsforum.ch\/blog\/?attachment_id=5658\" data-orig-file=\"https:\/\/i1.wp.com\/www.stiftsforum.ch\/blog\/wp-content\/uploads\/2022\/11\/20221107_110058-1-scaled.jpg?fit=2560%2C1920&amp;ssl=1\" data-orig-size=\"2560,1920\" data-comments-opened=\"1\" data-image-meta=\"{&quot;aperture&quot;:&quot;1.8&quot;,&quot;credit&quot;:&quot;&quot;,&quot;camera&quot;:&quot;SM-A528B&quot;,&quot;caption&quot;:&quot;&quot;,&quot;created_timestamp&quot;:&quot;1667818858&quot;,&quot;copyright&quot;:&quot;&quot;,&quot;focal_length&quot;:&quot;5.23&quot;,&quot;iso&quot;:&quot;250&quot;,&quot;shutter_speed&quot;:&quot;0.02&quot;,&quot;title&quot;:&quot;&quot;,&quot;orientation&quot;:&quot;1&quot;}\" data-image-title=\"20221107_110058-1\" data-image-description=\"\" data-medium-file=\"https:\/\/i1.wp.com\/www.stiftsforum.ch\/blog\/wp-content\/uploads\/2022\/11\/20221107_110058-1-scaled.jpg?fit=300%2C225&amp;ssl=1\" data-large-file=\"https:\/\/i1.wp.com\/www.stiftsforum.ch\/blog\/wp-content\/uploads\/2022\/11\/20221107_110058-1-scaled.jpg?fit=800%2C600&amp;ssl=1\" srcset=\"https:\/\/i2.wp.com\/www.stiftsforum.ch\/blog\/wp-content\/uploads\/2022\/11\/20221107_110058-1-scaled.jpg?strip=info&#038;w=600 600w,https:\/\/i2.wp.com\/www.stiftsforum.ch\/blog\/wp-content\/uploads\/2022\/11\/20221107_110058-1-scaled.jpg?strip=info&#038;w=900 900w,https:\/\/i2.wp.com\/www.stiftsforum.ch\/blog\/wp-content\/uploads\/2022\/11\/20221107_110058-1-scaled.jpg?strip=info&#038;w=1200 1200w,https:\/\/i2.wp.com\/www.stiftsforum.ch\/blog\/wp-content\/uploads\/2022\/11\/20221107_110058-1-scaled.jpg?strip=info&#038;w=1500 1500w,https:\/\/i2.wp.com\/www.stiftsforum.ch\/blog\/wp-content\/uploads\/2022\/11\/20221107_110058-1-scaled.jpg?strip=info&#038;w=1800 1800w,https:\/\/i2.wp.com\/www.stiftsforum.ch\/blog\/wp-content\/uploads\/2022\/11\/20221107_110058-1-scaled.jpg?strip=info&#038;w=1920 1920w\" alt=\"\" data-height=\"1920\" data-id=\"5658\" data-link=\"http:\/\/www.stiftsforum.ch\/blog\/?attachment_id=5658\" data-url=\"http:\/\/www.stiftsforum.ch\/blog\/wp-content\/uploads\/2022\/11\/20221107_110058-1-scaled.jpg\" data-width=\"2560\" src=\"https:\/\/i2.wp.com\/www.stiftsforum.ch\/blog\/wp-content\/uploads\/2022\/11\/20221107_110058-1-scaled.jpg\" layout=\"responsive\"\/><\/figure><\/div><div data-carousel-extra='{\"blog_id\":1,\"permalink\":\"https:\\\/\\\/www.stiftsforum.ch\\\/blog\\\/?p=5652\"}' class=\"tiled-gallery__col\" style=\"flex-basis:25%\"><figure class=\"tiled-gallery__item\"><img data-attachment-id=\"5659\" data-permalink=\"https:\/\/www.stiftsforum.ch\/blog\/?attachment_id=5659\" data-orig-file=\"https:\/\/i2.wp.com\/www.stiftsforum.ch\/blog\/wp-content\/uploads\/2022\/11\/20221107_103436-1-scaled.jpg?fit=2560%2C1920&amp;ssl=1\" data-orig-size=\"2560,1920\" data-comments-opened=\"1\" data-image-meta=\"{&quot;aperture&quot;:&quot;1.8&quot;,&quot;credit&quot;:&quot;&quot;,&quot;camera&quot;:&quot;SM-A528B&quot;,&quot;caption&quot;:&quot;&quot;,&quot;created_timestamp&quot;:&quot;1667817277&quot;,&quot;copyright&quot;:&quot;&quot;,&quot;focal_length&quot;:&quot;5.23&quot;,&quot;iso&quot;:&quot;1250&quot;,&quot;shutter_speed&quot;:&quot;0.04&quot;,&quot;title&quot;:&quot;&quot;,&quot;orientation&quot;:&quot;1&quot;}\" data-image-title=\"20221107_103436-1\" data-image-description=\"\" data-medium-file=\"https:\/\/i2.wp.com\/www.stiftsforum.ch\/blog\/wp-content\/uploads\/2022\/11\/20221107_103436-1-scaled.jpg?fit=300%2C225&amp;ssl=1\" data-large-file=\"https:\/\/i2.wp.com\/www.stiftsforum.ch\/blog\/wp-content\/uploads\/2022\/11\/20221107_103436-1-scaled.jpg?fit=800%2C600&amp;ssl=1\" data-attachment-id=\"5659\" data-permalink=\"https:\/\/www.stiftsforum.ch\/blog\/?attachment_id=5659\" data-orig-file=\"https:\/\/i2.wp.com\/www.stiftsforum.ch\/blog\/wp-content\/uploads\/2022\/11\/20221107_103436-1-scaled.jpg?fit=2560%2C1920&amp;ssl=1\" data-orig-size=\"2560,1920\" data-comments-opened=\"1\" data-image-meta=\"{&quot;aperture&quot;:&quot;1.8&quot;,&quot;credit&quot;:&quot;&quot;,&quot;camera&quot;:&quot;SM-A528B&quot;,&quot;caption&quot;:&quot;&quot;,&quot;created_timestamp&quot;:&quot;1667817277&quot;,&quot;copyright&quot;:&quot;&quot;,&quot;focal_length&quot;:&quot;5.23&quot;,&quot;iso&quot;:&quot;1250&quot;,&quot;shutter_speed&quot;:&quot;0.04&quot;,&quot;title&quot;:&quot;&quot;,&quot;orientation&quot;:&quot;1&quot;}\" data-image-title=\"20221107_103436-1\" data-image-description=\"\" data-medium-file=\"https:\/\/i2.wp.com\/www.stiftsforum.ch\/blog\/wp-content\/uploads\/2022\/11\/20221107_103436-1-scaled.jpg?fit=300%2C225&amp;ssl=1\" data-large-file=\"https:\/\/i2.wp.com\/www.stiftsforum.ch\/blog\/wp-content\/uploads\/2022\/11\/20221107_103436-1-scaled.jpg?fit=800%2C600&amp;ssl=1\" srcset=\"https:\/\/i1.wp.com\/www.stiftsforum.ch\/blog\/wp-content\/uploads\/2022\/11\/20221107_103436-1-scaled.jpg?strip=info&#038;w=600 600w,https:\/\/i1.wp.com\/www.stiftsforum.ch\/blog\/wp-content\/uploads\/2022\/11\/20221107_103436-1-scaled.jpg?strip=info&#038;w=900 900w,https:\/\/i1.wp.com\/www.stiftsforum.ch\/blog\/wp-content\/uploads\/2022\/11\/20221107_103436-1-scaled.jpg?strip=info&#038;w=1200 1200w,https:\/\/i1.wp.com\/www.stiftsforum.ch\/blog\/wp-content\/uploads\/2022\/11\/20221107_103436-1-scaled.jpg?strip=info&#038;w=1500 1500w,https:\/\/i1.wp.com\/www.stiftsforum.ch\/blog\/wp-content\/uploads\/2022\/11\/20221107_103436-1-scaled.jpg?strip=info&#038;w=1800 1800w,https:\/\/i1.wp.com\/www.stiftsforum.ch\/blog\/wp-content\/uploads\/2022\/11\/20221107_103436-1-scaled.jpg?strip=info&#038;w=1920 1920w\" alt=\"\" data-height=\"1920\" data-id=\"5659\" data-link=\"http:\/\/www.stiftsforum.ch\/blog\/?attachment_id=5659\" data-url=\"http:\/\/www.stiftsforum.ch\/blog\/wp-content\/uploads\/2022\/11\/20221107_103436-1-scaled.jpg\" data-width=\"2560\" src=\"https:\/\/i1.wp.com\/www.stiftsforum.ch\/blog\/wp-content\/uploads\/2022\/11\/20221107_103436-1-scaled.jpg\" layout=\"responsive\"\/><\/figure><\/div><div data-carousel-extra='{\"blog_id\":1,\"permalink\":\"https:\\\/\\\/www.stiftsforum.ch\\\/blog\\\/?p=5652\"}' class=\"tiled-gallery__col\" style=\"flex-basis:25%\"><figure class=\"tiled-gallery__item\"><img data-attachment-id=\"5660\" data-permalink=\"https:\/\/www.stiftsforum.ch\/blog\/?attachment_id=5660\" data-orig-file=\"https:\/\/i2.wp.com\/www.stiftsforum.ch\/blog\/wp-content\/uploads\/2022\/11\/20221107_103431-1-scaled.jpg?fit=2560%2C1920&amp;ssl=1\" data-orig-size=\"2560,1920\" data-comments-opened=\"1\" data-image-meta=\"{&quot;aperture&quot;:&quot;1.8&quot;,&quot;credit&quot;:&quot;&quot;,&quot;camera&quot;:&quot;SM-A528B&quot;,&quot;caption&quot;:&quot;&quot;,&quot;created_timestamp&quot;:&quot;1667817271&quot;,&quot;copyright&quot;:&quot;&quot;,&quot;focal_length&quot;:&quot;5.23&quot;,&quot;iso&quot;:&quot;320&quot;,&quot;shutter_speed&quot;:&quot;0.02&quot;,&quot;title&quot;:&quot;&quot;,&quot;orientation&quot;:&quot;1&quot;}\" data-image-title=\"20221107_103431-1\" data-image-description=\"\" data-medium-file=\"https:\/\/i2.wp.com\/www.stiftsforum.ch\/blog\/wp-content\/uploads\/2022\/11\/20221107_103431-1-scaled.jpg?fit=300%2C225&amp;ssl=1\" data-large-file=\"https:\/\/i2.wp.com\/www.stiftsforum.ch\/blog\/wp-content\/uploads\/2022\/11\/20221107_103431-1-scaled.jpg?fit=800%2C600&amp;ssl=1\" data-attachment-id=\"5660\" data-permalink=\"https:\/\/www.stiftsforum.ch\/blog\/?attachment_id=5660\" data-orig-file=\"https:\/\/i2.wp.com\/www.stiftsforum.ch\/blog\/wp-content\/uploads\/2022\/11\/20221107_103431-1-scaled.jpg?fit=2560%2C1920&amp;ssl=1\" data-orig-size=\"2560,1920\" data-comments-opened=\"1\" data-image-meta=\"{&quot;aperture&quot;:&quot;1.8&quot;,&quot;credit&quot;:&quot;&quot;,&quot;camera&quot;:&quot;SM-A528B&quot;,&quot;caption&quot;:&quot;&quot;,&quot;created_timestamp&quot;:&quot;1667817271&quot;,&quot;copyright&quot;:&quot;&quot;,&quot;focal_length&quot;:&quot;5.23&quot;,&quot;iso&quot;:&quot;320&quot;,&quot;shutter_speed&quot;:&quot;0.02&quot;,&quot;title&quot;:&quot;&quot;,&quot;orientation&quot;:&quot;1&quot;}\" data-image-title=\"20221107_103431-1\" data-image-description=\"\" data-medium-file=\"https:\/\/i2.wp.com\/www.stiftsforum.ch\/blog\/wp-content\/uploads\/2022\/11\/20221107_103431-1-scaled.jpg?fit=300%2C225&amp;ssl=1\" data-large-file=\"https:\/\/i2.wp.com\/www.stiftsforum.ch\/blog\/wp-content\/uploads\/2022\/11\/20221107_103431-1-scaled.jpg?fit=800%2C600&amp;ssl=1\" srcset=\"https:\/\/i0.wp.com\/www.stiftsforum.ch\/blog\/wp-content\/uploads\/2022\/11\/20221107_103431-1-scaled.jpg?strip=info&#038;w=600 600w,https:\/\/i0.wp.com\/www.stiftsforum.ch\/blog\/wp-content\/uploads\/2022\/11\/20221107_103431-1-scaled.jpg?strip=info&#038;w=900 900w,https:\/\/i0.wp.com\/www.stiftsforum.ch\/blog\/wp-content\/uploads\/2022\/11\/20221107_103431-1-scaled.jpg?strip=info&#038;w=1200 1200w,https:\/\/i0.wp.com\/www.stiftsforum.ch\/blog\/wp-content\/uploads\/2022\/11\/20221107_103431-1-scaled.jpg?strip=info&#038;w=1500 1500w,https:\/\/i0.wp.com\/www.stiftsforum.ch\/blog\/wp-content\/uploads\/2022\/11\/20221107_103431-1-scaled.jpg?strip=info&#038;w=1800 1800w,https:\/\/i0.wp.com\/www.stiftsforum.ch\/blog\/wp-content\/uploads\/2022\/11\/20221107_103431-1-scaled.jpg?strip=info&#038;w=1920 1920w\" alt=\"\" data-height=\"1920\" data-id=\"5660\" data-link=\"http:\/\/www.stiftsforum.ch\/blog\/?attachment_id=5660\" data-url=\"http:\/\/www.stiftsforum.ch\/blog\/wp-content\/uploads\/2022\/11\/20221107_103431-1-scaled.jpg\" data-width=\"2560\" src=\"https:\/\/i0.wp.com\/www.stiftsforum.ch\/blog\/wp-content\/uploads\/2022\/11\/20221107_103431-1-scaled.jpg\" layout=\"responsive\"\/><\/figure><\/div><div data-carousel-extra='{\"blog_id\":1,\"permalink\":\"https:\\\/\\\/www.stiftsforum.ch\\\/blog\\\/?p=5652\"}' class=\"tiled-gallery__col\" style=\"flex-basis:25%\"><figure class=\"tiled-gallery__item\"><img data-attachment-id=\"5661\" data-permalink=\"https:\/\/www.stiftsforum.ch\/blog\/?attachment_id=5661\" data-orig-file=\"https:\/\/i0.wp.com\/www.stiftsforum.ch\/blog\/wp-content\/uploads\/2022\/11\/20221107_101740-1-scaled.jpg?fit=2560%2C1920&amp;ssl=1\" data-orig-size=\"2560,1920\" data-comments-opened=\"1\" data-image-meta=\"{&quot;aperture&quot;:&quot;1.8&quot;,&quot;credit&quot;:&quot;&quot;,&quot;camera&quot;:&quot;SM-A528B&quot;,&quot;caption&quot;:&quot;&quot;,&quot;created_timestamp&quot;:&quot;1667816261&quot;,&quot;copyright&quot;:&quot;&quot;,&quot;focal_length&quot;:&quot;5.23&quot;,&quot;iso&quot;:&quot;2000&quot;,&quot;shutter_speed&quot;:&quot;0.04&quot;,&quot;title&quot;:&quot;&quot;,&quot;orientation&quot;:&quot;1&quot;}\" data-image-title=\"20221107_101740-1\" data-image-description=\"\" data-medium-file=\"https:\/\/i0.wp.com\/www.stiftsforum.ch\/blog\/wp-content\/uploads\/2022\/11\/20221107_101740-1-scaled.jpg?fit=300%2C225&amp;ssl=1\" data-large-file=\"https:\/\/i0.wp.com\/www.stiftsforum.ch\/blog\/wp-content\/uploads\/2022\/11\/20221107_101740-1-scaled.jpg?fit=800%2C600&amp;ssl=1\" data-attachment-id=\"5661\" data-permalink=\"https:\/\/www.stiftsforum.ch\/blog\/?attachment_id=5661\" data-orig-file=\"https:\/\/i0.wp.com\/www.stiftsforum.ch\/blog\/wp-content\/uploads\/2022\/11\/20221107_101740-1-scaled.jpg?fit=2560%2C1920&amp;ssl=1\" data-orig-size=\"2560,1920\" data-comments-opened=\"1\" data-image-meta=\"{&quot;aperture&quot;:&quot;1.8&quot;,&quot;credit&quot;:&quot;&quot;,&quot;camera&quot;:&quot;SM-A528B&quot;,&quot;caption&quot;:&quot;&quot;,&quot;created_timestamp&quot;:&quot;1667816261&quot;,&quot;copyright&quot;:&quot;&quot;,&quot;focal_length&quot;:&quot;5.23&quot;,&quot;iso&quot;:&quot;2000&quot;,&quot;shutter_speed&quot;:&quot;0.04&quot;,&quot;title&quot;:&quot;&quot;,&quot;orientation&quot;:&quot;1&quot;}\" data-image-title=\"20221107_101740-1\" data-image-description=\"\" data-medium-file=\"https:\/\/i0.wp.com\/www.stiftsforum.ch\/blog\/wp-content\/uploads\/2022\/11\/20221107_101740-1-scaled.jpg?fit=300%2C225&amp;ssl=1\" data-large-file=\"https:\/\/i0.wp.com\/www.stiftsforum.ch\/blog\/wp-content\/uploads\/2022\/11\/20221107_101740-1-scaled.jpg?fit=800%2C600&amp;ssl=1\" srcset=\"https:\/\/i2.wp.com\/www.stiftsforum.ch\/blog\/wp-content\/uploads\/2022\/11\/20221107_101740-1-scaled.jpg?strip=info&#038;w=600 600w,https:\/\/i2.wp.com\/www.stiftsforum.ch\/blog\/wp-content\/uploads\/2022\/11\/20221107_101740-1-scaled.jpg?strip=info&#038;w=900 900w,https:\/\/i2.wp.com\/www.stiftsforum.ch\/blog\/wp-content\/uploads\/2022\/11\/20221107_101740-1-scaled.jpg?strip=info&#038;w=1200 1200w,https:\/\/i2.wp.com\/www.stiftsforum.ch\/blog\/wp-content\/uploads\/2022\/11\/20221107_101740-1-scaled.jpg?strip=info&#038;w=1500 1500w,https:\/\/i2.wp.com\/www.stiftsforum.ch\/blog\/wp-content\/uploads\/2022\/11\/20221107_101740-1-scaled.jpg?strip=info&#038;w=1800 1800w,https:\/\/i2.wp.com\/www.stiftsforum.ch\/blog\/wp-content\/uploads\/2022\/11\/20221107_101740-1-scaled.jpg?strip=info&#038;w=1920 1920w\" alt=\"\" data-height=\"1920\" data-id=\"5661\" data-link=\"http:\/\/www.stiftsforum.ch\/blog\/?attachment_id=5661\" data-url=\"http:\/\/www.stiftsforum.ch\/blog\/wp-content\/uploads\/2022\/11\/20221107_101740-1-scaled.jpg\" data-width=\"2560\" src=\"https:\/\/i2.wp.com\/www.stiftsforum.ch\/blog\/wp-content\/uploads\/2022\/11\/20221107_101740-1-scaled.jpg\" layout=\"responsive\"\/><\/figure><\/div><\/div><\/div><\/div>\n\n\n\n<p><em>J\u00fcrg Rohner organisierte die Exkursion im Rahmen des Geschichtsunterrichts.<\/em><\/p>\n\n\n\n<p>\u2022\u00a0\u00a0\u00a0\u00a0\u00a0 <strong>Was war der Anlass, um ins Landesmuseum zu fahren?<\/strong><\/p>\n\n\n\n<p>Im Unterricht behandeln wir die Vorgeschichte, also die Zeit, von der es keine schriftlichen Quellen gibt. Ferner haben wir angeschaut, wie die Historikerin bzw. der Historiker genau arbeitet. Diese beiden Themen finden sich kombiniert im Arbeitsfeld der Arch\u00e4ologie wieder. Und weil das Landesmuseum einen Workshop zur Arch\u00e4ologie anbietet, haben wir diese Gelegenheit gerne wahrgenommen.<\/p>\n\n\n\n<p>\u2022\u00a0\u00a0\u00a0\u00a0\u00a0\u00a0\u00a0\u00a0\u00a0\u00a0\u00a0 <strong>Wie hiess der Workshop?<\/strong><\/p>\n\n\n\n<p>Der Workshop, den die Klassen 1b und 1c am 2. November im Wechsel besucht haben, hiess &#8220;Arch\u00e4ologie Schweiz &#8211; Sch\u00e4tze aus alter Zeit&#8221; und dauerte eine Stunde. Die andere Klasse war jeweils in der Ausstellung zur Schweizer Geschichte unterwegs und l\u00f6ste dort einen schriftlichen Auftrag. Der Workshop, den die Klasse 1a am 7. November besucht hat, hiess &#8220;Arch\u00e4ologie Schweiz &#8211; Faszination Arch\u00e4ologie&#8221; und dauerte zwei Stunden.<\/p>\n\n\n\n<p>\u2022\u00a0\u00a0\u00a0\u00a0\u00a0\u00a0\u00a0\u00a0\u00a0\u00a0\u00a0 <strong>Welches Ausstellungsst\u00fcck findest Du am beeindruckendsten?<\/strong><\/p>\n\n\n\n<p>Das ist eine schwierige Frage. So viele Gegenst\u00e4nde haben mich beeindruckt. Am meisten stach dabei vielleicht diese eine Tonkrugscherbe heraus, auf welcher sich der Fingerabdruck des T\u00f6pfers oder der T\u00f6pferin erhalten hat. Dieser kleine Fingerabdruck hat uns vergegenw\u00e4rtigt, wie nah und doch fern uns jene Zeit ist.<\/p>\n\n\n\n<p>\u2022\u00a0\u00a0\u00a0\u00a0\u00a0\u00a0\u00a0\u00a0\u00a0\u00a0\u00a0 <strong>Was konnten die Sch\u00fcler praktisch ausprobieren?<\/strong><\/p>\n\n\n\n<p>Die Sch\u00fclerinnen und Sch\u00fcler konnte selbst originale Fundst\u00fccke wie Speerspitzen, M\u00fcnzen, Faustkeile und Schmuckgegenst\u00e4nde in die H\u00e4nde nehmen. Einen kleinen Schock hatte ich, als ein Sch\u00fcler die Speerspitze, die mehrere Tausend Jahre alt ist, versehentlich fallen liess. Gl\u00fccklicherweise ist sie heil geblieben.<\/p>\n\n\n\n<p>\u2022\u00a0\u00a0\u00a0\u00a0\u00a0\u00a0\u00a0\u00a0\u00a0\u00a0\u00a0 <strong>Aus welcher Zeit stammen die &#8220;ausgegrabenen&#8221; Gegenst\u00e4nde, die Ihr gesehen habt?<\/strong><\/p>\n\n\n\n<p>Wir haben Fundgegenst\u00e4nde aus der Altsteinzeit, Jungsteinzeit, Bronzezeit, Eisenzeit und R\u00f6merzeit begutachten k\u00f6nnen; und alle sind in der Schweiz gefunden worden.<\/p>\n","protected":false},"excerpt":{"rendered":"<p>Die Klassen 1b &amp; 1c der Stiftsschule Einsiedeln besuchten das Landesmuseum in Z\u00fcrich. J\u00fcrg Rohner organisierte die Exkursion im Rahmen<\/p>\n","protected":false},"author":1,"featured_media":5658,"comment_status":"open","ping_status":"closed","sticky":false,"template":"","format":"standard","meta":{"spay_email":"","jetpack_publicize_message":"","jetpack_is_tweetstorm":false},"categories":[25,29,8,4],"tags":[],"jetpack_featured_media_url":"https:\/\/i1.wp.com\/www.stiftsforum.ch\/blog\/wp-content\/uploads\/2022\/11\/20221107_110058-1-scaled.jpg?fit=2560%2C1920&ssl=1","jetpack_publicize_connections":[],"jetpack_sharing_enabled":true,"jetpack_shortlink":"https:\/\/wp.me\/p9nzRF-1ta","jetpack_likes_enabled":true,"jetpack-related-posts":[{"id":5151,"url":"https:\/\/www.stiftsforum.ch\/blog\/?p=5151","url_meta":{"origin":5652,"position":0},"title":"\" Anfangs ist es zwar stressig, doch man gew\u00f6hnt sich daran und schafft es auch.\" - R\u00fcckblick auf das alte Schuljahr","date":"Juni 21, 2022","format":false,"excerpt":"Von Jordi R\u00f6sser 1b und Tobias Nyffeler 1a Es ist bald schon wieder so weit und die neuen 1.Kl\u00e4ssler haben ihren ersten Schultag an der Stiftsschule. F\u00fcr die jetzigen 1.Kl\u00e4ssler ist das nichts Neues. Doch als ich selbst neu an der Schule war, fand ich alles sehr aufregend. Das erste\u2026","rel":"","context":"In &quot;Allgemein&quot;","img":{"alt_text":"","src":"https:\/\/i0.wp.com\/www.stiftsforum.ch\/blog\/wp-content\/uploads\/2022\/06\/Bild_2022-06-21_164826592.png?fit=1200%2C660&ssl=1&resize=350%2C200","width":350,"height":200},"classes":[]},{"id":2660,"url":"https:\/\/www.stiftsforum.ch\/blog\/?p=2660","url_meta":{"origin":5652,"position":1},"title":"Die Stiftsschule feiert in f\u00fcnf Stunden um die Welt","date":"November 16, 2018","format":false,"excerpt":"Von Francesco De Vecchi Im Zug nach W\u00e4denswil herrscht Feststimmung. Burschen und M\u00e4dchen, ein buntes junges Volk, noch die Feierlaune und schon den Schlummer in den Augen, in ausgelassene Gespr\u00e4che und unbeschwertes Treiben vertieft. \u00abEs esch scho mega cool gsi!\u00bb, sagt eine Sch\u00fclerin zu ihrem Nachbarn: Die gesamte Schule habe\u2026","rel":"","context":"In &quot;Kommentar&quot;","img":{"alt_text":"","src":"https:\/\/i2.wp.com\/www.stiftsforum.ch\/blog\/wp-content\/uploads\/2018\/11\/MG_2483.jpg?fit=1200%2C800&ssl=1&resize=350%2C200","width":350,"height":200},"classes":[]},{"id":6514,"url":"https:\/\/www.stiftsforum.ch\/blog\/?p=6514","url_meta":{"origin":5652,"position":2},"title":"Junge Journalisten. Die Ringier-Journalistenschule zu Gast in Kloster und Stiftsschule Einsiedeln","date":"November 1, 2023","format":false,"excerpt":"-Von Penthesilea Glamheden, Scarlet V\u00f6gele, Rita Moser und Celine L\u00fcscher, 1b Am 25. Oktober 2023 besuchten 11 Studenten sowie Schulleiter Peter Hossli der Ringier Journalistenschule das Kloster und zwei Klassen der Stiftsschule Einsiedeln. \u00a0Die G\u00e4ste erz\u00e4hlten den Sch\u00fclern von ihrer Karriere als Journalisten und gaben ihnen Tipps mit auf den\u2026","rel":"","context":"In &quot;Allgemein&quot;","img":{"alt_text":"","src":"https:\/\/i0.wp.com\/www.stiftsforum.ch\/blog\/wp-content\/uploads\/2023\/11\/20231025_151031_resized.jpg?fit=1156%2C867&ssl=1&resize=350%2C200","width":350,"height":200},"classes":[]},{"id":6606,"url":"https:\/\/www.stiftsforum.ch\/blog\/?p=6606","url_meta":{"origin":5652,"position":3},"title":"Weihnachts-Spendenaktion an der Stiftsschule","date":"Dezember 21, 2023","format":false,"excerpt":"Durch die Idee von Jasmine Quanbrough und die gemeinsame Planung und Umsetzung mit P. Thomas von der Schulseelsorge konnten dieses Jahr 21 Weihnachtsw\u00fcnsche sozial bed\u00fcrftiger Familien erf\u00fcllt und 20 Semester-Stipendien f\u00fcr unsere Partnerschule in Namwala (Sambia) mit einem Gesamtwert von 1500 CHF vergeben werden. Frohe Weihnachten an alle Schenkenden und\u2026","rel":"","context":"In &quot;Allgemein&quot;","img":{"alt_text":"","src":"https:\/\/i0.wp.com\/www.stiftsforum.ch\/blog\/wp-content\/uploads\/2023\/12\/20231220_130919_resized-1.jpg?fit=1200%2C900&ssl=1&resize=350%2C200","width":350,"height":200},"classes":[]},{"id":4449,"url":"https:\/\/www.stiftsforum.ch\/blog\/?p=4449","url_meta":{"origin":5652,"position":4},"title":"\"Die Integration der M\u00e4dchen vollzog sich sehr organisch und selbstverst\u00e4ndlich\"","date":"April 27, 2021","format":false,"excerpt":"50 Jahre M\u00e4dchen an der Stiftsschule H\u00e4tte P. Thomas F\u00e4ssler nicht darauf aufmerksam gemacht, w\u00e4re in diesem Schuljahr ein Jubil\u00e4um fast vergessen worden: Seit genau 50 Jahren wird an der Stiftsschule koedukativ unterrichtet. Im Schuljahr 1970\/71 kamen die ersten sieben M\u00e4dchen in die ersten Klassen und eine erstaunlich unscheinbare, aber\u2026","rel":"","context":"In &quot;Allgemein&quot;","img":{"alt_text":"","src":"https:\/\/i0.wp.com\/www.stiftsforum.ch\/blog\/wp-content\/uploads\/2021\/04\/IMG-20210428-WA0000-1.jpg?fit=1200%2C900&ssl=1&resize=350%2C200","width":350,"height":200},"classes":[]},{"id":6195,"url":"https:\/\/www.stiftsforum.ch\/blog\/?p=6195","url_meta":{"origin":5652,"position":5},"title":"\u00abAuch Kleinigkeiten k\u00f6nnen den Schulalltag massiv verbessern\"","date":"April 15, 2023","format":false,"excerpt":"Text: Sophia Br\u00fcllmann Grafik: Raya Fankhauser Der Sch\u00fclerrat der Stiftsschule Einsiedeln wirkt auf uns wie ein eingespieltes Team, eine Gemeinschaft. Ihr Ziel ist es, die Interessen der Sch\u00fcler zu vertreten, und die Schule in einigen, wenn auch kleinen, Aspekten zu verbessern. Sie kennen aber auch ihre Grenzen. Mehr \u00fcber den\u2026","rel":"","context":"In &quot;Allgemein&quot;","img":{"alt_text":"","src":"https:\/\/i1.wp.com\/www.stiftsforum.ch\/blog\/wp-content\/uploads\/2023\/04\/Schuelerrat.jpg?fit=416%2C235&ssl=1&resize=350%2C200","width":350,"height":200},"classes":[]}],"_links":{"self":[{"href":"https:\/\/www.stiftsforum.ch\/blog\/index.php?rest_route=\/wp\/v2\/posts\/5652"}],"collection":[{"href":"https:\/\/www.stiftsforum.ch\/blog\/index.php?rest_route=\/wp\/v2\/posts"}],"about":[{"href":"https:\/\/www.stiftsforum.ch\/blog\/index.php?rest_route=\/wp\/v2\/types\/post"}],"author":[{"embeddable":true,"href":"https:\/\/www.stiftsforum.ch\/blog\/index.php?rest_route=\/wp\/v2\/users\/1"}],"replies":[{"embeddable":true,"href":"https:\/\/www.stiftsforum.ch\/blog\/index.php?rest_route=%2Fwp%2Fv2%2Fcomments&post=5652"}],"version-history":[{"count":2,"href":"https:\/\/www.stiftsforum.ch\/blog\/index.php?rest_route=\/wp\/v2\/posts\/5652\/revisions"}],"predecessor-version":[{"id":5665,"href":"https:\/\/www.stiftsforum.ch\/blog\/index.php?rest_route=\/wp\/v2\/posts\/5652\/revisions\/5665"}],"wp:featuredmedia":[{"embeddable":true,"href":"https:\/\/www.stiftsforum.ch\/blog\/index.php?rest_route=\/wp\/v2\/media\/5658"}],"wp:attachment":[{"href":"https:\/\/www.stiftsforum.ch\/blog\/index.php?rest_route=%2Fwp%2Fv2%2Fmedia&parent=5652"}],"wp:term":[{"taxonomy":"category","embeddable":true,"href":"https:\/\/www.stiftsforum.ch\/blog\/index.php?rest_route=%2Fwp%2Fv2%2Fcategories&post=5652"},{"taxonomy":"post_tag","embeddable":true,"href":"https:\/\/www.stiftsforum.ch\/blog\/index.php?rest_route=%2Fwp%2Fv2%2Ftags&post=5652"}],"curies":[{"name":"wp","href":"https:\/\/api.w.org\/{rel}","templated":true}]}}