{"id":5668,"date":"2022-11-19T09:55:45","date_gmt":"2022-11-19T08:55:45","guid":{"rendered":"http:\/\/www.stiftsforum.ch\/blog\/?p=5668"},"modified":"2022-11-19T18:09:20","modified_gmt":"2022-11-19T17:09:20","slug":"schuelerzeitungsmitglieder-treffen-waschechte-journalisten","status":"publish","type":"post","link":"https:\/\/www.stiftsforum.ch\/blog\/?p=5668","title":{"rendered":"Sch\u00fclerzeitungsmitglieder treffen waschechte Journalisten"},"content":{"rendered":"\n<p>Besuch beim Einsiedler Anzeiger <\/p>\n\n\n\n<p>Raya Fankhauser \/ Lilly Hetmank<\/p>\n\n\n\n<p>Vergangener Montag um 16:30 Uhr betraten die Mitglieder der Sch\u00fclerzeitung das Zuhause der Einsiedler Journalisten. Zuerst lernten wir den Chef der Redaktion kennen: Viktor K\u00e4lin. Er f\u00fchrte uns durch die Redaktion und beschrieb die t\u00e4gliche Arbeit eines Journalisten.<\/p>\n\n\n\n<p>Es war ganz leise, denn alle\u00a0 arbeiteten konzentriert an ihren Artikeln, die sie in letzter Minute (n\u00e4mlich bis um 17:00 Uhr) noch fertigstellen mussten. Immer dienstags und freitags werden mehrere tausend St\u00fcck der Zeitung gedruckt.<\/p>\n\n\n\n<p>Als wir vom Chefredakteur in den oberen Stock gef\u00fchrt wurden, stockte uns der Atem. Auf dem Boden lagen unz\u00e4hlige Papiere, bedruckt mit den Zeitungsartikeln f\u00fcr die n\u00e4chste Ausgabe. Gewisse S\u00e4tze waren darauf markiert und gewisse durchgestrichen. Bis 17 Uhr war noch einiges zu tun!<\/p>\n\n\n\n<p>Nun nahm es uns aber auch noch wunder, wie viele Exemplare denn \u00fcberhaupt produziert werden. \u00abJe nach Auflage drucken wir 5 000 bis 11 000 Exemplare\u00bb, erz\u00e4hlte uns Viktor K\u00e4lin.<\/p>\n\n\n\n<p>Darauf f\u00fchrte er uns zu Lukas Schuhmacher, dem \u00abHexenmeister des Layouts\u00bb. Erhalten hat er diesen Namen, weil der Chefredakteur meinte, er arbeite so gut mit der Textformatierung und dem Verschieben der Bilder, dass es schon fast an Hexerei grenze. Er zeigte uns extra, was er den ganzen Tag so arbeitete. Lukas Schuhmacher ist zudem, laut Aussage das Chefredakteurs, der beste Fotograf der Welt. Seine Leidenschaft, die Fotografie, sah man an den vielen Bildern, die um seinen Schreibtisch hingen.<\/p>\n\n\n\n<p>Bald war es auch schon f\u00fcnf Uhr und wir verabschiedeten uns von den Journalisten. Schlussendlich w\u00fcrden wir meinen, dass dies ein erfolgreicher Besuch war und wir alle viel lernen konnten.<\/p>\n\n\n\n<figure class=\"wp-block-image size-large is-resized\"><a href=\"https:\/\/i0.wp.com\/www.stiftsforum.ch\/blog\/wp-content\/uploads\/2022\/11\/MicrosoftTeams-image-1.jpg\"><img data-attachment-id=\"5670\" data-permalink=\"https:\/\/www.stiftsforum.ch\/blog\/?attachment_id=5670\" data-orig-file=\"https:\/\/i0.wp.com\/www.stiftsforum.ch\/blog\/wp-content\/uploads\/2022\/11\/MicrosoftTeams-image-1.jpg?fit=1657%2C1181&amp;ssl=1\" data-orig-size=\"1657,1181\" data-comments-opened=\"1\" data-image-meta=\"{&quot;aperture&quot;:&quot;0&quot;,&quot;credit&quot;:&quot;&quot;,&quot;camera&quot;:&quot;&quot;,&quot;caption&quot;:&quot;&quot;,&quot;created_timestamp&quot;:&quot;1668851423&quot;,&quot;copyright&quot;:&quot;&quot;,&quot;focal_length&quot;:&quot;0&quot;,&quot;iso&quot;:&quot;0&quot;,&quot;shutter_speed&quot;:&quot;0&quot;,&quot;title&quot;:&quot;&quot;,&quot;orientation&quot;:&quot;1&quot;}\" data-image-title=\"MicrosoftTeams-image-1\" data-image-description=\"\" data-medium-file=\"https:\/\/i0.wp.com\/www.stiftsforum.ch\/blog\/wp-content\/uploads\/2022\/11\/MicrosoftTeams-image-1.jpg?fit=300%2C214&amp;ssl=1\" data-large-file=\"https:\/\/i0.wp.com\/www.stiftsforum.ch\/blog\/wp-content\/uploads\/2022\/11\/MicrosoftTeams-image-1.jpg?fit=800%2C570&amp;ssl=1\" loading=\"lazy\" src=\"https:\/\/i0.wp.com\/www.stiftsforum.ch\/blog\/wp-content\/uploads\/2022\/11\/MicrosoftTeams-image-1.jpg?resize=800%2C570\" alt=\"\" class=\"wp-image-5670\" width=\"800\" height=\"570\" srcset=\"https:\/\/i0.wp.com\/www.stiftsforum.ch\/blog\/wp-content\/uploads\/2022\/11\/MicrosoftTeams-image-1.jpg?resize=1024%2C730&amp;ssl=1 1024w, https:\/\/i0.wp.com\/www.stiftsforum.ch\/blog\/wp-content\/uploads\/2022\/11\/MicrosoftTeams-image-1.jpg?resize=300%2C214&amp;ssl=1 300w, https:\/\/i0.wp.com\/www.stiftsforum.ch\/blog\/wp-content\/uploads\/2022\/11\/MicrosoftTeams-image-1.jpg?resize=768%2C547&amp;ssl=1 768w, https:\/\/i0.wp.com\/www.stiftsforum.ch\/blog\/wp-content\/uploads\/2022\/11\/MicrosoftTeams-image-1.jpg?resize=1536%2C1095&amp;ssl=1 1536w, https:\/\/i0.wp.com\/www.stiftsforum.ch\/blog\/wp-content\/uploads\/2022\/11\/MicrosoftTeams-image-1.jpg?w=1657&amp;ssl=1 1657w, https:\/\/i0.wp.com\/www.stiftsforum.ch\/blog\/wp-content\/uploads\/2022\/11\/MicrosoftTeams-image-1.jpg?w=1600 1600w\" sizes=\"(max-width: 800px) 100vw, 800px\" data-recalc-dims=\"1\" \/><\/a><figcaption>Viktor K\u00e4lin erkl\u00e4rt uns, wie der Einsiedler Anzeiger entsteht. Am Boden sieht man die vielen Seitenentw\u00fcrfe f\u00fcr die n\u00e4chste Ausgabe.<\/figcaption><\/figure>\n\n\n\n<figure class=\"wp-block-image size-large\"><a href=\"https:\/\/i2.wp.com\/www.stiftsforum.ch\/blog\/wp-content\/uploads\/2022\/11\/MicrosoftTeams-image-1-1.jpg\"><img data-attachment-id=\"5671\" data-permalink=\"https:\/\/www.stiftsforum.ch\/blog\/?attachment_id=5671\" data-orig-file=\"https:\/\/i2.wp.com\/www.stiftsforum.ch\/blog\/wp-content\/uploads\/2022\/11\/MicrosoftTeams-image-1-1.jpg?fit=1465%2C841&amp;ssl=1\" data-orig-size=\"1465,841\" data-comments-opened=\"1\" data-image-meta=\"{&quot;aperture&quot;:&quot;0&quot;,&quot;credit&quot;:&quot;&quot;,&quot;camera&quot;:&quot;&quot;,&quot;caption&quot;:&quot;&quot;,&quot;created_timestamp&quot;:&quot;1668851605&quot;,&quot;copyright&quot;:&quot;&quot;,&quot;focal_length&quot;:&quot;0&quot;,&quot;iso&quot;:&quot;0&quot;,&quot;shutter_speed&quot;:&quot;0&quot;,&quot;title&quot;:&quot;&quot;,&quot;orientation&quot;:&quot;1&quot;}\" data-image-title=\"MicrosoftTeams-image-1-1\" data-image-description=\"\" data-medium-file=\"https:\/\/i2.wp.com\/www.stiftsforum.ch\/blog\/wp-content\/uploads\/2022\/11\/MicrosoftTeams-image-1-1.jpg?fit=300%2C172&amp;ssl=1\" data-large-file=\"https:\/\/i2.wp.com\/www.stiftsforum.ch\/blog\/wp-content\/uploads\/2022\/11\/MicrosoftTeams-image-1-1.jpg?fit=800%2C459&amp;ssl=1\" loading=\"lazy\" width=\"800\" height=\"459\" src=\"https:\/\/i2.wp.com\/www.stiftsforum.ch\/blog\/wp-content\/uploads\/2022\/11\/MicrosoftTeams-image-1-1.jpg?resize=800%2C459\" alt=\"\" class=\"wp-image-5671\" srcset=\"https:\/\/i2.wp.com\/www.stiftsforum.ch\/blog\/wp-content\/uploads\/2022\/11\/MicrosoftTeams-image-1-1.jpg?resize=1024%2C588&amp;ssl=1 1024w, https:\/\/i2.wp.com\/www.stiftsforum.ch\/blog\/wp-content\/uploads\/2022\/11\/MicrosoftTeams-image-1-1.jpg?resize=300%2C172&amp;ssl=1 300w, https:\/\/i2.wp.com\/www.stiftsforum.ch\/blog\/wp-content\/uploads\/2022\/11\/MicrosoftTeams-image-1-1.jpg?resize=768%2C441&amp;ssl=1 768w, https:\/\/i2.wp.com\/www.stiftsforum.ch\/blog\/wp-content\/uploads\/2022\/11\/MicrosoftTeams-image-1-1.jpg?w=1465&amp;ssl=1 1465w\" sizes=\"(max-width: 800px) 100vw, 800px\" data-recalc-dims=\"1\" \/><\/a><figcaption>Der erster Entwurf der Zeitung ist ausgelegt und am Boden verteilt. Darauf wurden verschiedene Stellen markiert und durchgestrichen.<\/figcaption><\/figure>\n\n\n\n<p><\/p>\n","protected":false},"excerpt":{"rendered":"<p>Besuch beim Einsiedler Anzeiger Raya Fankhauser \/ Lilly Hetmank Vergangener Montag um 16:30 Uhr betraten die Mitglieder der Sch\u00fclerzeitung das<\/p>\n","protected":false},"author":1,"featured_media":5670,"comment_status":"open","ping_status":"closed","sticky":false,"template":"","format":"standard","meta":{"spay_email":"","jetpack_publicize_message":"","jetpack_is_tweetstorm":false},"categories":[3,18,25,4],"tags":[],"jetpack_featured_media_url":"https:\/\/i0.wp.com\/www.stiftsforum.ch\/blog\/wp-content\/uploads\/2022\/11\/MicrosoftTeams-image-1.jpg?fit=1657%2C1181&ssl=1","jetpack_publicize_connections":[],"jetpack_sharing_enabled":true,"jetpack_shortlink":"https:\/\/wp.me\/p9nzRF-1tq","jetpack_likes_enabled":true,"jetpack-related-posts":[{"id":1148,"url":"https:\/\/www.stiftsforum.ch\/blog\/?p=1148","url_meta":{"origin":5668,"position":0},"title":"Charles Lewinsky: Der Wille des Volkes. Kriminalroman (2017)","date":"August 28, 2017","format":false,"excerpt":"\u00a0 Das Grundszenario ist klassisch: Ein Mann wird ermordet, die Sache wird von der Polizei vertuscht, ein Journalist ermittelt und st\u00f6sst auf eine Politaff\u00e4re mit zentralen Beteiligten an den h\u00f6chsten Stellen der Macht. Und nat\u00fcrlich darf die Femme Fatale nicht fehlen, die den Helden auf die falsche Spur schickt. Soweit\u2026","rel":"","context":"In &quot;Buchkritik&quot;","img":{"alt_text":"","src":"https:\/\/i0.wp.com\/www.stiftsforum.ch\/blog\/wp-content\/uploads\/2017\/08\/978-3-312-01037-0_21741112232-37.jpg?fit=733%2C1200&ssl=1&resize=350%2C200","width":350,"height":200},"classes":[]},{"id":6514,"url":"https:\/\/www.stiftsforum.ch\/blog\/?p=6514","url_meta":{"origin":5668,"position":1},"title":"Junge Journalisten. Die Ringier-Journalistenschule zu Gast in Kloster und Stiftsschule Einsiedeln","date":"November 1, 2023","format":false,"excerpt":"-Von Penthesilea Glamheden, Scarlet V\u00f6gele, Rita Moser und Celine L\u00fcscher, 1b Am 25. Oktober 2023 besuchten 11 Studenten sowie Schulleiter Peter Hossli der Ringier Journalistenschule das Kloster und zwei Klassen der Stiftsschule Einsiedeln. \u00a0Die G\u00e4ste erz\u00e4hlten den Sch\u00fclern von ihrer Karriere als Journalisten und gaben ihnen Tipps mit auf den\u2026","rel":"","context":"In &quot;Allgemein&quot;","img":{"alt_text":"","src":"https:\/\/i0.wp.com\/www.stiftsforum.ch\/blog\/wp-content\/uploads\/2023\/11\/20231025_151031_resized.jpg?fit=1156%2C867&ssl=1&resize=350%2C200","width":350,"height":200},"classes":[]},{"id":6412,"url":"https:\/\/www.stiftsforum.ch\/blog\/?p=6412","url_meta":{"origin":5668,"position":2},"title":"Erste Eindr\u00fccke der neuen ersten Klassen","date":"September 20, 2023","format":false,"excerpt":"Als Fotojournalisten machten sich die 1ab-Sch\u00fclerinnen und -Sch\u00fcler auf Spurensuche im Schulhaus.","rel":"","context":"In &quot;Allgemein&quot;","img":{"alt_text":"","src":"https:\/\/i1.wp.com\/www.stiftsforum.ch\/blog\/wp-content\/uploads\/2023\/09\/MicrosoftTeams-image-13.jpg?fit=900%2C1200&ssl=1&resize=350%2C200","width":350,"height":200},"classes":[]},{"id":3967,"url":"https:\/\/www.stiftsforum.ch\/blog\/?p=3967","url_meta":{"origin":5668,"position":3},"title":"Von Heumilch bis Frozen Joghurt","date":"September 9, 2020","format":false,"excerpt":"Schuljahresbeginn mit Hoff\u00fchrung und Degustation in der Milchmanufaktur Mit dem 2. September begann das diesj\u00e4hrige Schuljahr an der Stiftsschule. F\u00fcr die Lehrerschaft brachte dieser Tag auch eine erste gemeinsame Aktivit\u00e4t mit sich: Eine F\u00fchrung am Bauernhof des P\u00e4chterehepaars Gabriela und Christian Sch\u00f6nb\u00e4chler in Einsiedeln. Der Betrieb ist vor allem auf\u2026","rel":"","context":"In &quot;Allgemein&quot;","img":{"alt_text":"","src":"https:\/\/i2.wp.com\/www.stiftsforum.ch\/blog\/wp-content\/uploads\/2020\/09\/Hof1.jpg?fit=800%2C600&ssl=1&resize=350%2C200","width":350,"height":200},"classes":[]},{"id":4959,"url":"https:\/\/www.stiftsforum.ch\/blog\/?p=4959","url_meta":{"origin":5668,"position":4},"title":"Rasende Reporter der Redaktion","date":"Dezember 16, 2021","format":false,"excerpt":"Viviana Lindemann: Wie es ist, in der Schulredaktion zu sein Es ist 16:09 an einem gew\u00f6hnlichem Dienstag. In einer Minute ist Pause und dann habe ich Schulredaktion. W\u00e4hrend der Lehrer uns noch schnell die Hausaufgaben sagt, bin ich mit dem Kopf schon bei meinem neusten Bericht. Endlich, der Zeiger hat\u2026","rel":"","context":"In &quot;Das Team&quot;","img":{"alt_text":"","src":"https:\/\/i2.wp.com\/www.stiftsforum.ch\/blog\/wp-content\/uploads\/2021\/12\/20211123_162210_resized-2.jpg?fit=867%2C1156&ssl=1&resize=350%2C200","width":350,"height":200},"classes":[]},{"id":5756,"url":"https:\/\/www.stiftsforum.ch\/blog\/?p=5756","url_meta":{"origin":5668,"position":5},"title":"Die UNESCO und unsere UNESCO- assoziierte Schule","date":"Dezember 5, 2022","format":false,"excerpt":"Von Cathy 2a Was ist die UNESCO?\u00a0 UNESCO ist eine Abk\u00fcrzung f\u00fcr \u201cUnited Nations Educational Scientific and Cultural Organisation\u201d. Die Aufgabe der UNESCO ist die F\u00f6rderung der internationalen Zusammenarbeit, Bildung, Wissenschaft, Kultur und Kommunikation f\u00fcr die Erhaltung von Frieden und Sicherheit. Ergebnisse Die UNESCO spielt eine grosse Rolle in der\u2026","rel":"","context":"In &quot;Allgemein&quot;","img":{"alt_text":"","src":"https:\/\/i0.wp.com\/www.stiftsforum.ch\/blog\/wp-content\/uploads\/2022\/12\/naturunesco.jpg?fit=738%2C480&ssl=1&resize=350%2C200","width":350,"height":200},"classes":[]}],"_links":{"self":[{"href":"https:\/\/www.stiftsforum.ch\/blog\/index.php?rest_route=\/wp\/v2\/posts\/5668"}],"collection":[{"href":"https:\/\/www.stiftsforum.ch\/blog\/index.php?rest_route=\/wp\/v2\/posts"}],"about":[{"href":"https:\/\/www.stiftsforum.ch\/blog\/index.php?rest_route=\/wp\/v2\/types\/post"}],"author":[{"embeddable":true,"href":"https:\/\/www.stiftsforum.ch\/blog\/index.php?rest_route=\/wp\/v2\/users\/1"}],"replies":[{"embeddable":true,"href":"https:\/\/www.stiftsforum.ch\/blog\/index.php?rest_route=%2Fwp%2Fv2%2Fcomments&post=5668"}],"version-history":[{"count":3,"href":"https:\/\/www.stiftsforum.ch\/blog\/index.php?rest_route=\/wp\/v2\/posts\/5668\/revisions"}],"predecessor-version":[{"id":5674,"href":"https:\/\/www.stiftsforum.ch\/blog\/index.php?rest_route=\/wp\/v2\/posts\/5668\/revisions\/5674"}],"wp:featuredmedia":[{"embeddable":true,"href":"https:\/\/www.stiftsforum.ch\/blog\/index.php?rest_route=\/wp\/v2\/media\/5670"}],"wp:attachment":[{"href":"https:\/\/www.stiftsforum.ch\/blog\/index.php?rest_route=%2Fwp%2Fv2%2Fmedia&parent=5668"}],"wp:term":[{"taxonomy":"category","embeddable":true,"href":"https:\/\/www.stiftsforum.ch\/blog\/index.php?rest_route=%2Fwp%2Fv2%2Fcategories&post=5668"},{"taxonomy":"post_tag","embeddable":true,"href":"https:\/\/www.stiftsforum.ch\/blog\/index.php?rest_route=%2Fwp%2Fv2%2Ftags&post=5668"}],"curies":[{"name":"wp","href":"https:\/\/api.w.org\/{rel}","templated":true}]}}