{"id":5678,"date":"2022-11-24T20:21:42","date_gmt":"2022-11-24T19:21:42","guid":{"rendered":"http:\/\/www.stiftsforum.ch\/blog\/?p=5678"},"modified":"2022-11-25T08:41:42","modified_gmt":"2022-11-25T07:41:42","slug":"barock-im-landesmuseum","status":"publish","type":"post","link":"https:\/\/www.stiftsforum.ch\/blog\/?p=5678","title":{"rendered":"Barock im Landesmuseum"},"content":{"rendered":"\n<p>17.November 2022: Symmetrische G\u00e4rten, \u00fcppige Gew\u00e4nder und die katholische Reform, die diesem Zeitalter eine besondere Pr\u00e4gung in Kirchenbau und Fr\u00f6mmigkeit verleiht &#8211; in der aktuellen Ausstellung &#8220;Barock &#8211; Zeitalter der Kontraste&#8221; werden diese vielf\u00e4ltigen Facetten von Geschichte und Kunst des 17. Jahrhunderts beleuchtet. Die BG-Gruppe der 4a hat sich mit Rachel Stocker die Ausstellung angeschaut. <\/p>\n\n\n\n<div data-carousel-extra='{\"blog_id\":1,\"permalink\":\"https:\\\/\\\/www.stiftsforum.ch\\\/blog\\\/?p=5678\"}' class=\"wp-block-jetpack-tiled-gallery aligncenter is-style-rectangular\"><div data-carousel-extra='{\"blog_id\":1,\"permalink\":\"https:\\\/\\\/www.stiftsforum.ch\\\/blog\\\/?p=5678\"}' class=\"tiled-gallery__gallery\"><div data-carousel-extra='{\"blog_id\":1,\"permalink\":\"https:\\\/\\\/www.stiftsforum.ch\\\/blog\\\/?p=5678\"}' class=\"tiled-gallery__row\"><div data-carousel-extra='{\"blog_id\":1,\"permalink\":\"https:\\\/\\\/www.stiftsforum.ch\\\/blog\\\/?p=5678\"}' class=\"tiled-gallery__col\" style=\"flex-basis:68.0911557971575%\"><figure class=\"tiled-gallery__item\"><img data-attachment-id=\"5680\" data-permalink=\"https:\/\/www.stiftsforum.ch\/blog\/?attachment_id=5680\" data-orig-file=\"https:\/\/i0.wp.com\/www.stiftsforum.ch\/blog\/wp-content\/uploads\/2022\/11\/Barockausstellung2-scaled.jpg?fit=2560%2C1707&amp;ssl=1\" data-orig-size=\"2560,1707\" data-comments-opened=\"1\" data-image-meta=\"{&quot;aperture&quot;:&quot;5&quot;,&quot;credit&quot;:&quot;&quot;,&quot;camera&quot;:&quot;Canon EOS M50m2&quot;,&quot;caption&quot;:&quot;&quot;,&quot;created_timestamp&quot;:&quot;1668611467&quot;,&quot;copyright&quot;:&quot;&quot;,&quot;focal_length&quot;:&quot;39&quot;,&quot;iso&quot;:&quot;8000&quot;,&quot;shutter_speed&quot;:&quot;0.016666666666667&quot;,&quot;title&quot;:&quot;&quot;,&quot;orientation&quot;:&quot;1&quot;}\" data-image-title=\"Barockausstellung2\" data-image-description=\"\" data-medium-file=\"https:\/\/i0.wp.com\/www.stiftsforum.ch\/blog\/wp-content\/uploads\/2022\/11\/Barockausstellung2-scaled.jpg?fit=300%2C200&amp;ssl=1\" data-large-file=\"https:\/\/i0.wp.com\/www.stiftsforum.ch\/blog\/wp-content\/uploads\/2022\/11\/Barockausstellung2-scaled.jpg?fit=800%2C534&amp;ssl=1\" data-attachment-id=\"5680\" data-permalink=\"https:\/\/www.stiftsforum.ch\/blog\/?attachment_id=5680\" data-orig-file=\"https:\/\/i0.wp.com\/www.stiftsforum.ch\/blog\/wp-content\/uploads\/2022\/11\/Barockausstellung2-scaled.jpg?fit=2560%2C1707&amp;ssl=1\" data-orig-size=\"2560,1707\" data-comments-opened=\"1\" data-image-meta=\"{&quot;aperture&quot;:&quot;5&quot;,&quot;credit&quot;:&quot;&quot;,&quot;camera&quot;:&quot;Canon EOS M50m2&quot;,&quot;caption&quot;:&quot;&quot;,&quot;created_timestamp&quot;:&quot;1668611467&quot;,&quot;copyright&quot;:&quot;&quot;,&quot;focal_length&quot;:&quot;39&quot;,&quot;iso&quot;:&quot;8000&quot;,&quot;shutter_speed&quot;:&quot;0.016666666666667&quot;,&quot;title&quot;:&quot;&quot;,&quot;orientation&quot;:&quot;1&quot;}\" data-image-title=\"Barockausstellung2\" data-image-description=\"\" data-medium-file=\"https:\/\/i0.wp.com\/www.stiftsforum.ch\/blog\/wp-content\/uploads\/2022\/11\/Barockausstellung2-scaled.jpg?fit=300%2C200&amp;ssl=1\" data-large-file=\"https:\/\/i0.wp.com\/www.stiftsforum.ch\/blog\/wp-content\/uploads\/2022\/11\/Barockausstellung2-scaled.jpg?fit=800%2C534&amp;ssl=1\" srcset=\"https:\/\/i1.wp.com\/www.stiftsforum.ch\/blog\/wp-content\/uploads\/2022\/11\/Barockausstellung2-scaled.jpg?strip=info&#038;w=600 600w,https:\/\/i1.wp.com\/www.stiftsforum.ch\/blog\/wp-content\/uploads\/2022\/11\/Barockausstellung2-scaled.jpg?strip=info&#038;w=900 900w,https:\/\/i1.wp.com\/www.stiftsforum.ch\/blog\/wp-content\/uploads\/2022\/11\/Barockausstellung2-scaled.jpg?strip=info&#038;w=1200 1200w,https:\/\/i1.wp.com\/www.stiftsforum.ch\/blog\/wp-content\/uploads\/2022\/11\/Barockausstellung2-scaled.jpg?strip=info&#038;w=1500 1500w,https:\/\/i1.wp.com\/www.stiftsforum.ch\/blog\/wp-content\/uploads\/2022\/11\/Barockausstellung2-scaled.jpg?strip=info&#038;w=1707 1707w\" alt=\"\" data-height=\"1707\" data-id=\"5680\" data-link=\"http:\/\/www.stiftsforum.ch\/blog\/?attachment_id=5680\" data-url=\"http:\/\/www.stiftsforum.ch\/blog\/wp-content\/uploads\/2022\/11\/Barockausstellung2-scaled.jpg\" data-width=\"2560\" src=\"https:\/\/i1.wp.com\/www.stiftsforum.ch\/blog\/wp-content\/uploads\/2022\/11\/Barockausstellung2-scaled.jpg\" layout=\"responsive\"\/><\/figure><\/div><div data-carousel-extra='{\"blog_id\":1,\"permalink\":\"https:\\\/\\\/www.stiftsforum.ch\\\/blog\\\/?p=5678\"}' class=\"tiled-gallery__col\" style=\"flex-basis:31.908844202842495%\"><figure class=\"tiled-gallery__item\"><img data-attachment-id=\"5681\" data-permalink=\"https:\/\/www.stiftsforum.ch\/blog\/?attachment_id=5681\" data-orig-file=\"https:\/\/i2.wp.com\/www.stiftsforum.ch\/blog\/wp-content\/uploads\/2022\/11\/Barockausstellung3-scaled.jpg?fit=2560%2C1707&amp;ssl=1\" data-orig-size=\"2560,1707\" data-comments-opened=\"1\" data-image-meta=\"{&quot;aperture&quot;:&quot;4&quot;,&quot;credit&quot;:&quot;&quot;,&quot;camera&quot;:&quot;Canon EOS M50m2&quot;,&quot;caption&quot;:&quot;&quot;,&quot;created_timestamp&quot;:&quot;1668612123&quot;,&quot;copyright&quot;:&quot;&quot;,&quot;focal_length&quot;:&quot;18&quot;,&quot;iso&quot;:&quot;6400&quot;,&quot;shutter_speed&quot;:&quot;0.0125&quot;,&quot;title&quot;:&quot;&quot;,&quot;orientation&quot;:&quot;1&quot;}\" data-image-title=\"Barockausstellung3\" data-image-description=\"\" data-medium-file=\"https:\/\/i2.wp.com\/www.stiftsforum.ch\/blog\/wp-content\/uploads\/2022\/11\/Barockausstellung3-scaled.jpg?fit=300%2C200&amp;ssl=1\" data-large-file=\"https:\/\/i2.wp.com\/www.stiftsforum.ch\/blog\/wp-content\/uploads\/2022\/11\/Barockausstellung3-scaled.jpg?fit=800%2C534&amp;ssl=1\" data-attachment-id=\"5681\" data-permalink=\"https:\/\/www.stiftsforum.ch\/blog\/?attachment_id=5681\" data-orig-file=\"https:\/\/i2.wp.com\/www.stiftsforum.ch\/blog\/wp-content\/uploads\/2022\/11\/Barockausstellung3-scaled.jpg?fit=2560%2C1707&amp;ssl=1\" data-orig-size=\"2560,1707\" data-comments-opened=\"1\" data-image-meta=\"{&quot;aperture&quot;:&quot;4&quot;,&quot;credit&quot;:&quot;&quot;,&quot;camera&quot;:&quot;Canon EOS M50m2&quot;,&quot;caption&quot;:&quot;&quot;,&quot;created_timestamp&quot;:&quot;1668612123&quot;,&quot;copyright&quot;:&quot;&quot;,&quot;focal_length&quot;:&quot;18&quot;,&quot;iso&quot;:&quot;6400&quot;,&quot;shutter_speed&quot;:&quot;0.0125&quot;,&quot;title&quot;:&quot;&quot;,&quot;orientation&quot;:&quot;1&quot;}\" data-image-title=\"Barockausstellung3\" data-image-description=\"\" data-medium-file=\"https:\/\/i2.wp.com\/www.stiftsforum.ch\/blog\/wp-content\/uploads\/2022\/11\/Barockausstellung3-scaled.jpg?fit=300%2C200&amp;ssl=1\" data-large-file=\"https:\/\/i2.wp.com\/www.stiftsforum.ch\/blog\/wp-content\/uploads\/2022\/11\/Barockausstellung3-scaled.jpg?fit=800%2C534&amp;ssl=1\" srcset=\"https:\/\/i1.wp.com\/www.stiftsforum.ch\/blog\/wp-content\/uploads\/2022\/11\/Barockausstellung3-scaled.jpg?strip=info&#038;w=600 600w,https:\/\/i1.wp.com\/www.stiftsforum.ch\/blog\/wp-content\/uploads\/2022\/11\/Barockausstellung3-scaled.jpg?strip=info&#038;w=900 900w,https:\/\/i1.wp.com\/www.stiftsforum.ch\/blog\/wp-content\/uploads\/2022\/11\/Barockausstellung3-scaled.jpg?strip=info&#038;w=1200 1200w,https:\/\/i1.wp.com\/www.stiftsforum.ch\/blog\/wp-content\/uploads\/2022\/11\/Barockausstellung3-scaled.jpg?strip=info&#038;w=1500 1500w,https:\/\/i1.wp.com\/www.stiftsforum.ch\/blog\/wp-content\/uploads\/2022\/11\/Barockausstellung3-scaled.jpg?strip=info&#038;w=1707 1707w\" alt=\"\" data-height=\"1707\" data-id=\"5681\" data-link=\"http:\/\/www.stiftsforum.ch\/blog\/?attachment_id=5681\" data-url=\"http:\/\/www.stiftsforum.ch\/blog\/wp-content\/uploads\/2022\/11\/Barockausstellung3-scaled.jpg\" data-width=\"2560\" src=\"https:\/\/i1.wp.com\/www.stiftsforum.ch\/blog\/wp-content\/uploads\/2022\/11\/Barockausstellung3-scaled.jpg\" layout=\"responsive\"\/><\/figure><figure class=\"tiled-gallery__item\"><img data-attachment-id=\"5683\" data-permalink=\"https:\/\/www.stiftsforum.ch\/blog\/?attachment_id=5683\" data-orig-file=\"https:\/\/i0.wp.com\/www.stiftsforum.ch\/blog\/wp-content\/uploads\/2022\/11\/20221120_125455_resized.jpg?fit=1156%2C867&amp;ssl=1\" data-orig-size=\"1156,867\" data-comments-opened=\"1\" data-image-meta=\"{&quot;aperture&quot;:&quot;0&quot;,&quot;credit&quot;:&quot;&quot;,&quot;camera&quot;:&quot;&quot;,&quot;caption&quot;:&quot;&quot;,&quot;created_timestamp&quot;:&quot;0&quot;,&quot;copyright&quot;:&quot;&quot;,&quot;focal_length&quot;:&quot;0&quot;,&quot;iso&quot;:&quot;0&quot;,&quot;shutter_speed&quot;:&quot;0&quot;,&quot;title&quot;:&quot;&quot;,&quot;orientation&quot;:&quot;0&quot;}\" data-image-title=\"20221120_125455_resized\" data-image-description=\"\" data-medium-file=\"https:\/\/i0.wp.com\/www.stiftsforum.ch\/blog\/wp-content\/uploads\/2022\/11\/20221120_125455_resized.jpg?fit=300%2C225&amp;ssl=1\" data-large-file=\"https:\/\/i0.wp.com\/www.stiftsforum.ch\/blog\/wp-content\/uploads\/2022\/11\/20221120_125455_resized.jpg?fit=800%2C600&amp;ssl=1\" data-attachment-id=\"5683\" data-permalink=\"https:\/\/www.stiftsforum.ch\/blog\/?attachment_id=5683\" data-orig-file=\"https:\/\/i0.wp.com\/www.stiftsforum.ch\/blog\/wp-content\/uploads\/2022\/11\/20221120_125455_resized.jpg?fit=1156%2C867&amp;ssl=1\" data-orig-size=\"1156,867\" data-comments-opened=\"1\" data-image-meta=\"{&quot;aperture&quot;:&quot;0&quot;,&quot;credit&quot;:&quot;&quot;,&quot;camera&quot;:&quot;&quot;,&quot;caption&quot;:&quot;&quot;,&quot;created_timestamp&quot;:&quot;0&quot;,&quot;copyright&quot;:&quot;&quot;,&quot;focal_length&quot;:&quot;0&quot;,&quot;iso&quot;:&quot;0&quot;,&quot;shutter_speed&quot;:&quot;0&quot;,&quot;title&quot;:&quot;&quot;,&quot;orientation&quot;:&quot;0&quot;}\" data-image-title=\"20221120_125455_resized\" data-image-description=\"\" data-medium-file=\"https:\/\/i0.wp.com\/www.stiftsforum.ch\/blog\/wp-content\/uploads\/2022\/11\/20221120_125455_resized.jpg?fit=300%2C225&amp;ssl=1\" data-large-file=\"https:\/\/i0.wp.com\/www.stiftsforum.ch\/blog\/wp-content\/uploads\/2022\/11\/20221120_125455_resized.jpg?fit=800%2C600&amp;ssl=1\" srcset=\"https:\/\/i0.wp.com\/www.stiftsforum.ch\/blog\/wp-content\/uploads\/2022\/11\/20221120_125455_resized.jpg?strip=info&#038;w=600 600w,https:\/\/i0.wp.com\/www.stiftsforum.ch\/blog\/wp-content\/uploads\/2022\/11\/20221120_125455_resized.jpg?strip=info&#038;w=867 867w\" alt=\"\" data-height=\"867\" data-id=\"5683\" data-link=\"http:\/\/www.stiftsforum.ch\/blog\/?attachment_id=5683\" data-url=\"http:\/\/www.stiftsforum.ch\/blog\/wp-content\/uploads\/2022\/11\/20221120_125455_resized.jpg\" data-width=\"1156\" src=\"https:\/\/i0.wp.com\/www.stiftsforum.ch\/blog\/wp-content\/uploads\/2022\/11\/20221120_125455_resized.jpg\" layout=\"responsive\"\/><\/figure><\/div><\/div><div data-carousel-extra='{\"blog_id\":1,\"permalink\":\"https:\\\/\\\/www.stiftsforum.ch\\\/blog\\\/?p=5678\"}' class=\"tiled-gallery__row\"><div data-carousel-extra='{\"blog_id\":1,\"permalink\":\"https:\\\/\\\/www.stiftsforum.ch\\\/blog\\\/?p=5678\"}' class=\"tiled-gallery__col\" style=\"flex-basis:33.33333333333333%\"><figure class=\"tiled-gallery__item\"><img data-attachment-id=\"5684\" data-permalink=\"https:\/\/www.stiftsforum.ch\/blog\/?attachment_id=5684\" data-orig-file=\"https:\/\/i1.wp.com\/www.stiftsforum.ch\/blog\/wp-content\/uploads\/2022\/11\/20221120_125918_resized.jpg?fit=1156%2C867&amp;ssl=1\" data-orig-size=\"1156,867\" data-comments-opened=\"1\" data-image-meta=\"{&quot;aperture&quot;:&quot;0&quot;,&quot;credit&quot;:&quot;&quot;,&quot;camera&quot;:&quot;&quot;,&quot;caption&quot;:&quot;&quot;,&quot;created_timestamp&quot;:&quot;0&quot;,&quot;copyright&quot;:&quot;&quot;,&quot;focal_length&quot;:&quot;0&quot;,&quot;iso&quot;:&quot;0&quot;,&quot;shutter_speed&quot;:&quot;0&quot;,&quot;title&quot;:&quot;&quot;,&quot;orientation&quot;:&quot;0&quot;}\" data-image-title=\"20221120_125918_resized\" data-image-description=\"\" data-medium-file=\"https:\/\/i1.wp.com\/www.stiftsforum.ch\/blog\/wp-content\/uploads\/2022\/11\/20221120_125918_resized.jpg?fit=300%2C225&amp;ssl=1\" data-large-file=\"https:\/\/i1.wp.com\/www.stiftsforum.ch\/blog\/wp-content\/uploads\/2022\/11\/20221120_125918_resized.jpg?fit=800%2C600&amp;ssl=1\" data-attachment-id=\"5684\" data-permalink=\"https:\/\/www.stiftsforum.ch\/blog\/?attachment_id=5684\" data-orig-file=\"https:\/\/i1.wp.com\/www.stiftsforum.ch\/blog\/wp-content\/uploads\/2022\/11\/20221120_125918_resized.jpg?fit=1156%2C867&amp;ssl=1\" data-orig-size=\"1156,867\" data-comments-opened=\"1\" data-image-meta=\"{&quot;aperture&quot;:&quot;0&quot;,&quot;credit&quot;:&quot;&quot;,&quot;camera&quot;:&quot;&quot;,&quot;caption&quot;:&quot;&quot;,&quot;created_timestamp&quot;:&quot;0&quot;,&quot;copyright&quot;:&quot;&quot;,&quot;focal_length&quot;:&quot;0&quot;,&quot;iso&quot;:&quot;0&quot;,&quot;shutter_speed&quot;:&quot;0&quot;,&quot;title&quot;:&quot;&quot;,&quot;orientation&quot;:&quot;0&quot;}\" data-image-title=\"20221120_125918_resized\" data-image-description=\"\" data-medium-file=\"https:\/\/i1.wp.com\/www.stiftsforum.ch\/blog\/wp-content\/uploads\/2022\/11\/20221120_125918_resized.jpg?fit=300%2C225&amp;ssl=1\" data-large-file=\"https:\/\/i1.wp.com\/www.stiftsforum.ch\/blog\/wp-content\/uploads\/2022\/11\/20221120_125918_resized.jpg?fit=800%2C600&amp;ssl=1\" srcset=\"https:\/\/i2.wp.com\/www.stiftsforum.ch\/blog\/wp-content\/uploads\/2022\/11\/20221120_125918_resized.jpg?strip=info&#038;w=600 600w,https:\/\/i2.wp.com\/www.stiftsforum.ch\/blog\/wp-content\/uploads\/2022\/11\/20221120_125918_resized.jpg?strip=info&#038;w=867 867w\" alt=\"\" data-height=\"867\" data-id=\"5684\" data-link=\"http:\/\/www.stiftsforum.ch\/blog\/?attachment_id=5684\" data-url=\"http:\/\/www.stiftsforum.ch\/blog\/wp-content\/uploads\/2022\/11\/20221120_125918_resized.jpg\" data-width=\"1156\" src=\"https:\/\/i2.wp.com\/www.stiftsforum.ch\/blog\/wp-content\/uploads\/2022\/11\/20221120_125918_resized.jpg\" layout=\"responsive\"\/><\/figure><\/div><div data-carousel-extra='{\"blog_id\":1,\"permalink\":\"https:\\\/\\\/www.stiftsforum.ch\\\/blog\\\/?p=5678\"}' class=\"tiled-gallery__col\" style=\"flex-basis:33.33333333333333%\"><figure class=\"tiled-gallery__item\"><img data-attachment-id=\"5685\" data-permalink=\"https:\/\/www.stiftsforum.ch\/blog\/?attachment_id=5685\" data-orig-file=\"https:\/\/i2.wp.com\/www.stiftsforum.ch\/blog\/wp-content\/uploads\/2022\/11\/20221120_125929_resized.jpg?fit=1156%2C867&amp;ssl=1\" data-orig-size=\"1156,867\" data-comments-opened=\"1\" data-image-meta=\"{&quot;aperture&quot;:&quot;0&quot;,&quot;credit&quot;:&quot;&quot;,&quot;camera&quot;:&quot;&quot;,&quot;caption&quot;:&quot;&quot;,&quot;created_timestamp&quot;:&quot;0&quot;,&quot;copyright&quot;:&quot;&quot;,&quot;focal_length&quot;:&quot;0&quot;,&quot;iso&quot;:&quot;0&quot;,&quot;shutter_speed&quot;:&quot;0&quot;,&quot;title&quot;:&quot;&quot;,&quot;orientation&quot;:&quot;0&quot;}\" data-image-title=\"20221120_125929_resized\" data-image-description=\"\" data-medium-file=\"https:\/\/i2.wp.com\/www.stiftsforum.ch\/blog\/wp-content\/uploads\/2022\/11\/20221120_125929_resized.jpg?fit=300%2C225&amp;ssl=1\" data-large-file=\"https:\/\/i2.wp.com\/www.stiftsforum.ch\/blog\/wp-content\/uploads\/2022\/11\/20221120_125929_resized.jpg?fit=800%2C600&amp;ssl=1\" data-attachment-id=\"5685\" data-permalink=\"https:\/\/www.stiftsforum.ch\/blog\/?attachment_id=5685\" data-orig-file=\"https:\/\/i2.wp.com\/www.stiftsforum.ch\/blog\/wp-content\/uploads\/2022\/11\/20221120_125929_resized.jpg?fit=1156%2C867&amp;ssl=1\" data-orig-size=\"1156,867\" data-comments-opened=\"1\" data-image-meta=\"{&quot;aperture&quot;:&quot;0&quot;,&quot;credit&quot;:&quot;&quot;,&quot;camera&quot;:&quot;&quot;,&quot;caption&quot;:&quot;&quot;,&quot;created_timestamp&quot;:&quot;0&quot;,&quot;copyright&quot;:&quot;&quot;,&quot;focal_length&quot;:&quot;0&quot;,&quot;iso&quot;:&quot;0&quot;,&quot;shutter_speed&quot;:&quot;0&quot;,&quot;title&quot;:&quot;&quot;,&quot;orientation&quot;:&quot;0&quot;}\" data-image-title=\"20221120_125929_resized\" data-image-description=\"\" data-medium-file=\"https:\/\/i2.wp.com\/www.stiftsforum.ch\/blog\/wp-content\/uploads\/2022\/11\/20221120_125929_resized.jpg?fit=300%2C225&amp;ssl=1\" data-large-file=\"https:\/\/i2.wp.com\/www.stiftsforum.ch\/blog\/wp-content\/uploads\/2022\/11\/20221120_125929_resized.jpg?fit=800%2C600&amp;ssl=1\" srcset=\"https:\/\/i1.wp.com\/www.stiftsforum.ch\/blog\/wp-content\/uploads\/2022\/11\/20221120_125929_resized.jpg?strip=info&#038;w=600 600w,https:\/\/i1.wp.com\/www.stiftsforum.ch\/blog\/wp-content\/uploads\/2022\/11\/20221120_125929_resized.jpg?strip=info&#038;w=867 867w\" alt=\"\" data-height=\"867\" data-id=\"5685\" data-link=\"http:\/\/www.stiftsforum.ch\/blog\/?attachment_id=5685\" data-url=\"http:\/\/www.stiftsforum.ch\/blog\/wp-content\/uploads\/2022\/11\/20221120_125929_resized.jpg\" data-width=\"1156\" src=\"https:\/\/i1.wp.com\/www.stiftsforum.ch\/blog\/wp-content\/uploads\/2022\/11\/20221120_125929_resized.jpg\" layout=\"responsive\"\/><\/figure><\/div><div data-carousel-extra='{\"blog_id\":1,\"permalink\":\"https:\\\/\\\/www.stiftsforum.ch\\\/blog\\\/?p=5678\"}' class=\"tiled-gallery__col\" style=\"flex-basis:33.33333333333333%\"><figure class=\"tiled-gallery__item\"><img data-attachment-id=\"5686\" data-permalink=\"https:\/\/www.stiftsforum.ch\/blog\/?attachment_id=5686\" data-orig-file=\"https:\/\/i0.wp.com\/www.stiftsforum.ch\/blog\/wp-content\/uploads\/2022\/11\/20221120_130021_resized.jpg?fit=1156%2C867&amp;ssl=1\" data-orig-size=\"1156,867\" data-comments-opened=\"1\" data-image-meta=\"{&quot;aperture&quot;:&quot;0&quot;,&quot;credit&quot;:&quot;&quot;,&quot;camera&quot;:&quot;&quot;,&quot;caption&quot;:&quot;&quot;,&quot;created_timestamp&quot;:&quot;0&quot;,&quot;copyright&quot;:&quot;&quot;,&quot;focal_length&quot;:&quot;0&quot;,&quot;iso&quot;:&quot;0&quot;,&quot;shutter_speed&quot;:&quot;0&quot;,&quot;title&quot;:&quot;&quot;,&quot;orientation&quot;:&quot;0&quot;}\" data-image-title=\"20221120_130021_resized\" data-image-description=\"\" data-medium-file=\"https:\/\/i0.wp.com\/www.stiftsforum.ch\/blog\/wp-content\/uploads\/2022\/11\/20221120_130021_resized.jpg?fit=300%2C225&amp;ssl=1\" data-large-file=\"https:\/\/i0.wp.com\/www.stiftsforum.ch\/blog\/wp-content\/uploads\/2022\/11\/20221120_130021_resized.jpg?fit=800%2C600&amp;ssl=1\" data-attachment-id=\"5686\" data-permalink=\"https:\/\/www.stiftsforum.ch\/blog\/?attachment_id=5686\" data-orig-file=\"https:\/\/i0.wp.com\/www.stiftsforum.ch\/blog\/wp-content\/uploads\/2022\/11\/20221120_130021_resized.jpg?fit=1156%2C867&amp;ssl=1\" data-orig-size=\"1156,867\" data-comments-opened=\"1\" data-image-meta=\"{&quot;aperture&quot;:&quot;0&quot;,&quot;credit&quot;:&quot;&quot;,&quot;camera&quot;:&quot;&quot;,&quot;caption&quot;:&quot;&quot;,&quot;created_timestamp&quot;:&quot;0&quot;,&quot;copyright&quot;:&quot;&quot;,&quot;focal_length&quot;:&quot;0&quot;,&quot;iso&quot;:&quot;0&quot;,&quot;shutter_speed&quot;:&quot;0&quot;,&quot;title&quot;:&quot;&quot;,&quot;orientation&quot;:&quot;0&quot;}\" data-image-title=\"20221120_130021_resized\" data-image-description=\"\" data-medium-file=\"https:\/\/i0.wp.com\/www.stiftsforum.ch\/blog\/wp-content\/uploads\/2022\/11\/20221120_130021_resized.jpg?fit=300%2C225&amp;ssl=1\" data-large-file=\"https:\/\/i0.wp.com\/www.stiftsforum.ch\/blog\/wp-content\/uploads\/2022\/11\/20221120_130021_resized.jpg?fit=800%2C600&amp;ssl=1\" srcset=\"https:\/\/i1.wp.com\/www.stiftsforum.ch\/blog\/wp-content\/uploads\/2022\/11\/20221120_130021_resized.jpg?strip=info&#038;w=600 600w,https:\/\/i1.wp.com\/www.stiftsforum.ch\/blog\/wp-content\/uploads\/2022\/11\/20221120_130021_resized.jpg?strip=info&#038;w=867 867w\" alt=\"\" data-height=\"867\" data-id=\"5686\" data-link=\"http:\/\/www.stiftsforum.ch\/blog\/?attachment_id=5686\" data-url=\"http:\/\/www.stiftsforum.ch\/blog\/wp-content\/uploads\/2022\/11\/20221120_130021_resized.jpg\" data-width=\"1156\" src=\"https:\/\/i1.wp.com\/www.stiftsforum.ch\/blog\/wp-content\/uploads\/2022\/11\/20221120_130021_resized.jpg\" layout=\"responsive\"\/><\/figure><\/div><\/div><div data-carousel-extra='{\"blog_id\":1,\"permalink\":\"https:\\\/\\\/www.stiftsforum.ch\\\/blog\\\/?p=5678\"}' class=\"tiled-gallery__row\"><div data-carousel-extra='{\"blog_id\":1,\"permalink\":\"https:\\\/\\\/www.stiftsforum.ch\\\/blog\\\/?p=5678\"}' class=\"tiled-gallery__col\" style=\"flex-basis:33.23979838834905%\"><figure class=\"tiled-gallery__item\"><img data-attachment-id=\"5687\" data-permalink=\"https:\/\/www.stiftsforum.ch\/blog\/?attachment_id=5687\" data-orig-file=\"https:\/\/i2.wp.com\/www.stiftsforum.ch\/blog\/wp-content\/uploads\/2022\/11\/20221120_130121_resized.jpg?fit=1156%2C867&amp;ssl=1\" data-orig-size=\"1156,867\" data-comments-opened=\"1\" data-image-meta=\"{&quot;aperture&quot;:&quot;0&quot;,&quot;credit&quot;:&quot;&quot;,&quot;camera&quot;:&quot;&quot;,&quot;caption&quot;:&quot;&quot;,&quot;created_timestamp&quot;:&quot;0&quot;,&quot;copyright&quot;:&quot;&quot;,&quot;focal_length&quot;:&quot;0&quot;,&quot;iso&quot;:&quot;0&quot;,&quot;shutter_speed&quot;:&quot;0&quot;,&quot;title&quot;:&quot;&quot;,&quot;orientation&quot;:&quot;0&quot;}\" data-image-title=\"20221120_130121_resized\" data-image-description=\"\" data-medium-file=\"https:\/\/i2.wp.com\/www.stiftsforum.ch\/blog\/wp-content\/uploads\/2022\/11\/20221120_130121_resized.jpg?fit=300%2C225&amp;ssl=1\" data-large-file=\"https:\/\/i2.wp.com\/www.stiftsforum.ch\/blog\/wp-content\/uploads\/2022\/11\/20221120_130121_resized.jpg?fit=800%2C600&amp;ssl=1\" data-attachment-id=\"5687\" data-permalink=\"https:\/\/www.stiftsforum.ch\/blog\/?attachment_id=5687\" data-orig-file=\"https:\/\/i2.wp.com\/www.stiftsforum.ch\/blog\/wp-content\/uploads\/2022\/11\/20221120_130121_resized.jpg?fit=1156%2C867&amp;ssl=1\" data-orig-size=\"1156,867\" data-comments-opened=\"1\" data-image-meta=\"{&quot;aperture&quot;:&quot;0&quot;,&quot;credit&quot;:&quot;&quot;,&quot;camera&quot;:&quot;&quot;,&quot;caption&quot;:&quot;&quot;,&quot;created_timestamp&quot;:&quot;0&quot;,&quot;copyright&quot;:&quot;&quot;,&quot;focal_length&quot;:&quot;0&quot;,&quot;iso&quot;:&quot;0&quot;,&quot;shutter_speed&quot;:&quot;0&quot;,&quot;title&quot;:&quot;&quot;,&quot;orientation&quot;:&quot;0&quot;}\" data-image-title=\"20221120_130121_resized\" data-image-description=\"\" data-medium-file=\"https:\/\/i2.wp.com\/www.stiftsforum.ch\/blog\/wp-content\/uploads\/2022\/11\/20221120_130121_resized.jpg?fit=300%2C225&amp;ssl=1\" data-large-file=\"https:\/\/i2.wp.com\/www.stiftsforum.ch\/blog\/wp-content\/uploads\/2022\/11\/20221120_130121_resized.jpg?fit=800%2C600&amp;ssl=1\" srcset=\"https:\/\/i1.wp.com\/www.stiftsforum.ch\/blog\/wp-content\/uploads\/2022\/11\/20221120_130121_resized.jpg?strip=info&#038;w=600 600w,https:\/\/i1.wp.com\/www.stiftsforum.ch\/blog\/wp-content\/uploads\/2022\/11\/20221120_130121_resized.jpg?strip=info&#038;w=867 867w\" alt=\"\" data-height=\"867\" data-id=\"5687\" data-link=\"http:\/\/www.stiftsforum.ch\/blog\/?attachment_id=5687\" data-url=\"http:\/\/www.stiftsforum.ch\/blog\/wp-content\/uploads\/2022\/11\/20221120_130121_resized.jpg\" data-width=\"1156\" src=\"https:\/\/i1.wp.com\/www.stiftsforum.ch\/blog\/wp-content\/uploads\/2022\/11\/20221120_130121_resized.jpg\" layout=\"responsive\"\/><\/figure><figure class=\"tiled-gallery__item\"><img data-attachment-id=\"5688\" data-permalink=\"https:\/\/www.stiftsforum.ch\/blog\/?attachment_id=5688\" data-orig-file=\"https:\/\/i2.wp.com\/www.stiftsforum.ch\/blog\/wp-content\/uploads\/2022\/11\/20221120_130203_resized.jpg?fit=1156%2C867&amp;ssl=1\" data-orig-size=\"1156,867\" data-comments-opened=\"1\" data-image-meta=\"{&quot;aperture&quot;:&quot;0&quot;,&quot;credit&quot;:&quot;&quot;,&quot;camera&quot;:&quot;&quot;,&quot;caption&quot;:&quot;&quot;,&quot;created_timestamp&quot;:&quot;0&quot;,&quot;copyright&quot;:&quot;&quot;,&quot;focal_length&quot;:&quot;0&quot;,&quot;iso&quot;:&quot;0&quot;,&quot;shutter_speed&quot;:&quot;0&quot;,&quot;title&quot;:&quot;&quot;,&quot;orientation&quot;:&quot;0&quot;}\" data-image-title=\"20221120_130203_resized\" data-image-description=\"\" data-medium-file=\"https:\/\/i2.wp.com\/www.stiftsforum.ch\/blog\/wp-content\/uploads\/2022\/11\/20221120_130203_resized.jpg?fit=300%2C225&amp;ssl=1\" data-large-file=\"https:\/\/i2.wp.com\/www.stiftsforum.ch\/blog\/wp-content\/uploads\/2022\/11\/20221120_130203_resized.jpg?fit=800%2C600&amp;ssl=1\" data-attachment-id=\"5688\" data-permalink=\"https:\/\/www.stiftsforum.ch\/blog\/?attachment_id=5688\" data-orig-file=\"https:\/\/i2.wp.com\/www.stiftsforum.ch\/blog\/wp-content\/uploads\/2022\/11\/20221120_130203_resized.jpg?fit=1156%2C867&amp;ssl=1\" data-orig-size=\"1156,867\" data-comments-opened=\"1\" data-image-meta=\"{&quot;aperture&quot;:&quot;0&quot;,&quot;credit&quot;:&quot;&quot;,&quot;camera&quot;:&quot;&quot;,&quot;caption&quot;:&quot;&quot;,&quot;created_timestamp&quot;:&quot;0&quot;,&quot;copyright&quot;:&quot;&quot;,&quot;focal_length&quot;:&quot;0&quot;,&quot;iso&quot;:&quot;0&quot;,&quot;shutter_speed&quot;:&quot;0&quot;,&quot;title&quot;:&quot;&quot;,&quot;orientation&quot;:&quot;0&quot;}\" data-image-title=\"20221120_130203_resized\" data-image-description=\"\" data-medium-file=\"https:\/\/i2.wp.com\/www.stiftsforum.ch\/blog\/wp-content\/uploads\/2022\/11\/20221120_130203_resized.jpg?fit=300%2C225&amp;ssl=1\" data-large-file=\"https:\/\/i2.wp.com\/www.stiftsforum.ch\/blog\/wp-content\/uploads\/2022\/11\/20221120_130203_resized.jpg?fit=800%2C600&amp;ssl=1\" srcset=\"https:\/\/i2.wp.com\/www.stiftsforum.ch\/blog\/wp-content\/uploads\/2022\/11\/20221120_130203_resized.jpg?strip=info&#038;w=600 600w,https:\/\/i2.wp.com\/www.stiftsforum.ch\/blog\/wp-content\/uploads\/2022\/11\/20221120_130203_resized.jpg?strip=info&#038;w=867 867w\" alt=\"\" data-height=\"867\" data-id=\"5688\" data-link=\"http:\/\/www.stiftsforum.ch\/blog\/?attachment_id=5688\" data-url=\"http:\/\/www.stiftsforum.ch\/blog\/wp-content\/uploads\/2022\/11\/20221120_130203_resized.jpg\" data-width=\"1156\" src=\"https:\/\/i2.wp.com\/www.stiftsforum.ch\/blog\/wp-content\/uploads\/2022\/11\/20221120_130203_resized.jpg\" layout=\"responsive\"\/><\/figure><\/div><div data-carousel-extra='{\"blog_id\":1,\"permalink\":\"https:\\\/\\\/www.stiftsforum.ch\\\/blog\\\/?p=5678\"}' class=\"tiled-gallery__col\" style=\"flex-basis:66.76020161165094%\"><figure class=\"tiled-gallery__item\"><img data-attachment-id=\"5689\" data-permalink=\"https:\/\/www.stiftsforum.ch\/blog\/?attachment_id=5689\" data-orig-file=\"https:\/\/i1.wp.com\/www.stiftsforum.ch\/blog\/wp-content\/uploads\/2022\/11\/20221120_130313_resized.jpg?fit=1156%2C867&amp;ssl=1\" data-orig-size=\"1156,867\" data-comments-opened=\"1\" data-image-meta=\"{&quot;aperture&quot;:&quot;0&quot;,&quot;credit&quot;:&quot;&quot;,&quot;camera&quot;:&quot;&quot;,&quot;caption&quot;:&quot;&quot;,&quot;created_timestamp&quot;:&quot;0&quot;,&quot;copyright&quot;:&quot;&quot;,&quot;focal_length&quot;:&quot;0&quot;,&quot;iso&quot;:&quot;0&quot;,&quot;shutter_speed&quot;:&quot;0&quot;,&quot;title&quot;:&quot;&quot;,&quot;orientation&quot;:&quot;0&quot;}\" data-image-title=\"20221120_130313_resized\" data-image-description=\"\" data-medium-file=\"https:\/\/i1.wp.com\/www.stiftsforum.ch\/blog\/wp-content\/uploads\/2022\/11\/20221120_130313_resized.jpg?fit=300%2C225&amp;ssl=1\" data-large-file=\"https:\/\/i1.wp.com\/www.stiftsforum.ch\/blog\/wp-content\/uploads\/2022\/11\/20221120_130313_resized.jpg?fit=800%2C600&amp;ssl=1\" data-attachment-id=\"5689\" data-permalink=\"https:\/\/www.stiftsforum.ch\/blog\/?attachment_id=5689\" data-orig-file=\"https:\/\/i1.wp.com\/www.stiftsforum.ch\/blog\/wp-content\/uploads\/2022\/11\/20221120_130313_resized.jpg?fit=1156%2C867&amp;ssl=1\" data-orig-size=\"1156,867\" data-comments-opened=\"1\" data-image-meta=\"{&quot;aperture&quot;:&quot;0&quot;,&quot;credit&quot;:&quot;&quot;,&quot;camera&quot;:&quot;&quot;,&quot;caption&quot;:&quot;&quot;,&quot;created_timestamp&quot;:&quot;0&quot;,&quot;copyright&quot;:&quot;&quot;,&quot;focal_length&quot;:&quot;0&quot;,&quot;iso&quot;:&quot;0&quot;,&quot;shutter_speed&quot;:&quot;0&quot;,&quot;title&quot;:&quot;&quot;,&quot;orientation&quot;:&quot;0&quot;}\" data-image-title=\"20221120_130313_resized\" data-image-description=\"\" data-medium-file=\"https:\/\/i1.wp.com\/www.stiftsforum.ch\/blog\/wp-content\/uploads\/2022\/11\/20221120_130313_resized.jpg?fit=300%2C225&amp;ssl=1\" data-large-file=\"https:\/\/i1.wp.com\/www.stiftsforum.ch\/blog\/wp-content\/uploads\/2022\/11\/20221120_130313_resized.jpg?fit=800%2C600&amp;ssl=1\" srcset=\"https:\/\/i1.wp.com\/www.stiftsforum.ch\/blog\/wp-content\/uploads\/2022\/11\/20221120_130313_resized.jpg?strip=info&#038;w=600 600w,https:\/\/i1.wp.com\/www.stiftsforum.ch\/blog\/wp-content\/uploads\/2022\/11\/20221120_130313_resized.jpg?strip=info&#038;w=867 867w\" alt=\"\" data-height=\"867\" data-id=\"5689\" data-link=\"http:\/\/www.stiftsforum.ch\/blog\/?attachment_id=5689\" data-url=\"http:\/\/www.stiftsforum.ch\/blog\/wp-content\/uploads\/2022\/11\/20221120_130313_resized.jpg\" data-width=\"1156\" src=\"https:\/\/i1.wp.com\/www.stiftsforum.ch\/blog\/wp-content\/uploads\/2022\/11\/20221120_130313_resized.jpg\" layout=\"responsive\"\/><\/figure><\/div><\/div><div data-carousel-extra='{\"blog_id\":1,\"permalink\":\"https:\\\/\\\/www.stiftsforum.ch\\\/blog\\\/?p=5678\"}' class=\"tiled-gallery__row\"><div data-carousel-extra='{\"blog_id\":1,\"permalink\":\"https:\\\/\\\/www.stiftsforum.ch\\\/blog\\\/?p=5678\"}' class=\"tiled-gallery__col\" style=\"flex-basis:50%\"><figure class=\"tiled-gallery__item\"><img data-attachment-id=\"5690\" data-permalink=\"https:\/\/www.stiftsforum.ch\/blog\/?attachment_id=5690\" data-orig-file=\"https:\/\/i1.wp.com\/www.stiftsforum.ch\/blog\/wp-content\/uploads\/2022\/11\/20221120_130555_resized.jpg?fit=1156%2C867&amp;ssl=1\" data-orig-size=\"1156,867\" data-comments-opened=\"1\" data-image-meta=\"{&quot;aperture&quot;:&quot;0&quot;,&quot;credit&quot;:&quot;&quot;,&quot;camera&quot;:&quot;&quot;,&quot;caption&quot;:&quot;&quot;,&quot;created_timestamp&quot;:&quot;0&quot;,&quot;copyright&quot;:&quot;&quot;,&quot;focal_length&quot;:&quot;0&quot;,&quot;iso&quot;:&quot;0&quot;,&quot;shutter_speed&quot;:&quot;0&quot;,&quot;title&quot;:&quot;&quot;,&quot;orientation&quot;:&quot;0&quot;}\" data-image-title=\"20221120_130555_resized\" data-image-description=\"\" data-medium-file=\"https:\/\/i1.wp.com\/www.stiftsforum.ch\/blog\/wp-content\/uploads\/2022\/11\/20221120_130555_resized.jpg?fit=300%2C225&amp;ssl=1\" data-large-file=\"https:\/\/i1.wp.com\/www.stiftsforum.ch\/blog\/wp-content\/uploads\/2022\/11\/20221120_130555_resized.jpg?fit=800%2C600&amp;ssl=1\" data-attachment-id=\"5690\" data-permalink=\"https:\/\/www.stiftsforum.ch\/blog\/?attachment_id=5690\" data-orig-file=\"https:\/\/i1.wp.com\/www.stiftsforum.ch\/blog\/wp-content\/uploads\/2022\/11\/20221120_130555_resized.jpg?fit=1156%2C867&amp;ssl=1\" data-orig-size=\"1156,867\" data-comments-opened=\"1\" data-image-meta=\"{&quot;aperture&quot;:&quot;0&quot;,&quot;credit&quot;:&quot;&quot;,&quot;camera&quot;:&quot;&quot;,&quot;caption&quot;:&quot;&quot;,&quot;created_timestamp&quot;:&quot;0&quot;,&quot;copyright&quot;:&quot;&quot;,&quot;focal_length&quot;:&quot;0&quot;,&quot;iso&quot;:&quot;0&quot;,&quot;shutter_speed&quot;:&quot;0&quot;,&quot;title&quot;:&quot;&quot;,&quot;orientation&quot;:&quot;0&quot;}\" data-image-title=\"20221120_130555_resized\" data-image-description=\"\" data-medium-file=\"https:\/\/i1.wp.com\/www.stiftsforum.ch\/blog\/wp-content\/uploads\/2022\/11\/20221120_130555_resized.jpg?fit=300%2C225&amp;ssl=1\" data-large-file=\"https:\/\/i1.wp.com\/www.stiftsforum.ch\/blog\/wp-content\/uploads\/2022\/11\/20221120_130555_resized.jpg?fit=800%2C600&amp;ssl=1\" srcset=\"https:\/\/i1.wp.com\/www.stiftsforum.ch\/blog\/wp-content\/uploads\/2022\/11\/20221120_130555_resized.jpg?strip=info&#038;w=600 600w,https:\/\/i1.wp.com\/www.stiftsforum.ch\/blog\/wp-content\/uploads\/2022\/11\/20221120_130555_resized.jpg?strip=info&#038;w=867 867w\" alt=\"\" data-height=\"867\" data-id=\"5690\" data-link=\"http:\/\/www.stiftsforum.ch\/blog\/?attachment_id=5690\" data-url=\"http:\/\/www.stiftsforum.ch\/blog\/wp-content\/uploads\/2022\/11\/20221120_130555_resized.jpg\" data-width=\"1156\" src=\"https:\/\/i1.wp.com\/www.stiftsforum.ch\/blog\/wp-content\/uploads\/2022\/11\/20221120_130555_resized.jpg\" layout=\"responsive\"\/><\/figure><\/div><div data-carousel-extra='{\"blog_id\":1,\"permalink\":\"https:\\\/\\\/www.stiftsforum.ch\\\/blog\\\/?p=5678\"}' class=\"tiled-gallery__col\" style=\"flex-basis:50%\"><figure class=\"tiled-gallery__item\"><img data-attachment-id=\"5691\" data-permalink=\"https:\/\/www.stiftsforum.ch\/blog\/?attachment_id=5691\" data-orig-file=\"https:\/\/i2.wp.com\/www.stiftsforum.ch\/blog\/wp-content\/uploads\/2022\/11\/20221120_130743_resized.jpg?fit=1156%2C867&amp;ssl=1\" data-orig-size=\"1156,867\" data-comments-opened=\"1\" data-image-meta=\"{&quot;aperture&quot;:&quot;0&quot;,&quot;credit&quot;:&quot;&quot;,&quot;camera&quot;:&quot;&quot;,&quot;caption&quot;:&quot;&quot;,&quot;created_timestamp&quot;:&quot;0&quot;,&quot;copyright&quot;:&quot;&quot;,&quot;focal_length&quot;:&quot;0&quot;,&quot;iso&quot;:&quot;0&quot;,&quot;shutter_speed&quot;:&quot;0&quot;,&quot;title&quot;:&quot;&quot;,&quot;orientation&quot;:&quot;0&quot;}\" data-image-title=\"20221120_130743_resized\" data-image-description=\"\" data-medium-file=\"https:\/\/i2.wp.com\/www.stiftsforum.ch\/blog\/wp-content\/uploads\/2022\/11\/20221120_130743_resized.jpg?fit=300%2C225&amp;ssl=1\" data-large-file=\"https:\/\/i2.wp.com\/www.stiftsforum.ch\/blog\/wp-content\/uploads\/2022\/11\/20221120_130743_resized.jpg?fit=800%2C600&amp;ssl=1\" data-attachment-id=\"5691\" data-permalink=\"https:\/\/www.stiftsforum.ch\/blog\/?attachment_id=5691\" data-orig-file=\"https:\/\/i2.wp.com\/www.stiftsforum.ch\/blog\/wp-content\/uploads\/2022\/11\/20221120_130743_resized.jpg?fit=1156%2C867&amp;ssl=1\" data-orig-size=\"1156,867\" data-comments-opened=\"1\" data-image-meta=\"{&quot;aperture&quot;:&quot;0&quot;,&quot;credit&quot;:&quot;&quot;,&quot;camera&quot;:&quot;&quot;,&quot;caption&quot;:&quot;&quot;,&quot;created_timestamp&quot;:&quot;0&quot;,&quot;copyright&quot;:&quot;&quot;,&quot;focal_length&quot;:&quot;0&quot;,&quot;iso&quot;:&quot;0&quot;,&quot;shutter_speed&quot;:&quot;0&quot;,&quot;title&quot;:&quot;&quot;,&quot;orientation&quot;:&quot;0&quot;}\" data-image-title=\"20221120_130743_resized\" data-image-description=\"\" data-medium-file=\"https:\/\/i2.wp.com\/www.stiftsforum.ch\/blog\/wp-content\/uploads\/2022\/11\/20221120_130743_resized.jpg?fit=300%2C225&amp;ssl=1\" data-large-file=\"https:\/\/i2.wp.com\/www.stiftsforum.ch\/blog\/wp-content\/uploads\/2022\/11\/20221120_130743_resized.jpg?fit=800%2C600&amp;ssl=1\" srcset=\"https:\/\/i1.wp.com\/www.stiftsforum.ch\/blog\/wp-content\/uploads\/2022\/11\/20221120_130743_resized.jpg?strip=info&#038;w=600 600w,https:\/\/i1.wp.com\/www.stiftsforum.ch\/blog\/wp-content\/uploads\/2022\/11\/20221120_130743_resized.jpg?strip=info&#038;w=867 867w\" alt=\"\" data-height=\"867\" data-id=\"5691\" data-link=\"http:\/\/www.stiftsforum.ch\/blog\/?attachment_id=5691\" data-url=\"http:\/\/www.stiftsforum.ch\/blog\/wp-content\/uploads\/2022\/11\/20221120_130743_resized.jpg\" data-width=\"1156\" src=\"https:\/\/i1.wp.com\/www.stiftsforum.ch\/blog\/wp-content\/uploads\/2022\/11\/20221120_130743_resized.jpg\" layout=\"responsive\"\/><\/figure><\/div><\/div><div data-carousel-extra='{\"blog_id\":1,\"permalink\":\"https:\\\/\\\/www.stiftsforum.ch\\\/blog\\\/?p=5678\"}' class=\"tiled-gallery__row\"><div data-carousel-extra='{\"blog_id\":1,\"permalink\":\"https:\\\/\\\/www.stiftsforum.ch\\\/blog\\\/?p=5678\"}' class=\"tiled-gallery__col\" style=\"flex-basis:66.76020161165094%\"><figure class=\"tiled-gallery__item\"><img data-attachment-id=\"5692\" data-permalink=\"https:\/\/www.stiftsforum.ch\/blog\/?attachment_id=5692\" data-orig-file=\"https:\/\/i2.wp.com\/www.stiftsforum.ch\/blog\/wp-content\/uploads\/2022\/11\/20221120_130802_resized.jpg?fit=1156%2C867&amp;ssl=1\" data-orig-size=\"1156,867\" data-comments-opened=\"1\" data-image-meta=\"{&quot;aperture&quot;:&quot;0&quot;,&quot;credit&quot;:&quot;&quot;,&quot;camera&quot;:&quot;&quot;,&quot;caption&quot;:&quot;&quot;,&quot;created_timestamp&quot;:&quot;0&quot;,&quot;copyright&quot;:&quot;&quot;,&quot;focal_length&quot;:&quot;0&quot;,&quot;iso&quot;:&quot;0&quot;,&quot;shutter_speed&quot;:&quot;0&quot;,&quot;title&quot;:&quot;&quot;,&quot;orientation&quot;:&quot;0&quot;}\" data-image-title=\"20221120_130802_resized\" data-image-description=\"\" data-medium-file=\"https:\/\/i2.wp.com\/www.stiftsforum.ch\/blog\/wp-content\/uploads\/2022\/11\/20221120_130802_resized.jpg?fit=300%2C225&amp;ssl=1\" data-large-file=\"https:\/\/i2.wp.com\/www.stiftsforum.ch\/blog\/wp-content\/uploads\/2022\/11\/20221120_130802_resized.jpg?fit=800%2C600&amp;ssl=1\" data-attachment-id=\"5692\" data-permalink=\"https:\/\/www.stiftsforum.ch\/blog\/?attachment_id=5692\" data-orig-file=\"https:\/\/i2.wp.com\/www.stiftsforum.ch\/blog\/wp-content\/uploads\/2022\/11\/20221120_130802_resized.jpg?fit=1156%2C867&amp;ssl=1\" data-orig-size=\"1156,867\" data-comments-opened=\"1\" data-image-meta=\"{&quot;aperture&quot;:&quot;0&quot;,&quot;credit&quot;:&quot;&quot;,&quot;camera&quot;:&quot;&quot;,&quot;caption&quot;:&quot;&quot;,&quot;created_timestamp&quot;:&quot;0&quot;,&quot;copyright&quot;:&quot;&quot;,&quot;focal_length&quot;:&quot;0&quot;,&quot;iso&quot;:&quot;0&quot;,&quot;shutter_speed&quot;:&quot;0&quot;,&quot;title&quot;:&quot;&quot;,&quot;orientation&quot;:&quot;0&quot;}\" data-image-title=\"20221120_130802_resized\" data-image-description=\"\" data-medium-file=\"https:\/\/i2.wp.com\/www.stiftsforum.ch\/blog\/wp-content\/uploads\/2022\/11\/20221120_130802_resized.jpg?fit=300%2C225&amp;ssl=1\" data-large-file=\"https:\/\/i2.wp.com\/www.stiftsforum.ch\/blog\/wp-content\/uploads\/2022\/11\/20221120_130802_resized.jpg?fit=800%2C600&amp;ssl=1\" srcset=\"https:\/\/i0.wp.com\/www.stiftsforum.ch\/blog\/wp-content\/uploads\/2022\/11\/20221120_130802_resized.jpg?strip=info&#038;w=600 600w,https:\/\/i0.wp.com\/www.stiftsforum.ch\/blog\/wp-content\/uploads\/2022\/11\/20221120_130802_resized.jpg?strip=info&#038;w=867 867w\" alt=\"\" data-height=\"867\" data-id=\"5692\" data-link=\"http:\/\/www.stiftsforum.ch\/blog\/?attachment_id=5692\" data-url=\"http:\/\/www.stiftsforum.ch\/blog\/wp-content\/uploads\/2022\/11\/20221120_130802_resized.jpg\" data-width=\"1156\" src=\"https:\/\/i0.wp.com\/www.stiftsforum.ch\/blog\/wp-content\/uploads\/2022\/11\/20221120_130802_resized.jpg\" layout=\"responsive\"\/><\/figure><\/div><div data-carousel-extra='{\"blog_id\":1,\"permalink\":\"https:\\\/\\\/www.stiftsforum.ch\\\/blog\\\/?p=5678\"}' class=\"tiled-gallery__col\" style=\"flex-basis:33.23979838834905%\"><figure class=\"tiled-gallery__item\"><img data-attachment-id=\"5693\" data-permalink=\"https:\/\/www.stiftsforum.ch\/blog\/?attachment_id=5693\" data-orig-file=\"https:\/\/i1.wp.com\/www.stiftsforum.ch\/blog\/wp-content\/uploads\/2022\/11\/20221120_130918_resized.jpg?fit=1156%2C867&amp;ssl=1\" data-orig-size=\"1156,867\" data-comments-opened=\"1\" data-image-meta=\"{&quot;aperture&quot;:&quot;0&quot;,&quot;credit&quot;:&quot;&quot;,&quot;camera&quot;:&quot;&quot;,&quot;caption&quot;:&quot;&quot;,&quot;created_timestamp&quot;:&quot;0&quot;,&quot;copyright&quot;:&quot;&quot;,&quot;focal_length&quot;:&quot;0&quot;,&quot;iso&quot;:&quot;0&quot;,&quot;shutter_speed&quot;:&quot;0&quot;,&quot;title&quot;:&quot;&quot;,&quot;orientation&quot;:&quot;0&quot;}\" data-image-title=\"20221120_130918_resized\" data-image-description=\"\" data-medium-file=\"https:\/\/i1.wp.com\/www.stiftsforum.ch\/blog\/wp-content\/uploads\/2022\/11\/20221120_130918_resized.jpg?fit=300%2C225&amp;ssl=1\" data-large-file=\"https:\/\/i1.wp.com\/www.stiftsforum.ch\/blog\/wp-content\/uploads\/2022\/11\/20221120_130918_resized.jpg?fit=800%2C600&amp;ssl=1\" data-attachment-id=\"5693\" data-permalink=\"https:\/\/www.stiftsforum.ch\/blog\/?attachment_id=5693\" data-orig-file=\"https:\/\/i1.wp.com\/www.stiftsforum.ch\/blog\/wp-content\/uploads\/2022\/11\/20221120_130918_resized.jpg?fit=1156%2C867&amp;ssl=1\" data-orig-size=\"1156,867\" data-comments-opened=\"1\" data-image-meta=\"{&quot;aperture&quot;:&quot;0&quot;,&quot;credit&quot;:&quot;&quot;,&quot;camera&quot;:&quot;&quot;,&quot;caption&quot;:&quot;&quot;,&quot;created_timestamp&quot;:&quot;0&quot;,&quot;copyright&quot;:&quot;&quot;,&quot;focal_length&quot;:&quot;0&quot;,&quot;iso&quot;:&quot;0&quot;,&quot;shutter_speed&quot;:&quot;0&quot;,&quot;title&quot;:&quot;&quot;,&quot;orientation&quot;:&quot;0&quot;}\" data-image-title=\"20221120_130918_resized\" data-image-description=\"\" data-medium-file=\"https:\/\/i1.wp.com\/www.stiftsforum.ch\/blog\/wp-content\/uploads\/2022\/11\/20221120_130918_resized.jpg?fit=300%2C225&amp;ssl=1\" data-large-file=\"https:\/\/i1.wp.com\/www.stiftsforum.ch\/blog\/wp-content\/uploads\/2022\/11\/20221120_130918_resized.jpg?fit=800%2C600&amp;ssl=1\" srcset=\"https:\/\/i1.wp.com\/www.stiftsforum.ch\/blog\/wp-content\/uploads\/2022\/11\/20221120_130918_resized.jpg?strip=info&#038;w=600 600w,https:\/\/i1.wp.com\/www.stiftsforum.ch\/blog\/wp-content\/uploads\/2022\/11\/20221120_130918_resized.jpg?strip=info&#038;w=867 867w\" alt=\"\" data-height=\"867\" data-id=\"5693\" data-link=\"http:\/\/www.stiftsforum.ch\/blog\/?attachment_id=5693\" data-url=\"http:\/\/www.stiftsforum.ch\/blog\/wp-content\/uploads\/2022\/11\/20221120_130918_resized.jpg\" data-width=\"1156\" src=\"https:\/\/i1.wp.com\/www.stiftsforum.ch\/blog\/wp-content\/uploads\/2022\/11\/20221120_130918_resized.jpg\" layout=\"responsive\"\/><\/figure><figure class=\"tiled-gallery__item\"><img data-attachment-id=\"5694\" data-permalink=\"https:\/\/www.stiftsforum.ch\/blog\/?attachment_id=5694\" data-orig-file=\"https:\/\/i1.wp.com\/www.stiftsforum.ch\/blog\/wp-content\/uploads\/2022\/11\/20221120_130944_resized.jpg?fit=1156%2C867&amp;ssl=1\" data-orig-size=\"1156,867\" data-comments-opened=\"1\" data-image-meta=\"{&quot;aperture&quot;:&quot;0&quot;,&quot;credit&quot;:&quot;&quot;,&quot;camera&quot;:&quot;&quot;,&quot;caption&quot;:&quot;&quot;,&quot;created_timestamp&quot;:&quot;0&quot;,&quot;copyright&quot;:&quot;&quot;,&quot;focal_length&quot;:&quot;0&quot;,&quot;iso&quot;:&quot;0&quot;,&quot;shutter_speed&quot;:&quot;0&quot;,&quot;title&quot;:&quot;&quot;,&quot;orientation&quot;:&quot;0&quot;}\" data-image-title=\"20221120_130944_resized\" data-image-description=\"\" data-medium-file=\"https:\/\/i1.wp.com\/www.stiftsforum.ch\/blog\/wp-content\/uploads\/2022\/11\/20221120_130944_resized.jpg?fit=300%2C225&amp;ssl=1\" data-large-file=\"https:\/\/i1.wp.com\/www.stiftsforum.ch\/blog\/wp-content\/uploads\/2022\/11\/20221120_130944_resized.jpg?fit=800%2C600&amp;ssl=1\" data-attachment-id=\"5694\" data-permalink=\"https:\/\/www.stiftsforum.ch\/blog\/?attachment_id=5694\" data-orig-file=\"https:\/\/i1.wp.com\/www.stiftsforum.ch\/blog\/wp-content\/uploads\/2022\/11\/20221120_130944_resized.jpg?fit=1156%2C867&amp;ssl=1\" data-orig-size=\"1156,867\" data-comments-opened=\"1\" data-image-meta=\"{&quot;aperture&quot;:&quot;0&quot;,&quot;credit&quot;:&quot;&quot;,&quot;camera&quot;:&quot;&quot;,&quot;caption&quot;:&quot;&quot;,&quot;created_timestamp&quot;:&quot;0&quot;,&quot;copyright&quot;:&quot;&quot;,&quot;focal_length&quot;:&quot;0&quot;,&quot;iso&quot;:&quot;0&quot;,&quot;shutter_speed&quot;:&quot;0&quot;,&quot;title&quot;:&quot;&quot;,&quot;orientation&quot;:&quot;0&quot;}\" data-image-title=\"20221120_130944_resized\" data-image-description=\"\" data-medium-file=\"https:\/\/i1.wp.com\/www.stiftsforum.ch\/blog\/wp-content\/uploads\/2022\/11\/20221120_130944_resized.jpg?fit=300%2C225&amp;ssl=1\" data-large-file=\"https:\/\/i1.wp.com\/www.stiftsforum.ch\/blog\/wp-content\/uploads\/2022\/11\/20221120_130944_resized.jpg?fit=800%2C600&amp;ssl=1\" srcset=\"https:\/\/i2.wp.com\/www.stiftsforum.ch\/blog\/wp-content\/uploads\/2022\/11\/20221120_130944_resized.jpg?strip=info&#038;w=600 600w,https:\/\/i2.wp.com\/www.stiftsforum.ch\/blog\/wp-content\/uploads\/2022\/11\/20221120_130944_resized.jpg?strip=info&#038;w=867 867w\" alt=\"\" data-height=\"867\" data-id=\"5694\" data-link=\"http:\/\/www.stiftsforum.ch\/blog\/?attachment_id=5694\" data-url=\"http:\/\/www.stiftsforum.ch\/blog\/wp-content\/uploads\/2022\/11\/20221120_130944_resized.jpg\" data-width=\"1156\" src=\"https:\/\/i2.wp.com\/www.stiftsforum.ch\/blog\/wp-content\/uploads\/2022\/11\/20221120_130944_resized.jpg\" layout=\"responsive\"\/><\/figure><\/div><\/div><div data-carousel-extra='{\"blog_id\":1,\"permalink\":\"https:\\\/\\\/www.stiftsforum.ch\\\/blog\\\/?p=5678\"}' class=\"tiled-gallery__row\"><div data-carousel-extra='{\"blog_id\":1,\"permalink\":\"https:\\\/\\\/www.stiftsforum.ch\\\/blog\\\/?p=5678\"}' class=\"tiled-gallery__col\" style=\"flex-basis:33.33333333333333%\"><figure class=\"tiled-gallery__item\"><img data-attachment-id=\"5695\" data-permalink=\"https:\/\/www.stiftsforum.ch\/blog\/?attachment_id=5695\" data-orig-file=\"https:\/\/i1.wp.com\/www.stiftsforum.ch\/blog\/wp-content\/uploads\/2022\/11\/20221120_130955_resized.jpg?fit=1156%2C867&amp;ssl=1\" data-orig-size=\"1156,867\" data-comments-opened=\"1\" data-image-meta=\"{&quot;aperture&quot;:&quot;0&quot;,&quot;credit&quot;:&quot;&quot;,&quot;camera&quot;:&quot;&quot;,&quot;caption&quot;:&quot;&quot;,&quot;created_timestamp&quot;:&quot;0&quot;,&quot;copyright&quot;:&quot;&quot;,&quot;focal_length&quot;:&quot;0&quot;,&quot;iso&quot;:&quot;0&quot;,&quot;shutter_speed&quot;:&quot;0&quot;,&quot;title&quot;:&quot;&quot;,&quot;orientation&quot;:&quot;0&quot;}\" data-image-title=\"20221120_130955_resized\" data-image-description=\"\" data-medium-file=\"https:\/\/i1.wp.com\/www.stiftsforum.ch\/blog\/wp-content\/uploads\/2022\/11\/20221120_130955_resized.jpg?fit=300%2C225&amp;ssl=1\" data-large-file=\"https:\/\/i1.wp.com\/www.stiftsforum.ch\/blog\/wp-content\/uploads\/2022\/11\/20221120_130955_resized.jpg?fit=800%2C600&amp;ssl=1\" data-attachment-id=\"5695\" data-permalink=\"https:\/\/www.stiftsforum.ch\/blog\/?attachment_id=5695\" data-orig-file=\"https:\/\/i1.wp.com\/www.stiftsforum.ch\/blog\/wp-content\/uploads\/2022\/11\/20221120_130955_resized.jpg?fit=1156%2C867&amp;ssl=1\" data-orig-size=\"1156,867\" data-comments-opened=\"1\" data-image-meta=\"{&quot;aperture&quot;:&quot;0&quot;,&quot;credit&quot;:&quot;&quot;,&quot;camera&quot;:&quot;&quot;,&quot;caption&quot;:&quot;&quot;,&quot;created_timestamp&quot;:&quot;0&quot;,&quot;copyright&quot;:&quot;&quot;,&quot;focal_length&quot;:&quot;0&quot;,&quot;iso&quot;:&quot;0&quot;,&quot;shutter_speed&quot;:&quot;0&quot;,&quot;title&quot;:&quot;&quot;,&quot;orientation&quot;:&quot;0&quot;}\" data-image-title=\"20221120_130955_resized\" data-image-description=\"\" data-medium-file=\"https:\/\/i1.wp.com\/www.stiftsforum.ch\/blog\/wp-content\/uploads\/2022\/11\/20221120_130955_resized.jpg?fit=300%2C225&amp;ssl=1\" data-large-file=\"https:\/\/i1.wp.com\/www.stiftsforum.ch\/blog\/wp-content\/uploads\/2022\/11\/20221120_130955_resized.jpg?fit=800%2C600&amp;ssl=1\" srcset=\"https:\/\/i2.wp.com\/www.stiftsforum.ch\/blog\/wp-content\/uploads\/2022\/11\/20221120_130955_resized.jpg?strip=info&#038;w=600 600w,https:\/\/i2.wp.com\/www.stiftsforum.ch\/blog\/wp-content\/uploads\/2022\/11\/20221120_130955_resized.jpg?strip=info&#038;w=867 867w\" alt=\"\" data-height=\"867\" data-id=\"5695\" data-link=\"http:\/\/www.stiftsforum.ch\/blog\/?attachment_id=5695\" data-url=\"http:\/\/www.stiftsforum.ch\/blog\/wp-content\/uploads\/2022\/11\/20221120_130955_resized.jpg\" data-width=\"1156\" src=\"https:\/\/i2.wp.com\/www.stiftsforum.ch\/blog\/wp-content\/uploads\/2022\/11\/20221120_130955_resized.jpg\" layout=\"responsive\"\/><\/figure><\/div><div data-carousel-extra='{\"blog_id\":1,\"permalink\":\"https:\\\/\\\/www.stiftsforum.ch\\\/blog\\\/?p=5678\"}' class=\"tiled-gallery__col\" style=\"flex-basis:33.33333333333333%\"><figure class=\"tiled-gallery__item\"><img data-attachment-id=\"5696\" data-permalink=\"https:\/\/www.stiftsforum.ch\/blog\/?attachment_id=5696\" data-orig-file=\"https:\/\/i1.wp.com\/www.stiftsforum.ch\/blog\/wp-content\/uploads\/2022\/11\/20221120_131042_resized.jpg?fit=1156%2C867&amp;ssl=1\" data-orig-size=\"1156,867\" data-comments-opened=\"1\" data-image-meta=\"{&quot;aperture&quot;:&quot;0&quot;,&quot;credit&quot;:&quot;&quot;,&quot;camera&quot;:&quot;&quot;,&quot;caption&quot;:&quot;&quot;,&quot;created_timestamp&quot;:&quot;0&quot;,&quot;copyright&quot;:&quot;&quot;,&quot;focal_length&quot;:&quot;0&quot;,&quot;iso&quot;:&quot;0&quot;,&quot;shutter_speed&quot;:&quot;0&quot;,&quot;title&quot;:&quot;&quot;,&quot;orientation&quot;:&quot;0&quot;}\" data-image-title=\"20221120_131042_resized\" data-image-description=\"\" data-medium-file=\"https:\/\/i1.wp.com\/www.stiftsforum.ch\/blog\/wp-content\/uploads\/2022\/11\/20221120_131042_resized.jpg?fit=300%2C225&amp;ssl=1\" data-large-file=\"https:\/\/i1.wp.com\/www.stiftsforum.ch\/blog\/wp-content\/uploads\/2022\/11\/20221120_131042_resized.jpg?fit=800%2C600&amp;ssl=1\" data-attachment-id=\"5696\" data-permalink=\"https:\/\/www.stiftsforum.ch\/blog\/?attachment_id=5696\" data-orig-file=\"https:\/\/i1.wp.com\/www.stiftsforum.ch\/blog\/wp-content\/uploads\/2022\/11\/20221120_131042_resized.jpg?fit=1156%2C867&amp;ssl=1\" data-orig-size=\"1156,867\" data-comments-opened=\"1\" data-image-meta=\"{&quot;aperture&quot;:&quot;0&quot;,&quot;credit&quot;:&quot;&quot;,&quot;camera&quot;:&quot;&quot;,&quot;caption&quot;:&quot;&quot;,&quot;created_timestamp&quot;:&quot;0&quot;,&quot;copyright&quot;:&quot;&quot;,&quot;focal_length&quot;:&quot;0&quot;,&quot;iso&quot;:&quot;0&quot;,&quot;shutter_speed&quot;:&quot;0&quot;,&quot;title&quot;:&quot;&quot;,&quot;orientation&quot;:&quot;0&quot;}\" data-image-title=\"20221120_131042_resized\" data-image-description=\"\" data-medium-file=\"https:\/\/i1.wp.com\/www.stiftsforum.ch\/blog\/wp-content\/uploads\/2022\/11\/20221120_131042_resized.jpg?fit=300%2C225&amp;ssl=1\" data-large-file=\"https:\/\/i1.wp.com\/www.stiftsforum.ch\/blog\/wp-content\/uploads\/2022\/11\/20221120_131042_resized.jpg?fit=800%2C600&amp;ssl=1\" srcset=\"https:\/\/i1.wp.com\/www.stiftsforum.ch\/blog\/wp-content\/uploads\/2022\/11\/20221120_131042_resized.jpg?strip=info&#038;w=600 600w,https:\/\/i1.wp.com\/www.stiftsforum.ch\/blog\/wp-content\/uploads\/2022\/11\/20221120_131042_resized.jpg?strip=info&#038;w=867 867w\" alt=\"\" data-height=\"867\" data-id=\"5696\" data-link=\"http:\/\/www.stiftsforum.ch\/blog\/?attachment_id=5696\" data-url=\"http:\/\/www.stiftsforum.ch\/blog\/wp-content\/uploads\/2022\/11\/20221120_131042_resized.jpg\" data-width=\"1156\" src=\"https:\/\/i1.wp.com\/www.stiftsforum.ch\/blog\/wp-content\/uploads\/2022\/11\/20221120_131042_resized.jpg\" layout=\"responsive\"\/><\/figure><\/div><div data-carousel-extra='{\"blog_id\":1,\"permalink\":\"https:\\\/\\\/www.stiftsforum.ch\\\/blog\\\/?p=5678\"}' class=\"tiled-gallery__col\" style=\"flex-basis:33.33333333333333%\"><figure class=\"tiled-gallery__item\"><img data-attachment-id=\"5697\" data-permalink=\"https:\/\/www.stiftsforum.ch\/blog\/?attachment_id=5697\" data-orig-file=\"https:\/\/i0.wp.com\/www.stiftsforum.ch\/blog\/wp-content\/uploads\/2022\/11\/20221120_131152_resized.jpg?fit=1156%2C867&amp;ssl=1\" data-orig-size=\"1156,867\" data-comments-opened=\"1\" data-image-meta=\"{&quot;aperture&quot;:&quot;0&quot;,&quot;credit&quot;:&quot;&quot;,&quot;camera&quot;:&quot;&quot;,&quot;caption&quot;:&quot;&quot;,&quot;created_timestamp&quot;:&quot;0&quot;,&quot;copyright&quot;:&quot;&quot;,&quot;focal_length&quot;:&quot;0&quot;,&quot;iso&quot;:&quot;0&quot;,&quot;shutter_speed&quot;:&quot;0&quot;,&quot;title&quot;:&quot;&quot;,&quot;orientation&quot;:&quot;0&quot;}\" data-image-title=\"20221120_131152_resized\" data-image-description=\"\" data-medium-file=\"https:\/\/i0.wp.com\/www.stiftsforum.ch\/blog\/wp-content\/uploads\/2022\/11\/20221120_131152_resized.jpg?fit=300%2C225&amp;ssl=1\" data-large-file=\"https:\/\/i0.wp.com\/www.stiftsforum.ch\/blog\/wp-content\/uploads\/2022\/11\/20221120_131152_resized.jpg?fit=800%2C600&amp;ssl=1\" data-attachment-id=\"5697\" data-permalink=\"https:\/\/www.stiftsforum.ch\/blog\/?attachment_id=5697\" data-orig-file=\"https:\/\/i0.wp.com\/www.stiftsforum.ch\/blog\/wp-content\/uploads\/2022\/11\/20221120_131152_resized.jpg?fit=1156%2C867&amp;ssl=1\" data-orig-size=\"1156,867\" data-comments-opened=\"1\" data-image-meta=\"{&quot;aperture&quot;:&quot;0&quot;,&quot;credit&quot;:&quot;&quot;,&quot;camera&quot;:&quot;&quot;,&quot;caption&quot;:&quot;&quot;,&quot;created_timestamp&quot;:&quot;0&quot;,&quot;copyright&quot;:&quot;&quot;,&quot;focal_length&quot;:&quot;0&quot;,&quot;iso&quot;:&quot;0&quot;,&quot;shutter_speed&quot;:&quot;0&quot;,&quot;title&quot;:&quot;&quot;,&quot;orientation&quot;:&quot;0&quot;}\" data-image-title=\"20221120_131152_resized\" data-image-description=\"\" data-medium-file=\"https:\/\/i0.wp.com\/www.stiftsforum.ch\/blog\/wp-content\/uploads\/2022\/11\/20221120_131152_resized.jpg?fit=300%2C225&amp;ssl=1\" data-large-file=\"https:\/\/i0.wp.com\/www.stiftsforum.ch\/blog\/wp-content\/uploads\/2022\/11\/20221120_131152_resized.jpg?fit=800%2C600&amp;ssl=1\" srcset=\"https:\/\/i1.wp.com\/www.stiftsforum.ch\/blog\/wp-content\/uploads\/2022\/11\/20221120_131152_resized.jpg?strip=info&#038;w=600 600w,https:\/\/i1.wp.com\/www.stiftsforum.ch\/blog\/wp-content\/uploads\/2022\/11\/20221120_131152_resized.jpg?strip=info&#038;w=867 867w\" alt=\"\" data-height=\"867\" data-id=\"5697\" data-link=\"http:\/\/www.stiftsforum.ch\/blog\/?attachment_id=5697\" data-url=\"http:\/\/www.stiftsforum.ch\/blog\/wp-content\/uploads\/2022\/11\/20221120_131152_resized.jpg\" data-width=\"1156\" src=\"https:\/\/i1.wp.com\/www.stiftsforum.ch\/blog\/wp-content\/uploads\/2022\/11\/20221120_131152_resized.jpg\" layout=\"responsive\"\/><\/figure><\/div><\/div><div data-carousel-extra='{\"blog_id\":1,\"permalink\":\"https:\\\/\\\/www.stiftsforum.ch\\\/blog\\\/?p=5678\"}' class=\"tiled-gallery__row\"><div data-carousel-extra='{\"blog_id\":1,\"permalink\":\"https:\\\/\\\/www.stiftsforum.ch\\\/blog\\\/?p=5678\"}' class=\"tiled-gallery__col\" style=\"flex-basis:33.23979838834905%\"><figure class=\"tiled-gallery__item\"><img data-attachment-id=\"5698\" data-permalink=\"https:\/\/www.stiftsforum.ch\/blog\/?attachment_id=5698\" data-orig-file=\"https:\/\/i2.wp.com\/www.stiftsforum.ch\/blog\/wp-content\/uploads\/2022\/11\/20221120_131238_resized.jpg?fit=1156%2C867&amp;ssl=1\" data-orig-size=\"1156,867\" data-comments-opened=\"1\" data-image-meta=\"{&quot;aperture&quot;:&quot;0&quot;,&quot;credit&quot;:&quot;&quot;,&quot;camera&quot;:&quot;&quot;,&quot;caption&quot;:&quot;&quot;,&quot;created_timestamp&quot;:&quot;0&quot;,&quot;copyright&quot;:&quot;&quot;,&quot;focal_length&quot;:&quot;0&quot;,&quot;iso&quot;:&quot;0&quot;,&quot;shutter_speed&quot;:&quot;0&quot;,&quot;title&quot;:&quot;&quot;,&quot;orientation&quot;:&quot;0&quot;}\" data-image-title=\"20221120_131238_resized\" data-image-description=\"\" data-medium-file=\"https:\/\/i2.wp.com\/www.stiftsforum.ch\/blog\/wp-content\/uploads\/2022\/11\/20221120_131238_resized.jpg?fit=300%2C225&amp;ssl=1\" data-large-file=\"https:\/\/i2.wp.com\/www.stiftsforum.ch\/blog\/wp-content\/uploads\/2022\/11\/20221120_131238_resized.jpg?fit=800%2C600&amp;ssl=1\" data-attachment-id=\"5698\" data-permalink=\"https:\/\/www.stiftsforum.ch\/blog\/?attachment_id=5698\" data-orig-file=\"https:\/\/i2.wp.com\/www.stiftsforum.ch\/blog\/wp-content\/uploads\/2022\/11\/20221120_131238_resized.jpg?fit=1156%2C867&amp;ssl=1\" data-orig-size=\"1156,867\" data-comments-opened=\"1\" data-image-meta=\"{&quot;aperture&quot;:&quot;0&quot;,&quot;credit&quot;:&quot;&quot;,&quot;camera&quot;:&quot;&quot;,&quot;caption&quot;:&quot;&quot;,&quot;created_timestamp&quot;:&quot;0&quot;,&quot;copyright&quot;:&quot;&quot;,&quot;focal_length&quot;:&quot;0&quot;,&quot;iso&quot;:&quot;0&quot;,&quot;shutter_speed&quot;:&quot;0&quot;,&quot;title&quot;:&quot;&quot;,&quot;orientation&quot;:&quot;0&quot;}\" data-image-title=\"20221120_131238_resized\" data-image-description=\"\" data-medium-file=\"https:\/\/i2.wp.com\/www.stiftsforum.ch\/blog\/wp-content\/uploads\/2022\/11\/20221120_131238_resized.jpg?fit=300%2C225&amp;ssl=1\" data-large-file=\"https:\/\/i2.wp.com\/www.stiftsforum.ch\/blog\/wp-content\/uploads\/2022\/11\/20221120_131238_resized.jpg?fit=800%2C600&amp;ssl=1\" srcset=\"https:\/\/i2.wp.com\/www.stiftsforum.ch\/blog\/wp-content\/uploads\/2022\/11\/20221120_131238_resized.jpg?strip=info&#038;w=600 600w,https:\/\/i2.wp.com\/www.stiftsforum.ch\/blog\/wp-content\/uploads\/2022\/11\/20221120_131238_resized.jpg?strip=info&#038;w=867 867w\" alt=\"\" data-height=\"867\" data-id=\"5698\" data-link=\"http:\/\/www.stiftsforum.ch\/blog\/?attachment_id=5698\" data-url=\"http:\/\/www.stiftsforum.ch\/blog\/wp-content\/uploads\/2022\/11\/20221120_131238_resized.jpg\" data-width=\"1156\" src=\"https:\/\/i2.wp.com\/www.stiftsforum.ch\/blog\/wp-content\/uploads\/2022\/11\/20221120_131238_resized.jpg\" layout=\"responsive\"\/><\/figure><figure class=\"tiled-gallery__item\"><img data-attachment-id=\"5699\" data-permalink=\"https:\/\/www.stiftsforum.ch\/blog\/?attachment_id=5699\" data-orig-file=\"https:\/\/i1.wp.com\/www.stiftsforum.ch\/blog\/wp-content\/uploads\/2022\/11\/20221120_131319_resized.jpg?fit=1156%2C867&amp;ssl=1\" data-orig-size=\"1156,867\" data-comments-opened=\"1\" data-image-meta=\"{&quot;aperture&quot;:&quot;0&quot;,&quot;credit&quot;:&quot;&quot;,&quot;camera&quot;:&quot;&quot;,&quot;caption&quot;:&quot;&quot;,&quot;created_timestamp&quot;:&quot;0&quot;,&quot;copyright&quot;:&quot;&quot;,&quot;focal_length&quot;:&quot;0&quot;,&quot;iso&quot;:&quot;0&quot;,&quot;shutter_speed&quot;:&quot;0&quot;,&quot;title&quot;:&quot;&quot;,&quot;orientation&quot;:&quot;0&quot;}\" data-image-title=\"20221120_131319_resized\" data-image-description=\"\" data-medium-file=\"https:\/\/i1.wp.com\/www.stiftsforum.ch\/blog\/wp-content\/uploads\/2022\/11\/20221120_131319_resized.jpg?fit=300%2C225&amp;ssl=1\" data-large-file=\"https:\/\/i1.wp.com\/www.stiftsforum.ch\/blog\/wp-content\/uploads\/2022\/11\/20221120_131319_resized.jpg?fit=800%2C600&amp;ssl=1\" data-attachment-id=\"5699\" data-permalink=\"https:\/\/www.stiftsforum.ch\/blog\/?attachment_id=5699\" data-orig-file=\"https:\/\/i1.wp.com\/www.stiftsforum.ch\/blog\/wp-content\/uploads\/2022\/11\/20221120_131319_resized.jpg?fit=1156%2C867&amp;ssl=1\" data-orig-size=\"1156,867\" data-comments-opened=\"1\" data-image-meta=\"{&quot;aperture&quot;:&quot;0&quot;,&quot;credit&quot;:&quot;&quot;,&quot;camera&quot;:&quot;&quot;,&quot;caption&quot;:&quot;&quot;,&quot;created_timestamp&quot;:&quot;0&quot;,&quot;copyright&quot;:&quot;&quot;,&quot;focal_length&quot;:&quot;0&quot;,&quot;iso&quot;:&quot;0&quot;,&quot;shutter_speed&quot;:&quot;0&quot;,&quot;title&quot;:&quot;&quot;,&quot;orientation&quot;:&quot;0&quot;}\" data-image-title=\"20221120_131319_resized\" data-image-description=\"\" data-medium-file=\"https:\/\/i1.wp.com\/www.stiftsforum.ch\/blog\/wp-content\/uploads\/2022\/11\/20221120_131319_resized.jpg?fit=300%2C225&amp;ssl=1\" data-large-file=\"https:\/\/i1.wp.com\/www.stiftsforum.ch\/blog\/wp-content\/uploads\/2022\/11\/20221120_131319_resized.jpg?fit=800%2C600&amp;ssl=1\" srcset=\"https:\/\/i0.wp.com\/www.stiftsforum.ch\/blog\/wp-content\/uploads\/2022\/11\/20221120_131319_resized.jpg?strip=info&#038;w=600 600w,https:\/\/i0.wp.com\/www.stiftsforum.ch\/blog\/wp-content\/uploads\/2022\/11\/20221120_131319_resized.jpg?strip=info&#038;w=867 867w\" alt=\"\" data-height=\"867\" data-id=\"5699\" data-link=\"http:\/\/www.stiftsforum.ch\/blog\/?attachment_id=5699\" data-url=\"http:\/\/www.stiftsforum.ch\/blog\/wp-content\/uploads\/2022\/11\/20221120_131319_resized.jpg\" data-width=\"1156\" src=\"https:\/\/i0.wp.com\/www.stiftsforum.ch\/blog\/wp-content\/uploads\/2022\/11\/20221120_131319_resized.jpg\" layout=\"responsive\"\/><\/figure><\/div><div data-carousel-extra='{\"blog_id\":1,\"permalink\":\"https:\\\/\\\/www.stiftsforum.ch\\\/blog\\\/?p=5678\"}' class=\"tiled-gallery__col\" style=\"flex-basis:66.76020161165094%\"><figure class=\"tiled-gallery__item\"><img data-attachment-id=\"5700\" data-permalink=\"https:\/\/www.stiftsforum.ch\/blog\/?attachment_id=5700\" data-orig-file=\"https:\/\/i0.wp.com\/www.stiftsforum.ch\/blog\/wp-content\/uploads\/2022\/11\/20221120_131327_resized.jpg?fit=1156%2C867&amp;ssl=1\" data-orig-size=\"1156,867\" data-comments-opened=\"1\" data-image-meta=\"{&quot;aperture&quot;:&quot;0&quot;,&quot;credit&quot;:&quot;&quot;,&quot;camera&quot;:&quot;&quot;,&quot;caption&quot;:&quot;&quot;,&quot;created_timestamp&quot;:&quot;0&quot;,&quot;copyright&quot;:&quot;&quot;,&quot;focal_length&quot;:&quot;0&quot;,&quot;iso&quot;:&quot;0&quot;,&quot;shutter_speed&quot;:&quot;0&quot;,&quot;title&quot;:&quot;&quot;,&quot;orientation&quot;:&quot;0&quot;}\" data-image-title=\"20221120_131327_resized\" data-image-description=\"\" data-medium-file=\"https:\/\/i0.wp.com\/www.stiftsforum.ch\/blog\/wp-content\/uploads\/2022\/11\/20221120_131327_resized.jpg?fit=300%2C225&amp;ssl=1\" data-large-file=\"https:\/\/i0.wp.com\/www.stiftsforum.ch\/blog\/wp-content\/uploads\/2022\/11\/20221120_131327_resized.jpg?fit=800%2C600&amp;ssl=1\" data-attachment-id=\"5700\" data-permalink=\"https:\/\/www.stiftsforum.ch\/blog\/?attachment_id=5700\" data-orig-file=\"https:\/\/i0.wp.com\/www.stiftsforum.ch\/blog\/wp-content\/uploads\/2022\/11\/20221120_131327_resized.jpg?fit=1156%2C867&amp;ssl=1\" data-orig-size=\"1156,867\" data-comments-opened=\"1\" data-image-meta=\"{&quot;aperture&quot;:&quot;0&quot;,&quot;credit&quot;:&quot;&quot;,&quot;camera&quot;:&quot;&quot;,&quot;caption&quot;:&quot;&quot;,&quot;created_timestamp&quot;:&quot;0&quot;,&quot;copyright&quot;:&quot;&quot;,&quot;focal_length&quot;:&quot;0&quot;,&quot;iso&quot;:&quot;0&quot;,&quot;shutter_speed&quot;:&quot;0&quot;,&quot;title&quot;:&quot;&quot;,&quot;orientation&quot;:&quot;0&quot;}\" data-image-title=\"20221120_131327_resized\" data-image-description=\"\" data-medium-file=\"https:\/\/i0.wp.com\/www.stiftsforum.ch\/blog\/wp-content\/uploads\/2022\/11\/20221120_131327_resized.jpg?fit=300%2C225&amp;ssl=1\" data-large-file=\"https:\/\/i0.wp.com\/www.stiftsforum.ch\/blog\/wp-content\/uploads\/2022\/11\/20221120_131327_resized.jpg?fit=800%2C600&amp;ssl=1\" srcset=\"https:\/\/i0.wp.com\/www.stiftsforum.ch\/blog\/wp-content\/uploads\/2022\/11\/20221120_131327_resized.jpg?strip=info&#038;w=600 600w,https:\/\/i0.wp.com\/www.stiftsforum.ch\/blog\/wp-content\/uploads\/2022\/11\/20221120_131327_resized.jpg?strip=info&#038;w=867 867w\" alt=\"\" data-height=\"867\" data-id=\"5700\" data-link=\"http:\/\/www.stiftsforum.ch\/blog\/?attachment_id=5700\" data-url=\"http:\/\/www.stiftsforum.ch\/blog\/wp-content\/uploads\/2022\/11\/20221120_131327_resized.jpg\" data-width=\"1156\" src=\"https:\/\/i0.wp.com\/www.stiftsforum.ch\/blog\/wp-content\/uploads\/2022\/11\/20221120_131327_resized.jpg\" layout=\"responsive\"\/><\/figure><\/div><\/div><div data-carousel-extra='{\"blog_id\":1,\"permalink\":\"https:\\\/\\\/www.stiftsforum.ch\\\/blog\\\/?p=5678\"}' class=\"tiled-gallery__row\"><div data-carousel-extra='{\"blog_id\":1,\"permalink\":\"https:\\\/\\\/www.stiftsforum.ch\\\/blog\\\/?p=5678\"}' class=\"tiled-gallery__col\" style=\"flex-basis:32.94739280643286%\"><figure class=\"tiled-gallery__item\"><img data-attachment-id=\"5701\" data-permalink=\"https:\/\/www.stiftsforum.ch\/blog\/?attachment_id=5701\" data-orig-file=\"https:\/\/i1.wp.com\/www.stiftsforum.ch\/blog\/wp-content\/uploads\/2022\/11\/20221120_131456_resized.jpg?fit=1156%2C867&amp;ssl=1\" data-orig-size=\"1156,867\" data-comments-opened=\"1\" data-image-meta=\"{&quot;aperture&quot;:&quot;0&quot;,&quot;credit&quot;:&quot;&quot;,&quot;camera&quot;:&quot;&quot;,&quot;caption&quot;:&quot;&quot;,&quot;created_timestamp&quot;:&quot;0&quot;,&quot;copyright&quot;:&quot;&quot;,&quot;focal_length&quot;:&quot;0&quot;,&quot;iso&quot;:&quot;0&quot;,&quot;shutter_speed&quot;:&quot;0&quot;,&quot;title&quot;:&quot;&quot;,&quot;orientation&quot;:&quot;0&quot;}\" data-image-title=\"20221120_131456_resized\" data-image-description=\"\" data-medium-file=\"https:\/\/i1.wp.com\/www.stiftsforum.ch\/blog\/wp-content\/uploads\/2022\/11\/20221120_131456_resized.jpg?fit=300%2C225&amp;ssl=1\" data-large-file=\"https:\/\/i1.wp.com\/www.stiftsforum.ch\/blog\/wp-content\/uploads\/2022\/11\/20221120_131456_resized.jpg?fit=800%2C600&amp;ssl=1\" data-attachment-id=\"5701\" data-permalink=\"https:\/\/www.stiftsforum.ch\/blog\/?attachment_id=5701\" data-orig-file=\"https:\/\/i1.wp.com\/www.stiftsforum.ch\/blog\/wp-content\/uploads\/2022\/11\/20221120_131456_resized.jpg?fit=1156%2C867&amp;ssl=1\" data-orig-size=\"1156,867\" data-comments-opened=\"1\" data-image-meta=\"{&quot;aperture&quot;:&quot;0&quot;,&quot;credit&quot;:&quot;&quot;,&quot;camera&quot;:&quot;&quot;,&quot;caption&quot;:&quot;&quot;,&quot;created_timestamp&quot;:&quot;0&quot;,&quot;copyright&quot;:&quot;&quot;,&quot;focal_length&quot;:&quot;0&quot;,&quot;iso&quot;:&quot;0&quot;,&quot;shutter_speed&quot;:&quot;0&quot;,&quot;title&quot;:&quot;&quot;,&quot;orientation&quot;:&quot;0&quot;}\" data-image-title=\"20221120_131456_resized\" data-image-description=\"\" data-medium-file=\"https:\/\/i1.wp.com\/www.stiftsforum.ch\/blog\/wp-content\/uploads\/2022\/11\/20221120_131456_resized.jpg?fit=300%2C225&amp;ssl=1\" data-large-file=\"https:\/\/i1.wp.com\/www.stiftsforum.ch\/blog\/wp-content\/uploads\/2022\/11\/20221120_131456_resized.jpg?fit=800%2C600&amp;ssl=1\" srcset=\"https:\/\/i1.wp.com\/www.stiftsforum.ch\/blog\/wp-content\/uploads\/2022\/11\/20221120_131456_resized.jpg?strip=info&#038;w=600 600w,https:\/\/i1.wp.com\/www.stiftsforum.ch\/blog\/wp-content\/uploads\/2022\/11\/20221120_131456_resized.jpg?strip=info&#038;w=867 867w\" alt=\"\" data-height=\"867\" data-id=\"5701\" data-link=\"http:\/\/www.stiftsforum.ch\/blog\/?attachment_id=5701\" data-url=\"http:\/\/www.stiftsforum.ch\/blog\/wp-content\/uploads\/2022\/11\/20221120_131456_resized.jpg\" data-width=\"1156\" src=\"https:\/\/i1.wp.com\/www.stiftsforum.ch\/blog\/wp-content\/uploads\/2022\/11\/20221120_131456_resized.jpg\" layout=\"responsive\"\/><\/figure><figure class=\"tiled-gallery__item\"><img data-attachment-id=\"5702\" data-permalink=\"https:\/\/www.stiftsforum.ch\/blog\/?attachment_id=5702\" data-orig-file=\"https:\/\/i1.wp.com\/www.stiftsforum.ch\/blog\/wp-content\/uploads\/2022\/11\/20221120_131923_resized.jpg?fit=1156%2C867&amp;ssl=1\" data-orig-size=\"1156,867\" data-comments-opened=\"1\" data-image-meta=\"{&quot;aperture&quot;:&quot;0&quot;,&quot;credit&quot;:&quot;&quot;,&quot;camera&quot;:&quot;&quot;,&quot;caption&quot;:&quot;&quot;,&quot;created_timestamp&quot;:&quot;0&quot;,&quot;copyright&quot;:&quot;&quot;,&quot;focal_length&quot;:&quot;0&quot;,&quot;iso&quot;:&quot;0&quot;,&quot;shutter_speed&quot;:&quot;0&quot;,&quot;title&quot;:&quot;&quot;,&quot;orientation&quot;:&quot;0&quot;}\" data-image-title=\"20221120_131923_resized\" data-image-description=\"\" data-medium-file=\"https:\/\/i1.wp.com\/www.stiftsforum.ch\/blog\/wp-content\/uploads\/2022\/11\/20221120_131923_resized.jpg?fit=300%2C225&amp;ssl=1\" data-large-file=\"https:\/\/i1.wp.com\/www.stiftsforum.ch\/blog\/wp-content\/uploads\/2022\/11\/20221120_131923_resized.jpg?fit=800%2C600&amp;ssl=1\" data-attachment-id=\"5702\" data-permalink=\"https:\/\/www.stiftsforum.ch\/blog\/?attachment_id=5702\" data-orig-file=\"https:\/\/i1.wp.com\/www.stiftsforum.ch\/blog\/wp-content\/uploads\/2022\/11\/20221120_131923_resized.jpg?fit=1156%2C867&amp;ssl=1\" data-orig-size=\"1156,867\" data-comments-opened=\"1\" data-image-meta=\"{&quot;aperture&quot;:&quot;0&quot;,&quot;credit&quot;:&quot;&quot;,&quot;camera&quot;:&quot;&quot;,&quot;caption&quot;:&quot;&quot;,&quot;created_timestamp&quot;:&quot;0&quot;,&quot;copyright&quot;:&quot;&quot;,&quot;focal_length&quot;:&quot;0&quot;,&quot;iso&quot;:&quot;0&quot;,&quot;shutter_speed&quot;:&quot;0&quot;,&quot;title&quot;:&quot;&quot;,&quot;orientation&quot;:&quot;0&quot;}\" data-image-title=\"20221120_131923_resized\" data-image-description=\"\" data-medium-file=\"https:\/\/i1.wp.com\/www.stiftsforum.ch\/blog\/wp-content\/uploads\/2022\/11\/20221120_131923_resized.jpg?fit=300%2C225&amp;ssl=1\" data-large-file=\"https:\/\/i1.wp.com\/www.stiftsforum.ch\/blog\/wp-content\/uploads\/2022\/11\/20221120_131923_resized.jpg?fit=800%2C600&amp;ssl=1\" srcset=\"https:\/\/i2.wp.com\/www.stiftsforum.ch\/blog\/wp-content\/uploads\/2022\/11\/20221120_131923_resized.jpg?strip=info&#038;w=600 600w,https:\/\/i2.wp.com\/www.stiftsforum.ch\/blog\/wp-content\/uploads\/2022\/11\/20221120_131923_resized.jpg?strip=info&#038;w=867 867w\" alt=\"\" data-height=\"867\" data-id=\"5702\" data-link=\"http:\/\/www.stiftsforum.ch\/blog\/?attachment_id=5702\" data-url=\"http:\/\/www.stiftsforum.ch\/blog\/wp-content\/uploads\/2022\/11\/20221120_131923_resized.jpg\" data-width=\"1156\" src=\"https:\/\/i2.wp.com\/www.stiftsforum.ch\/blog\/wp-content\/uploads\/2022\/11\/20221120_131923_resized.jpg\" layout=\"responsive\"\/><\/figure><figure class=\"tiled-gallery__item\"><img data-attachment-id=\"5703\" data-permalink=\"https:\/\/www.stiftsforum.ch\/blog\/?attachment_id=5703\" data-orig-file=\"https:\/\/i1.wp.com\/www.stiftsforum.ch\/blog\/wp-content\/uploads\/2022\/11\/20221120_132104_resized.jpg?fit=1156%2C867&amp;ssl=1\" data-orig-size=\"1156,867\" data-comments-opened=\"1\" data-image-meta=\"{&quot;aperture&quot;:&quot;0&quot;,&quot;credit&quot;:&quot;&quot;,&quot;camera&quot;:&quot;&quot;,&quot;caption&quot;:&quot;&quot;,&quot;created_timestamp&quot;:&quot;0&quot;,&quot;copyright&quot;:&quot;&quot;,&quot;focal_length&quot;:&quot;0&quot;,&quot;iso&quot;:&quot;0&quot;,&quot;shutter_speed&quot;:&quot;0&quot;,&quot;title&quot;:&quot;&quot;,&quot;orientation&quot;:&quot;0&quot;}\" data-image-title=\"20221120_132104_resized\" data-image-description=\"\" data-medium-file=\"https:\/\/i1.wp.com\/www.stiftsforum.ch\/blog\/wp-content\/uploads\/2022\/11\/20221120_132104_resized.jpg?fit=300%2C225&amp;ssl=1\" data-large-file=\"https:\/\/i1.wp.com\/www.stiftsforum.ch\/blog\/wp-content\/uploads\/2022\/11\/20221120_132104_resized.jpg?fit=800%2C600&amp;ssl=1\" data-attachment-id=\"5703\" data-permalink=\"https:\/\/www.stiftsforum.ch\/blog\/?attachment_id=5703\" data-orig-file=\"https:\/\/i1.wp.com\/www.stiftsforum.ch\/blog\/wp-content\/uploads\/2022\/11\/20221120_132104_resized.jpg?fit=1156%2C867&amp;ssl=1\" data-orig-size=\"1156,867\" data-comments-opened=\"1\" data-image-meta=\"{&quot;aperture&quot;:&quot;0&quot;,&quot;credit&quot;:&quot;&quot;,&quot;camera&quot;:&quot;&quot;,&quot;caption&quot;:&quot;&quot;,&quot;created_timestamp&quot;:&quot;0&quot;,&quot;copyright&quot;:&quot;&quot;,&quot;focal_length&quot;:&quot;0&quot;,&quot;iso&quot;:&quot;0&quot;,&quot;shutter_speed&quot;:&quot;0&quot;,&quot;title&quot;:&quot;&quot;,&quot;orientation&quot;:&quot;0&quot;}\" data-image-title=\"20221120_132104_resized\" data-image-description=\"\" data-medium-file=\"https:\/\/i1.wp.com\/www.stiftsforum.ch\/blog\/wp-content\/uploads\/2022\/11\/20221120_132104_resized.jpg?fit=300%2C225&amp;ssl=1\" data-large-file=\"https:\/\/i1.wp.com\/www.stiftsforum.ch\/blog\/wp-content\/uploads\/2022\/11\/20221120_132104_resized.jpg?fit=800%2C600&amp;ssl=1\" srcset=\"https:\/\/i0.wp.com\/www.stiftsforum.ch\/blog\/wp-content\/uploads\/2022\/11\/20221120_132104_resized.jpg?strip=info&#038;w=600 600w,https:\/\/i0.wp.com\/www.stiftsforum.ch\/blog\/wp-content\/uploads\/2022\/11\/20221120_132104_resized.jpg?strip=info&#038;w=867 867w\" alt=\"\" data-height=\"867\" data-id=\"5703\" data-link=\"http:\/\/www.stiftsforum.ch\/blog\/?attachment_id=5703\" data-url=\"http:\/\/www.stiftsforum.ch\/blog\/wp-content\/uploads\/2022\/11\/20221120_132104_resized.jpg\" data-width=\"1156\" src=\"https:\/\/i0.wp.com\/www.stiftsforum.ch\/blog\/wp-content\/uploads\/2022\/11\/20221120_132104_resized.jpg\" layout=\"responsive\"\/><\/figure><\/div><div data-carousel-extra='{\"blog_id\":1,\"permalink\":\"https:\\\/\\\/www.stiftsforum.ch\\\/blog\\\/?p=5678\"}' class=\"tiled-gallery__col\" style=\"flex-basis:67.05260719356713%\"><figure class=\"tiled-gallery__item\"><img data-attachment-id=\"5704\" data-permalink=\"https:\/\/www.stiftsforum.ch\/blog\/?attachment_id=5704\" data-orig-file=\"https:\/\/i2.wp.com\/www.stiftsforum.ch\/blog\/wp-content\/uploads\/2022\/11\/20221120_132134_resized.jpg?fit=779%2C867&amp;ssl=1\" data-orig-size=\"779,867\" data-comments-opened=\"1\" data-image-meta=\"{&quot;aperture&quot;:&quot;0&quot;,&quot;credit&quot;:&quot;&quot;,&quot;camera&quot;:&quot;&quot;,&quot;caption&quot;:&quot;&quot;,&quot;created_timestamp&quot;:&quot;0&quot;,&quot;copyright&quot;:&quot;&quot;,&quot;focal_length&quot;:&quot;0&quot;,&quot;iso&quot;:&quot;0&quot;,&quot;shutter_speed&quot;:&quot;0&quot;,&quot;title&quot;:&quot;&quot;,&quot;orientation&quot;:&quot;0&quot;}\" data-image-title=\"20221120_132134_resized\" data-image-description=\"\" data-medium-file=\"https:\/\/i2.wp.com\/www.stiftsforum.ch\/blog\/wp-content\/uploads\/2022\/11\/20221120_132134_resized.jpg?fit=270%2C300&amp;ssl=1\" data-large-file=\"https:\/\/i2.wp.com\/www.stiftsforum.ch\/blog\/wp-content\/uploads\/2022\/11\/20221120_132134_resized.jpg?fit=779%2C867&amp;ssl=1\" data-attachment-id=\"5704\" data-permalink=\"https:\/\/www.stiftsforum.ch\/blog\/?attachment_id=5704\" data-orig-file=\"https:\/\/i2.wp.com\/www.stiftsforum.ch\/blog\/wp-content\/uploads\/2022\/11\/20221120_132134_resized.jpg?fit=779%2C867&amp;ssl=1\" data-orig-size=\"779,867\" data-comments-opened=\"1\" data-image-meta=\"{&quot;aperture&quot;:&quot;0&quot;,&quot;credit&quot;:&quot;&quot;,&quot;camera&quot;:&quot;&quot;,&quot;caption&quot;:&quot;&quot;,&quot;created_timestamp&quot;:&quot;0&quot;,&quot;copyright&quot;:&quot;&quot;,&quot;focal_length&quot;:&quot;0&quot;,&quot;iso&quot;:&quot;0&quot;,&quot;shutter_speed&quot;:&quot;0&quot;,&quot;title&quot;:&quot;&quot;,&quot;orientation&quot;:&quot;0&quot;}\" data-image-title=\"20221120_132134_resized\" data-image-description=\"\" data-medium-file=\"https:\/\/i2.wp.com\/www.stiftsforum.ch\/blog\/wp-content\/uploads\/2022\/11\/20221120_132134_resized.jpg?fit=270%2C300&amp;ssl=1\" data-large-file=\"https:\/\/i2.wp.com\/www.stiftsforum.ch\/blog\/wp-content\/uploads\/2022\/11\/20221120_132134_resized.jpg?fit=779%2C867&amp;ssl=1\" srcset=\"https:\/\/i2.wp.com\/www.stiftsforum.ch\/blog\/wp-content\/uploads\/2022\/11\/20221120_132134_resized.jpg?strip=info&#038;w=600 600w,https:\/\/i2.wp.com\/www.stiftsforum.ch\/blog\/wp-content\/uploads\/2022\/11\/20221120_132134_resized.jpg?strip=info&#038;w=867 867w\" alt=\"\" data-height=\"867\" data-id=\"5704\" data-link=\"http:\/\/www.stiftsforum.ch\/blog\/?attachment_id=5704\" data-url=\"http:\/\/www.stiftsforum.ch\/blog\/wp-content\/uploads\/2022\/11\/20221120_132134_resized.jpg\" data-width=\"779\" src=\"https:\/\/i2.wp.com\/www.stiftsforum.ch\/blog\/wp-content\/uploads\/2022\/11\/20221120_132134_resized.jpg\" layout=\"responsive\"\/><\/figure><\/div><\/div><div data-carousel-extra='{\"blog_id\":1,\"permalink\":\"https:\\\/\\\/www.stiftsforum.ch\\\/blog\\\/?p=5678\"}' class=\"tiled-gallery__row\"><div data-carousel-extra='{\"blog_id\":1,\"permalink\":\"https:\\\/\\\/www.stiftsforum.ch\\\/blog\\\/?p=5678\"}' class=\"tiled-gallery__col\" style=\"flex-basis:66.76020161165094%\"><figure class=\"tiled-gallery__item\"><img data-attachment-id=\"5705\" data-permalink=\"https:\/\/www.stiftsforum.ch\/blog\/?attachment_id=5705\" data-orig-file=\"https:\/\/i1.wp.com\/www.stiftsforum.ch\/blog\/wp-content\/uploads\/2022\/11\/20221120_132150_resized.jpg?fit=1156%2C867&amp;ssl=1\" data-orig-size=\"1156,867\" data-comments-opened=\"1\" data-image-meta=\"{&quot;aperture&quot;:&quot;0&quot;,&quot;credit&quot;:&quot;&quot;,&quot;camera&quot;:&quot;&quot;,&quot;caption&quot;:&quot;&quot;,&quot;created_timestamp&quot;:&quot;0&quot;,&quot;copyright&quot;:&quot;&quot;,&quot;focal_length&quot;:&quot;0&quot;,&quot;iso&quot;:&quot;0&quot;,&quot;shutter_speed&quot;:&quot;0&quot;,&quot;title&quot;:&quot;&quot;,&quot;orientation&quot;:&quot;0&quot;}\" data-image-title=\"20221120_132150_resized\" data-image-description=\"\" data-medium-file=\"https:\/\/i1.wp.com\/www.stiftsforum.ch\/blog\/wp-content\/uploads\/2022\/11\/20221120_132150_resized.jpg?fit=300%2C225&amp;ssl=1\" data-large-file=\"https:\/\/i1.wp.com\/www.stiftsforum.ch\/blog\/wp-content\/uploads\/2022\/11\/20221120_132150_resized.jpg?fit=800%2C600&amp;ssl=1\" data-attachment-id=\"5705\" data-permalink=\"https:\/\/www.stiftsforum.ch\/blog\/?attachment_id=5705\" data-orig-file=\"https:\/\/i1.wp.com\/www.stiftsforum.ch\/blog\/wp-content\/uploads\/2022\/11\/20221120_132150_resized.jpg?fit=1156%2C867&amp;ssl=1\" data-orig-size=\"1156,867\" data-comments-opened=\"1\" data-image-meta=\"{&quot;aperture&quot;:&quot;0&quot;,&quot;credit&quot;:&quot;&quot;,&quot;camera&quot;:&quot;&quot;,&quot;caption&quot;:&quot;&quot;,&quot;created_timestamp&quot;:&quot;0&quot;,&quot;copyright&quot;:&quot;&quot;,&quot;focal_length&quot;:&quot;0&quot;,&quot;iso&quot;:&quot;0&quot;,&quot;shutter_speed&quot;:&quot;0&quot;,&quot;title&quot;:&quot;&quot;,&quot;orientation&quot;:&quot;0&quot;}\" data-image-title=\"20221120_132150_resized\" data-image-description=\"\" data-medium-file=\"https:\/\/i1.wp.com\/www.stiftsforum.ch\/blog\/wp-content\/uploads\/2022\/11\/20221120_132150_resized.jpg?fit=300%2C225&amp;ssl=1\" data-large-file=\"https:\/\/i1.wp.com\/www.stiftsforum.ch\/blog\/wp-content\/uploads\/2022\/11\/20221120_132150_resized.jpg?fit=800%2C600&amp;ssl=1\" srcset=\"https:\/\/i1.wp.com\/www.stiftsforum.ch\/blog\/wp-content\/uploads\/2022\/11\/20221120_132150_resized.jpg?strip=info&#038;w=600 600w,https:\/\/i1.wp.com\/www.stiftsforum.ch\/blog\/wp-content\/uploads\/2022\/11\/20221120_132150_resized.jpg?strip=info&#038;w=867 867w\" alt=\"\" data-height=\"867\" data-id=\"5705\" data-link=\"http:\/\/www.stiftsforum.ch\/blog\/?attachment_id=5705\" data-url=\"http:\/\/www.stiftsforum.ch\/blog\/wp-content\/uploads\/2022\/11\/20221120_132150_resized.jpg\" data-width=\"1156\" src=\"https:\/\/i1.wp.com\/www.stiftsforum.ch\/blog\/wp-content\/uploads\/2022\/11\/20221120_132150_resized.jpg\" layout=\"responsive\"\/><\/figure><\/div><div data-carousel-extra='{\"blog_id\":1,\"permalink\":\"https:\\\/\\\/www.stiftsforum.ch\\\/blog\\\/?p=5678\"}' class=\"tiled-gallery__col\" style=\"flex-basis:33.23979838834905%\"><figure class=\"tiled-gallery__item\"><img data-attachment-id=\"5706\" data-permalink=\"https:\/\/www.stiftsforum.ch\/blog\/?attachment_id=5706\" data-orig-file=\"https:\/\/i2.wp.com\/www.stiftsforum.ch\/blog\/wp-content\/uploads\/2022\/11\/20221120_132241_resized.jpg?fit=1156%2C867&amp;ssl=1\" data-orig-size=\"1156,867\" data-comments-opened=\"1\" data-image-meta=\"{&quot;aperture&quot;:&quot;0&quot;,&quot;credit&quot;:&quot;&quot;,&quot;camera&quot;:&quot;&quot;,&quot;caption&quot;:&quot;&quot;,&quot;created_timestamp&quot;:&quot;0&quot;,&quot;copyright&quot;:&quot;&quot;,&quot;focal_length&quot;:&quot;0&quot;,&quot;iso&quot;:&quot;0&quot;,&quot;shutter_speed&quot;:&quot;0&quot;,&quot;title&quot;:&quot;&quot;,&quot;orientation&quot;:&quot;0&quot;}\" data-image-title=\"20221120_132241_resized\" data-image-description=\"\" data-medium-file=\"https:\/\/i2.wp.com\/www.stiftsforum.ch\/blog\/wp-content\/uploads\/2022\/11\/20221120_132241_resized.jpg?fit=300%2C225&amp;ssl=1\" data-large-file=\"https:\/\/i2.wp.com\/www.stiftsforum.ch\/blog\/wp-content\/uploads\/2022\/11\/20221120_132241_resized.jpg?fit=800%2C600&amp;ssl=1\" data-attachment-id=\"5706\" data-permalink=\"https:\/\/www.stiftsforum.ch\/blog\/?attachment_id=5706\" data-orig-file=\"https:\/\/i2.wp.com\/www.stiftsforum.ch\/blog\/wp-content\/uploads\/2022\/11\/20221120_132241_resized.jpg?fit=1156%2C867&amp;ssl=1\" data-orig-size=\"1156,867\" data-comments-opened=\"1\" data-image-meta=\"{&quot;aperture&quot;:&quot;0&quot;,&quot;credit&quot;:&quot;&quot;,&quot;camera&quot;:&quot;&quot;,&quot;caption&quot;:&quot;&quot;,&quot;created_timestamp&quot;:&quot;0&quot;,&quot;copyright&quot;:&quot;&quot;,&quot;focal_length&quot;:&quot;0&quot;,&quot;iso&quot;:&quot;0&quot;,&quot;shutter_speed&quot;:&quot;0&quot;,&quot;title&quot;:&quot;&quot;,&quot;orientation&quot;:&quot;0&quot;}\" data-image-title=\"20221120_132241_resized\" data-image-description=\"\" data-medium-file=\"https:\/\/i2.wp.com\/www.stiftsforum.ch\/blog\/wp-content\/uploads\/2022\/11\/20221120_132241_resized.jpg?fit=300%2C225&amp;ssl=1\" data-large-file=\"https:\/\/i2.wp.com\/www.stiftsforum.ch\/blog\/wp-content\/uploads\/2022\/11\/20221120_132241_resized.jpg?fit=800%2C600&amp;ssl=1\" srcset=\"https:\/\/i1.wp.com\/www.stiftsforum.ch\/blog\/wp-content\/uploads\/2022\/11\/20221120_132241_resized.jpg?strip=info&#038;w=600 600w,https:\/\/i1.wp.com\/www.stiftsforum.ch\/blog\/wp-content\/uploads\/2022\/11\/20221120_132241_resized.jpg?strip=info&#038;w=867 867w\" alt=\"\" data-height=\"867\" data-id=\"5706\" data-link=\"http:\/\/www.stiftsforum.ch\/blog\/?attachment_id=5706\" data-url=\"http:\/\/www.stiftsforum.ch\/blog\/wp-content\/uploads\/2022\/11\/20221120_132241_resized.jpg\" data-width=\"1156\" src=\"https:\/\/i1.wp.com\/www.stiftsforum.ch\/blog\/wp-content\/uploads\/2022\/11\/20221120_132241_resized.jpg\" layout=\"responsive\"\/><\/figure><figure class=\"tiled-gallery__item\"><img data-attachment-id=\"5707\" data-permalink=\"https:\/\/www.stiftsforum.ch\/blog\/?attachment_id=5707\" data-orig-file=\"https:\/\/i1.wp.com\/www.stiftsforum.ch\/blog\/wp-content\/uploads\/2022\/11\/20221120_132304_resized.jpg?fit=1156%2C867&amp;ssl=1\" data-orig-size=\"1156,867\" data-comments-opened=\"1\" data-image-meta=\"{&quot;aperture&quot;:&quot;0&quot;,&quot;credit&quot;:&quot;&quot;,&quot;camera&quot;:&quot;&quot;,&quot;caption&quot;:&quot;&quot;,&quot;created_timestamp&quot;:&quot;0&quot;,&quot;copyright&quot;:&quot;&quot;,&quot;focal_length&quot;:&quot;0&quot;,&quot;iso&quot;:&quot;0&quot;,&quot;shutter_speed&quot;:&quot;0&quot;,&quot;title&quot;:&quot;&quot;,&quot;orientation&quot;:&quot;0&quot;}\" data-image-title=\"20221120_132304_resized\" data-image-description=\"\" data-medium-file=\"https:\/\/i1.wp.com\/www.stiftsforum.ch\/blog\/wp-content\/uploads\/2022\/11\/20221120_132304_resized.jpg?fit=300%2C225&amp;ssl=1\" data-large-file=\"https:\/\/i1.wp.com\/www.stiftsforum.ch\/blog\/wp-content\/uploads\/2022\/11\/20221120_132304_resized.jpg?fit=800%2C600&amp;ssl=1\" data-attachment-id=\"5707\" data-permalink=\"https:\/\/www.stiftsforum.ch\/blog\/?attachment_id=5707\" data-orig-file=\"https:\/\/i1.wp.com\/www.stiftsforum.ch\/blog\/wp-content\/uploads\/2022\/11\/20221120_132304_resized.jpg?fit=1156%2C867&amp;ssl=1\" data-orig-size=\"1156,867\" data-comments-opened=\"1\" data-image-meta=\"{&quot;aperture&quot;:&quot;0&quot;,&quot;credit&quot;:&quot;&quot;,&quot;camera&quot;:&quot;&quot;,&quot;caption&quot;:&quot;&quot;,&quot;created_timestamp&quot;:&quot;0&quot;,&quot;copyright&quot;:&quot;&quot;,&quot;focal_length&quot;:&quot;0&quot;,&quot;iso&quot;:&quot;0&quot;,&quot;shutter_speed&quot;:&quot;0&quot;,&quot;title&quot;:&quot;&quot;,&quot;orientation&quot;:&quot;0&quot;}\" data-image-title=\"20221120_132304_resized\" data-image-description=\"\" data-medium-file=\"https:\/\/i1.wp.com\/www.stiftsforum.ch\/blog\/wp-content\/uploads\/2022\/11\/20221120_132304_resized.jpg?fit=300%2C225&amp;ssl=1\" data-large-file=\"https:\/\/i1.wp.com\/www.stiftsforum.ch\/blog\/wp-content\/uploads\/2022\/11\/20221120_132304_resized.jpg?fit=800%2C600&amp;ssl=1\" srcset=\"https:\/\/i2.wp.com\/www.stiftsforum.ch\/blog\/wp-content\/uploads\/2022\/11\/20221120_132304_resized.jpg?strip=info&#038;w=600 600w,https:\/\/i2.wp.com\/www.stiftsforum.ch\/blog\/wp-content\/uploads\/2022\/11\/20221120_132304_resized.jpg?strip=info&#038;w=867 867w\" alt=\"\" data-height=\"867\" data-id=\"5707\" data-link=\"http:\/\/www.stiftsforum.ch\/blog\/?attachment_id=5707\" data-url=\"http:\/\/www.stiftsforum.ch\/blog\/wp-content\/uploads\/2022\/11\/20221120_132304_resized.jpg\" data-width=\"1156\" src=\"https:\/\/i2.wp.com\/www.stiftsforum.ch\/blog\/wp-content\/uploads\/2022\/11\/20221120_132304_resized.jpg\" layout=\"responsive\"\/><\/figure><\/div><\/div><div data-carousel-extra='{\"blog_id\":1,\"permalink\":\"https:\\\/\\\/www.stiftsforum.ch\\\/blog\\\/?p=5678\"}' class=\"tiled-gallery__row\"><div data-carousel-extra='{\"blog_id\":1,\"permalink\":\"https:\\\/\\\/www.stiftsforum.ch\\\/blog\\\/?p=5678\"}' class=\"tiled-gallery__col\" style=\"flex-basis:50%\"><figure class=\"tiled-gallery__item\"><img data-attachment-id=\"5708\" data-permalink=\"https:\/\/www.stiftsforum.ch\/blog\/?attachment_id=5708\" data-orig-file=\"https:\/\/i0.wp.com\/www.stiftsforum.ch\/blog\/wp-content\/uploads\/2022\/11\/20221120_132519_resized.jpg?fit=1156%2C867&amp;ssl=1\" data-orig-size=\"1156,867\" data-comments-opened=\"1\" data-image-meta=\"{&quot;aperture&quot;:&quot;0&quot;,&quot;credit&quot;:&quot;&quot;,&quot;camera&quot;:&quot;&quot;,&quot;caption&quot;:&quot;&quot;,&quot;created_timestamp&quot;:&quot;0&quot;,&quot;copyright&quot;:&quot;&quot;,&quot;focal_length&quot;:&quot;0&quot;,&quot;iso&quot;:&quot;0&quot;,&quot;shutter_speed&quot;:&quot;0&quot;,&quot;title&quot;:&quot;&quot;,&quot;orientation&quot;:&quot;0&quot;}\" data-image-title=\"20221120_132519_resized\" data-image-description=\"\" data-medium-file=\"https:\/\/i0.wp.com\/www.stiftsforum.ch\/blog\/wp-content\/uploads\/2022\/11\/20221120_132519_resized.jpg?fit=300%2C225&amp;ssl=1\" data-large-file=\"https:\/\/i0.wp.com\/www.stiftsforum.ch\/blog\/wp-content\/uploads\/2022\/11\/20221120_132519_resized.jpg?fit=800%2C600&amp;ssl=1\" data-attachment-id=\"5708\" data-permalink=\"https:\/\/www.stiftsforum.ch\/blog\/?attachment_id=5708\" data-orig-file=\"https:\/\/i0.wp.com\/www.stiftsforum.ch\/blog\/wp-content\/uploads\/2022\/11\/20221120_132519_resized.jpg?fit=1156%2C867&amp;ssl=1\" data-orig-size=\"1156,867\" data-comments-opened=\"1\" data-image-meta=\"{&quot;aperture&quot;:&quot;0&quot;,&quot;credit&quot;:&quot;&quot;,&quot;camera&quot;:&quot;&quot;,&quot;caption&quot;:&quot;&quot;,&quot;created_timestamp&quot;:&quot;0&quot;,&quot;copyright&quot;:&quot;&quot;,&quot;focal_length&quot;:&quot;0&quot;,&quot;iso&quot;:&quot;0&quot;,&quot;shutter_speed&quot;:&quot;0&quot;,&quot;title&quot;:&quot;&quot;,&quot;orientation&quot;:&quot;0&quot;}\" data-image-title=\"20221120_132519_resized\" data-image-description=\"\" data-medium-file=\"https:\/\/i0.wp.com\/www.stiftsforum.ch\/blog\/wp-content\/uploads\/2022\/11\/20221120_132519_resized.jpg?fit=300%2C225&amp;ssl=1\" data-large-file=\"https:\/\/i0.wp.com\/www.stiftsforum.ch\/blog\/wp-content\/uploads\/2022\/11\/20221120_132519_resized.jpg?fit=800%2C600&amp;ssl=1\" srcset=\"https:\/\/i2.wp.com\/www.stiftsforum.ch\/blog\/wp-content\/uploads\/2022\/11\/20221120_132519_resized.jpg?strip=info&#038;w=600 600w,https:\/\/i2.wp.com\/www.stiftsforum.ch\/blog\/wp-content\/uploads\/2022\/11\/20221120_132519_resized.jpg?strip=info&#038;w=867 867w\" alt=\"\" data-height=\"867\" data-id=\"5708\" data-link=\"http:\/\/www.stiftsforum.ch\/blog\/?attachment_id=5708\" data-url=\"http:\/\/www.stiftsforum.ch\/blog\/wp-content\/uploads\/2022\/11\/20221120_132519_resized.jpg\" data-width=\"1156\" src=\"https:\/\/i2.wp.com\/www.stiftsforum.ch\/blog\/wp-content\/uploads\/2022\/11\/20221120_132519_resized.jpg\" layout=\"responsive\"\/><\/figure><\/div><div data-carousel-extra='{\"blog_id\":1,\"permalink\":\"https:\\\/\\\/www.stiftsforum.ch\\\/blog\\\/?p=5678\"}' class=\"tiled-gallery__col\" style=\"flex-basis:50%\"><figure class=\"tiled-gallery__item\"><img data-attachment-id=\"5709\" data-permalink=\"https:\/\/www.stiftsforum.ch\/blog\/?attachment_id=5709\" data-orig-file=\"https:\/\/i1.wp.com\/www.stiftsforum.ch\/blog\/wp-content\/uploads\/2022\/11\/20221120_133435_resized.jpg?fit=1156%2C867&amp;ssl=1\" data-orig-size=\"1156,867\" data-comments-opened=\"1\" data-image-meta=\"{&quot;aperture&quot;:&quot;0&quot;,&quot;credit&quot;:&quot;&quot;,&quot;camera&quot;:&quot;&quot;,&quot;caption&quot;:&quot;&quot;,&quot;created_timestamp&quot;:&quot;0&quot;,&quot;copyright&quot;:&quot;&quot;,&quot;focal_length&quot;:&quot;0&quot;,&quot;iso&quot;:&quot;0&quot;,&quot;shutter_speed&quot;:&quot;0&quot;,&quot;title&quot;:&quot;&quot;,&quot;orientation&quot;:&quot;0&quot;}\" data-image-title=\"20221120_133435_resized\" data-image-description=\"\" data-medium-file=\"https:\/\/i1.wp.com\/www.stiftsforum.ch\/blog\/wp-content\/uploads\/2022\/11\/20221120_133435_resized.jpg?fit=300%2C225&amp;ssl=1\" data-large-file=\"https:\/\/i1.wp.com\/www.stiftsforum.ch\/blog\/wp-content\/uploads\/2022\/11\/20221120_133435_resized.jpg?fit=800%2C600&amp;ssl=1\" data-attachment-id=\"5709\" data-permalink=\"https:\/\/www.stiftsforum.ch\/blog\/?attachment_id=5709\" data-orig-file=\"https:\/\/i1.wp.com\/www.stiftsforum.ch\/blog\/wp-content\/uploads\/2022\/11\/20221120_133435_resized.jpg?fit=1156%2C867&amp;ssl=1\" data-orig-size=\"1156,867\" data-comments-opened=\"1\" data-image-meta=\"{&quot;aperture&quot;:&quot;0&quot;,&quot;credit&quot;:&quot;&quot;,&quot;camera&quot;:&quot;&quot;,&quot;caption&quot;:&quot;&quot;,&quot;created_timestamp&quot;:&quot;0&quot;,&quot;copyright&quot;:&quot;&quot;,&quot;focal_length&quot;:&quot;0&quot;,&quot;iso&quot;:&quot;0&quot;,&quot;shutter_speed&quot;:&quot;0&quot;,&quot;title&quot;:&quot;&quot;,&quot;orientation&quot;:&quot;0&quot;}\" data-image-title=\"20221120_133435_resized\" data-image-description=\"\" data-medium-file=\"https:\/\/i1.wp.com\/www.stiftsforum.ch\/blog\/wp-content\/uploads\/2022\/11\/20221120_133435_resized.jpg?fit=300%2C225&amp;ssl=1\" data-large-file=\"https:\/\/i1.wp.com\/www.stiftsforum.ch\/blog\/wp-content\/uploads\/2022\/11\/20221120_133435_resized.jpg?fit=800%2C600&amp;ssl=1\" srcset=\"https:\/\/i2.wp.com\/www.stiftsforum.ch\/blog\/wp-content\/uploads\/2022\/11\/20221120_133435_resized.jpg?strip=info&#038;w=600 600w,https:\/\/i2.wp.com\/www.stiftsforum.ch\/blog\/wp-content\/uploads\/2022\/11\/20221120_133435_resized.jpg?strip=info&#038;w=867 867w\" alt=\"\" data-height=\"867\" data-id=\"5709\" data-link=\"http:\/\/www.stiftsforum.ch\/blog\/?attachment_id=5709\" data-url=\"http:\/\/www.stiftsforum.ch\/blog\/wp-content\/uploads\/2022\/11\/20221120_133435_resized.jpg\" data-width=\"1156\" src=\"https:\/\/i2.wp.com\/www.stiftsforum.ch\/blog\/wp-content\/uploads\/2022\/11\/20221120_133435_resized.jpg\" layout=\"responsive\"\/><\/figure><\/div><\/div><div data-carousel-extra='{\"blog_id\":1,\"permalink\":\"https:\\\/\\\/www.stiftsforum.ch\\\/blog\\\/?p=5678\"}' class=\"tiled-gallery__row\"><div data-carousel-extra='{\"blog_id\":1,\"permalink\":\"https:\\\/\\\/www.stiftsforum.ch\\\/blog\\\/?p=5678\"}' class=\"tiled-gallery__col\" style=\"flex-basis:21.448338345226105%\"><figure class=\"tiled-gallery__item\"><img data-attachment-id=\"5711\" data-permalink=\"https:\/\/www.stiftsforum.ch\/blog\/?attachment_id=5711\" data-orig-file=\"https:\/\/i0.wp.com\/www.stiftsforum.ch\/blog\/wp-content\/uploads\/2022\/11\/MG_9984-scaled.jpg?fit=2560%2C1707&amp;ssl=1\" data-orig-size=\"2560,1707\" data-comments-opened=\"1\" data-image-meta=\"{&quot;aperture&quot;:&quot;3.5&quot;,&quot;credit&quot;:&quot;&quot;,&quot;camera&quot;:&quot;Canon EOS M50m2&quot;,&quot;caption&quot;:&quot;&quot;,&quot;created_timestamp&quot;:&quot;1668611043&quot;,&quot;copyright&quot;:&quot;&quot;,&quot;focal_length&quot;:&quot;18&quot;,&quot;iso&quot;:&quot;8000&quot;,&quot;shutter_speed&quot;:&quot;0.0125&quot;,&quot;title&quot;:&quot;&quot;,&quot;orientation&quot;:&quot;1&quot;}\" data-image-title=\"MG_9984\" data-image-description=\"\" data-medium-file=\"https:\/\/i0.wp.com\/www.stiftsforum.ch\/blog\/wp-content\/uploads\/2022\/11\/MG_9984-scaled.jpg?fit=300%2C200&amp;ssl=1\" data-large-file=\"https:\/\/i0.wp.com\/www.stiftsforum.ch\/blog\/wp-content\/uploads\/2022\/11\/MG_9984-scaled.jpg?fit=800%2C534&amp;ssl=1\" data-attachment-id=\"5711\" data-permalink=\"https:\/\/www.stiftsforum.ch\/blog\/?attachment_id=5711\" data-orig-file=\"https:\/\/i0.wp.com\/www.stiftsforum.ch\/blog\/wp-content\/uploads\/2022\/11\/MG_9984-scaled.jpg?fit=2560%2C1707&amp;ssl=1\" data-orig-size=\"2560,1707\" data-comments-opened=\"1\" data-image-meta=\"{&quot;aperture&quot;:&quot;3.5&quot;,&quot;credit&quot;:&quot;&quot;,&quot;camera&quot;:&quot;Canon EOS M50m2&quot;,&quot;caption&quot;:&quot;&quot;,&quot;created_timestamp&quot;:&quot;1668611043&quot;,&quot;copyright&quot;:&quot;&quot;,&quot;focal_length&quot;:&quot;18&quot;,&quot;iso&quot;:&quot;8000&quot;,&quot;shutter_speed&quot;:&quot;0.0125&quot;,&quot;title&quot;:&quot;&quot;,&quot;orientation&quot;:&quot;1&quot;}\" data-image-title=\"MG_9984\" data-image-description=\"\" data-medium-file=\"https:\/\/i0.wp.com\/www.stiftsforum.ch\/blog\/wp-content\/uploads\/2022\/11\/MG_9984-scaled.jpg?fit=300%2C200&amp;ssl=1\" data-large-file=\"https:\/\/i0.wp.com\/www.stiftsforum.ch\/blog\/wp-content\/uploads\/2022\/11\/MG_9984-scaled.jpg?fit=800%2C534&amp;ssl=1\" srcset=\"https:\/\/i1.wp.com\/www.stiftsforum.ch\/blog\/wp-content\/uploads\/2022\/11\/MG_9984-scaled.jpg?strip=info&#038;w=600 600w,https:\/\/i1.wp.com\/www.stiftsforum.ch\/blog\/wp-content\/uploads\/2022\/11\/MG_9984-scaled.jpg?strip=info&#038;w=900 900w,https:\/\/i1.wp.com\/www.stiftsforum.ch\/blog\/wp-content\/uploads\/2022\/11\/MG_9984-scaled.jpg?strip=info&#038;w=1200 1200w,https:\/\/i1.wp.com\/www.stiftsforum.ch\/blog\/wp-content\/uploads\/2022\/11\/MG_9984-scaled.jpg?strip=info&#038;w=1500 1500w,https:\/\/i1.wp.com\/www.stiftsforum.ch\/blog\/wp-content\/uploads\/2022\/11\/MG_9984-scaled.jpg?strip=info&#038;w=1707 1707w\" alt=\"\" data-height=\"1707\" data-id=\"5711\" data-link=\"http:\/\/www.stiftsforum.ch\/blog\/?attachment_id=5711\" data-url=\"http:\/\/www.stiftsforum.ch\/blog\/wp-content\/uploads\/2022\/11\/MG_9984-scaled.jpg\" data-width=\"2560\" src=\"https:\/\/i1.wp.com\/www.stiftsforum.ch\/blog\/wp-content\/uploads\/2022\/11\/MG_9984-scaled.jpg\" layout=\"responsive\"\/><\/figure><figure class=\"tiled-gallery__item\"><img data-attachment-id=\"5712\" data-permalink=\"https:\/\/www.stiftsforum.ch\/blog\/?attachment_id=5712\" data-orig-file=\"https:\/\/i2.wp.com\/www.stiftsforum.ch\/blog\/wp-content\/uploads\/2022\/11\/MG_9994-scaled.jpg?fit=2560%2C1707&amp;ssl=1\" data-orig-size=\"2560,1707\" data-comments-opened=\"1\" data-image-meta=\"{&quot;aperture&quot;:&quot;4&quot;,&quot;credit&quot;:&quot;&quot;,&quot;camera&quot;:&quot;Canon EOS M50m2&quot;,&quot;caption&quot;:&quot;&quot;,&quot;created_timestamp&quot;:&quot;1668612123&quot;,&quot;copyright&quot;:&quot;&quot;,&quot;focal_length&quot;:&quot;18&quot;,&quot;iso&quot;:&quot;6400&quot;,&quot;shutter_speed&quot;:&quot;0.0125&quot;,&quot;title&quot;:&quot;&quot;,&quot;orientation&quot;:&quot;1&quot;}\" data-image-title=\"MG_9994\" data-image-description=\"\" data-medium-file=\"https:\/\/i2.wp.com\/www.stiftsforum.ch\/blog\/wp-content\/uploads\/2022\/11\/MG_9994-scaled.jpg?fit=300%2C200&amp;ssl=1\" data-large-file=\"https:\/\/i2.wp.com\/www.stiftsforum.ch\/blog\/wp-content\/uploads\/2022\/11\/MG_9994-scaled.jpg?fit=800%2C534&amp;ssl=1\" data-attachment-id=\"5712\" data-permalink=\"https:\/\/www.stiftsforum.ch\/blog\/?attachment_id=5712\" data-orig-file=\"https:\/\/i2.wp.com\/www.stiftsforum.ch\/blog\/wp-content\/uploads\/2022\/11\/MG_9994-scaled.jpg?fit=2560%2C1707&amp;ssl=1\" data-orig-size=\"2560,1707\" data-comments-opened=\"1\" data-image-meta=\"{&quot;aperture&quot;:&quot;4&quot;,&quot;credit&quot;:&quot;&quot;,&quot;camera&quot;:&quot;Canon EOS M50m2&quot;,&quot;caption&quot;:&quot;&quot;,&quot;created_timestamp&quot;:&quot;1668612123&quot;,&quot;copyright&quot;:&quot;&quot;,&quot;focal_length&quot;:&quot;18&quot;,&quot;iso&quot;:&quot;6400&quot;,&quot;shutter_speed&quot;:&quot;0.0125&quot;,&quot;title&quot;:&quot;&quot;,&quot;orientation&quot;:&quot;1&quot;}\" data-image-title=\"MG_9994\" data-image-description=\"\" data-medium-file=\"https:\/\/i2.wp.com\/www.stiftsforum.ch\/blog\/wp-content\/uploads\/2022\/11\/MG_9994-scaled.jpg?fit=300%2C200&amp;ssl=1\" data-large-file=\"https:\/\/i2.wp.com\/www.stiftsforum.ch\/blog\/wp-content\/uploads\/2022\/11\/MG_9994-scaled.jpg?fit=800%2C534&amp;ssl=1\" srcset=\"https:\/\/i1.wp.com\/www.stiftsforum.ch\/blog\/wp-content\/uploads\/2022\/11\/MG_9994-scaled.jpg?strip=info&#038;w=600 600w,https:\/\/i1.wp.com\/www.stiftsforum.ch\/blog\/wp-content\/uploads\/2022\/11\/MG_9994-scaled.jpg?strip=info&#038;w=900 900w,https:\/\/i1.wp.com\/www.stiftsforum.ch\/blog\/wp-content\/uploads\/2022\/11\/MG_9994-scaled.jpg?strip=info&#038;w=1200 1200w,https:\/\/i1.wp.com\/www.stiftsforum.ch\/blog\/wp-content\/uploads\/2022\/11\/MG_9994-scaled.jpg?strip=info&#038;w=1500 1500w,https:\/\/i1.wp.com\/www.stiftsforum.ch\/blog\/wp-content\/uploads\/2022\/11\/MG_9994-scaled.jpg?strip=info&#038;w=1707 1707w\" alt=\"\" data-height=\"1707\" data-id=\"5712\" data-link=\"http:\/\/www.stiftsforum.ch\/blog\/?attachment_id=5712\" data-url=\"http:\/\/www.stiftsforum.ch\/blog\/wp-content\/uploads\/2022\/11\/MG_9994-scaled.jpg\" data-width=\"2560\" src=\"https:\/\/i1.wp.com\/www.stiftsforum.ch\/blog\/wp-content\/uploads\/2022\/11\/MG_9994-scaled.jpg\" layout=\"responsive\"\/><\/figure><\/div><div data-carousel-extra='{\"blog_id\":1,\"permalink\":\"https:\\\/\\\/www.stiftsforum.ch\\\/blog\\\/?p=5678\"}' class=\"tiled-gallery__col\" style=\"flex-basis:32.10436393704698%\"><figure class=\"tiled-gallery__item\"><img data-attachment-id=\"5713\" data-permalink=\"https:\/\/www.stiftsforum.ch\/blog\/?attachment_id=5713\" data-orig-file=\"https:\/\/i1.wp.com\/www.stiftsforum.ch\/blog\/wp-content\/uploads\/2022\/11\/MG_9995-scaled.jpg?fit=1707%2C2560&amp;ssl=1\" data-orig-size=\"1707,2560\" data-comments-opened=\"1\" data-image-meta=\"{&quot;aperture&quot;:&quot;3.5&quot;,&quot;credit&quot;:&quot;&quot;,&quot;camera&quot;:&quot;Canon EOS M50m2&quot;,&quot;caption&quot;:&quot;&quot;,&quot;created_timestamp&quot;:&quot;1668612495&quot;,&quot;copyright&quot;:&quot;&quot;,&quot;focal_length&quot;:&quot;21&quot;,&quot;iso&quot;:&quot;8000&quot;,&quot;shutter_speed&quot;:&quot;0.0125&quot;,&quot;title&quot;:&quot;&quot;,&quot;orientation&quot;:&quot;1&quot;}\" data-image-title=\"MG_9995\" data-image-description=\"\" data-medium-file=\"https:\/\/i1.wp.com\/www.stiftsforum.ch\/blog\/wp-content\/uploads\/2022\/11\/MG_9995-scaled.jpg?fit=200%2C300&amp;ssl=1\" data-large-file=\"https:\/\/i1.wp.com\/www.stiftsforum.ch\/blog\/wp-content\/uploads\/2022\/11\/MG_9995-scaled.jpg?fit=683%2C1024&amp;ssl=1\" data-attachment-id=\"5713\" data-permalink=\"https:\/\/www.stiftsforum.ch\/blog\/?attachment_id=5713\" data-orig-file=\"https:\/\/i1.wp.com\/www.stiftsforum.ch\/blog\/wp-content\/uploads\/2022\/11\/MG_9995-scaled.jpg?fit=1707%2C2560&amp;ssl=1\" data-orig-size=\"1707,2560\" data-comments-opened=\"1\" data-image-meta=\"{&quot;aperture&quot;:&quot;3.5&quot;,&quot;credit&quot;:&quot;&quot;,&quot;camera&quot;:&quot;Canon EOS M50m2&quot;,&quot;caption&quot;:&quot;&quot;,&quot;created_timestamp&quot;:&quot;1668612495&quot;,&quot;copyright&quot;:&quot;&quot;,&quot;focal_length&quot;:&quot;21&quot;,&quot;iso&quot;:&quot;8000&quot;,&quot;shutter_speed&quot;:&quot;0.0125&quot;,&quot;title&quot;:&quot;&quot;,&quot;orientation&quot;:&quot;1&quot;}\" data-image-title=\"MG_9995\" data-image-description=\"\" data-medium-file=\"https:\/\/i1.wp.com\/www.stiftsforum.ch\/blog\/wp-content\/uploads\/2022\/11\/MG_9995-scaled.jpg?fit=200%2C300&amp;ssl=1\" data-large-file=\"https:\/\/i1.wp.com\/www.stiftsforum.ch\/blog\/wp-content\/uploads\/2022\/11\/MG_9995-scaled.jpg?fit=683%2C1024&amp;ssl=1\" srcset=\"https:\/\/i1.wp.com\/www.stiftsforum.ch\/blog\/wp-content\/uploads\/2022\/11\/MG_9995-scaled.jpg?strip=info&#038;w=600 600w,https:\/\/i1.wp.com\/www.stiftsforum.ch\/blog\/wp-content\/uploads\/2022\/11\/MG_9995-scaled.jpg?strip=info&#038;w=900 900w,https:\/\/i1.wp.com\/www.stiftsforum.ch\/blog\/wp-content\/uploads\/2022\/11\/MG_9995-scaled.jpg?strip=info&#038;w=1200 1200w,https:\/\/i1.wp.com\/www.stiftsforum.ch\/blog\/wp-content\/uploads\/2022\/11\/MG_9995-scaled.jpg?strip=info&#038;w=1500 1500w,https:\/\/i1.wp.com\/www.stiftsforum.ch\/blog\/wp-content\/uploads\/2022\/11\/MG_9995-scaled.jpg?strip=info&#038;w=1800 1800w,https:\/\/i1.wp.com\/www.stiftsforum.ch\/blog\/wp-content\/uploads\/2022\/11\/MG_9995-scaled.jpg?strip=info&#038;w=2000 2000w\" alt=\"\" data-height=\"2560\" data-id=\"5713\" data-link=\"http:\/\/www.stiftsforum.ch\/blog\/?attachment_id=5713\" data-url=\"http:\/\/www.stiftsforum.ch\/blog\/wp-content\/uploads\/2022\/11\/MG_9995-scaled.jpg\" data-width=\"1707\" src=\"https:\/\/i1.wp.com\/www.stiftsforum.ch\/blog\/wp-content\/uploads\/2022\/11\/MG_9995-scaled.jpg\" layout=\"responsive\"\/><\/figure><\/div><\/div><\/div><\/div>\n\n\n\n<p>Fotos: Rachel Stocker, Maria Egartner; F\u00fcr die Ver\u00f6ffentlichung der Bilder wurde die Genehmigung von Herrn Alexander Rechsteiner\/Landesmuseum eingeholt. <\/p>\n","protected":false},"excerpt":{"rendered":"<p>17.November 2022: Symmetrische G\u00e4rten, \u00fcppige Gew\u00e4nder und die katholische Reform, die diesem Zeitalter eine besondere Pr\u00e4gung in Kirchenbau und Fr\u00f6mmigkeit<\/p>\n","protected":false},"author":1,"featured_media":5680,"comment_status":"open","ping_status":"closed","sticky":false,"template":"","format":"standard","meta":{"spay_email":"","jetpack_publicize_message":"","jetpack_is_tweetstorm":false},"categories":[25,29,4],"tags":[],"jetpack_featured_media_url":"https:\/\/i0.wp.com\/www.stiftsforum.ch\/blog\/wp-content\/uploads\/2022\/11\/Barockausstellung2-scaled.jpg?fit=2560%2C1707&ssl=1","jetpack_publicize_connections":[],"jetpack_sharing_enabled":true,"jetpack_shortlink":"https:\/\/wp.me\/p9nzRF-1tA","jetpack_likes_enabled":true,"jetpack-related-posts":[{"id":4182,"url":"https:\/\/www.stiftsforum.ch\/blog\/?p=4182","url_meta":{"origin":5678,"position":0},"title":"Auch \u00fcber die Tr\u00e4nen","date":"Januar 26, 2021","format":false,"excerpt":"von Abaris Schild Der Barock war nicht nur das Zeitalter des pr\u00e4chtigen Herrscherkults und der opulentenPal\u00e4ste. Es schwang auch eine tiefe Religiosit\u00e4t mit, welche durch die manchmal adabsurdum gef\u00fchrte Verherrlichung der Verg\u00e4nglichkeit und des Todes, aber auch des \u00abCarpediem\u00bb unterstrichen wurde. Der Katholizismus lebte wieder auf. Von Greiffenbergs Gedicht \u00abAuch\u2026","rel":"","context":"In &quot;Allgemein&quot;","img":{"alt_text":"","src":"https:\/\/i1.wp.com\/www.stiftsforum.ch\/blog\/wp-content\/uploads\/2021\/01\/fitting-2930485_960_720.jpg?fit=960%2C720&ssl=1&resize=350%2C200","width":350,"height":200},"classes":[]},{"id":5275,"url":"https:\/\/www.stiftsforum.ch\/blog\/?p=5275","url_meta":{"origin":5678,"position":1},"title":"\u201eVoraustragen, was am wichtigsten ist, n\u00e4mlich das Kreuz\u201c","date":"September 26, 2022","format":false,"excerpt":"Abt Urban zeigt Schmuckst\u00fccke aus der kl\u00f6sterlichen Sammlung 21.9.2022\/Stiftsschule Einsiedeln: Alle Benediktinerm\u00f6nche tragen einen einheitlichen schwarzen Habit, doch einer tr\u00e4gt jeweils ein auff\u00e4lliges Schmuckst\u00fcck um den Hals und einen markanten Ring am Finger: Der Abt eines Klosters verf\u00fcgt schon seit Jahrhunderten \u00fcber diese schon im Fr\u00fchmittalter gebr\u00e4uchlichen Insignien. \u201ePectorale\u201c, also\u2026","rel":"","context":"In &quot;Allgemein&quot;","img":{"alt_text":"","src":"https:\/\/i1.wp.com\/www.stiftsforum.ch\/blog\/wp-content\/uploads\/2022\/09\/20220921_132131_resized-1.jpg?fit=1156%2C867&ssl=1&resize=350%2C200","width":350,"height":200},"classes":[]},{"id":3859,"url":"https:\/\/www.stiftsforum.ch\/blog\/?p=3859","url_meta":{"origin":5678,"position":2},"title":"Auf den Spuren der Benediktsregel nach St. Gallen","date":"Februar 4, 2020","format":false,"excerpt":"Eine Exkursion der 6bc mit P. Thomas \u201eWillkommen im Unesco-Weltkurerbe Stiftsbezirk St. Gallen\u201c heisst es auf dem Eintrittsbillett in die aktuelle Ausstellung des Klosters St. Gallen. Gezeigt werden kostbare Exponate ab dem 9. Jahrhundert, Kuriosit\u00e4ten aus der Sammlung des fr\u00fcheren F\u00fcrstbistums (etwa ein versilberter L\u00f6ffel des Heiligen Gallus) und das\u2026","rel":"","context":"In &quot;Schulanl\u00e4sse&quot;","img":{"alt_text":"","src":"https:\/\/i1.wp.com\/www.stiftsforum.ch\/blog\/wp-content\/uploads\/2020\/02\/9.jpg?fit=800%2C450&ssl=1&resize=350%2C200","width":350,"height":200},"classes":[]},{"id":2041,"url":"https:\/\/www.stiftsforum.ch\/blog\/?p=2041","url_meta":{"origin":5678,"position":3},"title":"Mit den SDGs nachhaltig ins 21. Jahrhundert","date":"Mai 13, 2018","format":false,"excerpt":"\u00a0 Wohlstand und Lebenserwartung haben in den letzten Jahrzehnten deutlich zugenommen, aber auf Kosten von wem? Eine Ausstellung zu den UNO-Entwicklungszielen, den SDGs (sustainable development goals), r\u00fcckt Zukunftsszenarien nun in unsere Gegenwart. Organisiert wurde die Ausstellung von Florentin Bucher gemeinsam mit dem Erg\u00e4nzungsfach Geografie. Montag, 16.4., 15h30: Drei Schulklassen, Schulleitung\u2026","rel":"","context":"In &quot;Schulanl\u00e4sse&quot;","img":{"alt_text":"","src":"https:\/\/i1.wp.com\/www.stiftsforum.ch\/blog\/wp-content\/uploads\/2018\/05\/ausstellung4.jpg?fit=1200%2C800&ssl=1&resize=350%2C200","width":350,"height":200},"classes":[]},{"id":4368,"url":"https:\/\/www.stiftsforum.ch\/blog\/?p=4368","url_meta":{"origin":5678,"position":4},"title":"In der Zwischenwelt von Malerei und Architektur","date":"April 13, 2021","format":false,"excerpt":"Praktikant Dr. Manuel Mayer \u00fcber Funktion und Sch\u00f6nheit von Stuckelementen in der Einsiedler Klosterkirche Man nehme Gips und Kalk und f\u00fcr die Farbgebung entsprechende Pigmente, vermenge sie und gestalte damit eine Vielzahl an m\u00f6glichen Formen: Skulpturen, Ornamente und kleine Malereien. Die Kunst der Stuckatur war und ist eine vielf\u00e4ltige k\u00fcnstlerische\u2026","rel":"","context":"In &quot;Allgemein&quot;","img":{"alt_text":"","src":"https:\/\/i2.wp.com\/www.stiftsforum.ch\/blog\/wp-content\/uploads\/2021\/04\/IMG_20210413_121930-1-scaled.jpg?fit=1200%2C900&ssl=1&resize=350%2C200","width":350,"height":200},"classes":[]},{"id":2914,"url":"https:\/\/www.stiftsforum.ch\/blog\/?p=2914","url_meta":{"origin":5678,"position":5},"title":"Lukas B\u00e4rfuss zu Gast in der 4b","date":"Dezember 21, 2018","format":false,"excerpt":"Am Dienstag, 18.12.2018, ergab sich f\u00fcr die 4b die Gelegenheit, mit dem Autor des Welttheaters 2020 Lukas B\u00e4rfuss ins Gespr\u00e4ch zu kommen. Die Fragen waren dabei vielf\u00e4ltig: Was zeichnet das barocke Welttheater Calderons aus? Wie k\u00f6nnte man die historische Figurenkonstellation in die Gegenwart \u00fcbertragen? Und welche Bez\u00fcge liessen sich zu\u2026","rel":"","context":"In &quot;Schulanl\u00e4sse&quot;","img":{"alt_text":"","src":"https:\/\/i1.wp.com\/www.stiftsforum.ch\/blog\/wp-content\/uploads\/2018\/12\/b\u00e4rfuss1.jpg?fit=860%2C573&ssl=1&resize=350%2C200","width":350,"height":200},"classes":[]}],"_links":{"self":[{"href":"https:\/\/www.stiftsforum.ch\/blog\/index.php?rest_route=\/wp\/v2\/posts\/5678"}],"collection":[{"href":"https:\/\/www.stiftsforum.ch\/blog\/index.php?rest_route=\/wp\/v2\/posts"}],"about":[{"href":"https:\/\/www.stiftsforum.ch\/blog\/index.php?rest_route=\/wp\/v2\/types\/post"}],"author":[{"embeddable":true,"href":"https:\/\/www.stiftsforum.ch\/blog\/index.php?rest_route=\/wp\/v2\/users\/1"}],"replies":[{"embeddable":true,"href":"https:\/\/www.stiftsforum.ch\/blog\/index.php?rest_route=%2Fwp%2Fv2%2Fcomments&post=5678"}],"version-history":[{"count":2,"href":"https:\/\/www.stiftsforum.ch\/blog\/index.php?rest_route=\/wp\/v2\/posts\/5678\/revisions"}],"predecessor-version":[{"id":5739,"href":"https:\/\/www.stiftsforum.ch\/blog\/index.php?rest_route=\/wp\/v2\/posts\/5678\/revisions\/5739"}],"wp:featuredmedia":[{"embeddable":true,"href":"https:\/\/www.stiftsforum.ch\/blog\/index.php?rest_route=\/wp\/v2\/media\/5680"}],"wp:attachment":[{"href":"https:\/\/www.stiftsforum.ch\/blog\/index.php?rest_route=%2Fwp%2Fv2%2Fmedia&parent=5678"}],"wp:term":[{"taxonomy":"category","embeddable":true,"href":"https:\/\/www.stiftsforum.ch\/blog\/index.php?rest_route=%2Fwp%2Fv2%2Fcategories&post=5678"},{"taxonomy":"post_tag","embeddable":true,"href":"https:\/\/www.stiftsforum.ch\/blog\/index.php?rest_route=%2Fwp%2Fv2%2Ftags&post=5678"}],"curies":[{"name":"wp","href":"https:\/\/api.w.org\/{rel}","templated":true}]}}