{"id":5780,"date":"2022-12-07T15:16:57","date_gmt":"2022-12-07T14:16:57","guid":{"rendered":"http:\/\/www.stiftsforum.ch\/blog\/?p=5780"},"modified":"2022-12-07T15:19:49","modified_gmt":"2022-12-07T14:19:49","slug":"nachtrag-kunstreise-padova-venezia-2022","status":"publish","type":"post","link":"https:\/\/www.stiftsforum.ch\/blog\/?p=5780","title":{"rendered":"Nachtrag: Kunstreise Padova &#038; Venezia 2022"},"content":{"rendered":"\n<p>Erg\u00e4nzungsfach BG, 29. August -2.September 2022&nbsp;<\/p>\n\n\n\n<p><strong>Es liegt schon l\u00e4nger zur\u00fcck, doch mit zunehmend sinkenden Temperaturen darf auch an den w\u00e4rmeren Sommer und eine eben dann stattgefundene Kunstreise des Erg\u00e4nzungsfachs BG erinnert werden. <\/strong><\/p>\n\n\n\n<p>Barbara Ivisic Klasse 6c&nbsp;<\/p>\n\n\n\n<p>Die diesj\u00e4hrige Kunstreise des Erg\u00e4nzungfachs Bildnerisches Gestalten, organisiert von Rachel Stocker, f\u00fchrte uns nach Italien. Genauer gesagt nach Padua und Venedig. Hauptziel unserer Reise war die 59. Internationale Kunstausstellung, \u00abLa\u202fBiennale\u202fdi\u202fVenezia\u00bb dieses Jahr mit dem Titel: \u00abThe Milk of Dreams\u00bb die, die wichtigsten Werke der Gegenwarts-Kunst zur Schau stellte.&nbsp;&nbsp;<\/p>\n\n\n\n<p>Leicht m\u00fcde, doch begeistert, trafen wir uns an einem verregneten Montagmorgen in der Fr\u00fch, in Arth-Goldau. Nach einer ca. f\u00fcnfst\u00fcndigen Zugfahrt kamen wir kurz nach dem Mittag im warmen Padua an. Nachdem wir unsere Zimmer beziehen konnten, lud uns Frau Stocker, in einem nahegelegenen Caf\u00e9, direkt neben der prachtvollen Basilika des S. Antonio, zu einem Getr\u00e4nk ein. Die ersten Eindr\u00fccke wurden untereinander ausgetauscht, aber auch das Programm f\u00fcr den Nachmittag in der neuen Stadt wurde besprochen. Die ersten Stunden konnten wir frei gestalten. Die meisten nutzten die Zeit, um Padua zu entdecken. Am sp\u00e4teren Nachmittag trafen wir uns alle zusammen bei der ber\u00fchmten \u00abCappella degli Scrovegni\u00bb, welche den wichtigsten Freskenzyklus von Giotto beinhaltet. 1300 wurde die Kapelle vom reichen Kaufmann Enrico Scrovegni zu Ehren seines Vaters in Auftrag gegeben. Mit der Stiftung einer Kapelle oder eines Altarbildes, erhoffte man sich dazumal einen verk\u00fcrzten Aufenthalt im Fegefeuer. Scrovegni war bekannt f\u00fcr seine Wucher-Gesch\u00e4fte und verantwortlich f\u00fcr die Trag\u00f6die vieler Menschen. Die Kapelle selbst sieht von aussen eher unscheinbar aus. Doch bereits beim Eintreten sticht die tiefblaue Deckenbemalung aus Lapislazuli ins Auge. Bemerkenswert an Giottos Werken ist die ausdrucksvolle Darstellung der Emotionen, so, wie sie noch nie zuvor umgesetzt wurde.&nbsp;&nbsp;<\/p>\n\n\n\n<p>Nach der Besichtigung ging es f\u00fcr uns in eine Pizzeria, wie es sich in Italien geh\u00f6rt. Mit vollem Magen spazierten wir zu unserem Hotel zur\u00fcck und schliefen schliesslich fr\u00fch ein.&nbsp;<\/p>\n\n\n\n<figure class=\"wp-block-image size-large\"><a href=\"https:\/\/i0.wp.com\/www.stiftsforum.ch\/blog\/wp-content\/uploads\/2022\/12\/image.jpeg\"><img data-attachment-id=\"5781\" data-permalink=\"https:\/\/www.stiftsforum.ch\/blog\/?attachment_id=5781\" data-orig-file=\"https:\/\/i0.wp.com\/www.stiftsforum.ch\/blog\/wp-content\/uploads\/2022\/12\/image.jpeg?fit=1026%2C693&amp;ssl=1\" data-orig-size=\"1026,693\" data-comments-opened=\"1\" data-image-meta=\"{&quot;aperture&quot;:&quot;0&quot;,&quot;credit&quot;:&quot;&quot;,&quot;camera&quot;:&quot;&quot;,&quot;caption&quot;:&quot;&quot;,&quot;created_timestamp&quot;:&quot;0&quot;,&quot;copyright&quot;:&quot;&quot;,&quot;focal_length&quot;:&quot;0&quot;,&quot;iso&quot;:&quot;0&quot;,&quot;shutter_speed&quot;:&quot;0&quot;,&quot;title&quot;:&quot;&quot;,&quot;orientation&quot;:&quot;0&quot;}\" data-image-title=\"image\" data-image-description=\"\" data-medium-file=\"https:\/\/i0.wp.com\/www.stiftsforum.ch\/blog\/wp-content\/uploads\/2022\/12\/image.jpeg?fit=300%2C203&amp;ssl=1\" data-large-file=\"https:\/\/i0.wp.com\/www.stiftsforum.ch\/blog\/wp-content\/uploads\/2022\/12\/image.jpeg?fit=800%2C541&amp;ssl=1\" loading=\"lazy\" width=\"800\" height=\"541\" src=\"https:\/\/i0.wp.com\/www.stiftsforum.ch\/blog\/wp-content\/uploads\/2022\/12\/image.jpeg?resize=800%2C541\" alt=\"Ein Bild, das Geb\u00e4ude, Himmel, drau\u00dfen, alt enth\u00e4lt.\n\nAutomatisch generierte Beschreibung\" class=\"wp-image-5781\" srcset=\"https:\/\/i0.wp.com\/www.stiftsforum.ch\/blog\/wp-content\/uploads\/2022\/12\/image.jpeg?resize=1024%2C692&amp;ssl=1 1024w, https:\/\/i0.wp.com\/www.stiftsforum.ch\/blog\/wp-content\/uploads\/2022\/12\/image.jpeg?resize=300%2C203&amp;ssl=1 300w, https:\/\/i0.wp.com\/www.stiftsforum.ch\/blog\/wp-content\/uploads\/2022\/12\/image.jpeg?resize=768%2C519&amp;ssl=1 768w, https:\/\/i0.wp.com\/www.stiftsforum.ch\/blog\/wp-content\/uploads\/2022\/12\/image.jpeg?w=1026&amp;ssl=1 1026w\" sizes=\"(max-width: 800px) 100vw, 800px\" data-recalc-dims=\"1\" \/><\/a><\/figure>\n\n\n\n<p>Padua, Palazzo della Ragione&nbsp;<\/p>\n\n\n\n<figure class=\"wp-block-image size-large\"><a href=\"https:\/\/i2.wp.com\/www.stiftsforum.ch\/blog\/wp-content\/uploads\/2022\/12\/image-2.jpeg\"><img data-attachment-id=\"5783\" data-permalink=\"https:\/\/www.stiftsforum.ch\/blog\/?attachment_id=5783\" data-orig-file=\"https:\/\/i2.wp.com\/www.stiftsforum.ch\/blog\/wp-content\/uploads\/2022\/12\/image-2.jpeg?fit=1080%2C1404&amp;ssl=1\" data-orig-size=\"1080,1404\" data-comments-opened=\"1\" data-image-meta=\"{&quot;aperture&quot;:&quot;0&quot;,&quot;credit&quot;:&quot;&quot;,&quot;camera&quot;:&quot;&quot;,&quot;caption&quot;:&quot;&quot;,&quot;created_timestamp&quot;:&quot;0&quot;,&quot;copyright&quot;:&quot;&quot;,&quot;focal_length&quot;:&quot;0&quot;,&quot;iso&quot;:&quot;0&quot;,&quot;shutter_speed&quot;:&quot;0&quot;,&quot;title&quot;:&quot;&quot;,&quot;orientation&quot;:&quot;0&quot;}\" data-image-title=\"image-2\" data-image-description=\"\" data-medium-file=\"https:\/\/i2.wp.com\/www.stiftsforum.ch\/blog\/wp-content\/uploads\/2022\/12\/image-2.jpeg?fit=231%2C300&amp;ssl=1\" data-large-file=\"https:\/\/i2.wp.com\/www.stiftsforum.ch\/blog\/wp-content\/uploads\/2022\/12\/image-2.jpeg?fit=788%2C1024&amp;ssl=1\" loading=\"lazy\" width=\"788\" height=\"1024\" src=\"https:\/\/i2.wp.com\/www.stiftsforum.ch\/blog\/wp-content\/uploads\/2022\/12\/image-2.jpeg?resize=788%2C1024\" alt=\"Ein Bild, das Geb\u00e4ude, drau\u00dfen, Stra\u00dfe, gehen enth\u00e4lt.\n\nAutomatisch generierte Beschreibung\" class=\"wp-image-5783\" srcset=\"https:\/\/i2.wp.com\/www.stiftsforum.ch\/blog\/wp-content\/uploads\/2022\/12\/image-2.jpeg?resize=788%2C1024&amp;ssl=1 788w, https:\/\/i2.wp.com\/www.stiftsforum.ch\/blog\/wp-content\/uploads\/2022\/12\/image-2.jpeg?resize=231%2C300&amp;ssl=1 231w, https:\/\/i2.wp.com\/www.stiftsforum.ch\/blog\/wp-content\/uploads\/2022\/12\/image-2.jpeg?resize=768%2C998&amp;ssl=1 768w, https:\/\/i2.wp.com\/www.stiftsforum.ch\/blog\/wp-content\/uploads\/2022\/12\/image-2.jpeg?w=1080&amp;ssl=1 1080w\" sizes=\"(max-width: 788px) 100vw, 788px\" data-recalc-dims=\"1\" \/><\/a><\/figure>\n\n\n\n<p>Padua, beim Flanieren; Foto, Lara&nbsp;<\/p>\n\n\n\n<p>Am n\u00e4chsten Morgen machten wir uns nach dem Fr\u00fchst\u00fcck bereits auf den Weg zum Bahnhof. Nach einer etwa halbst\u00fcndigen Zugfahrt trafen wir in Venedig ein. Dort bekamen wir von Frau Stocker einen kurzen Input zur Stadt und ihrer Geschichte. Danach liefen wir zu einem geschichtstr\u00e4chtigen Quartier, n\u00e4mlich dem ersten Ghetto der Welt. Auch heute noch sind Spuren aus dessen Entstehung im 16. Jh. erkennbar.&nbsp;&nbsp;<\/p>\n\n\n\n<p>Danach stand eines der Highlights der Kunstreise an,- die Besichtigung des ersten Teils der Biennale in den imposanten Hallen des Arsenales, der ehemaligen Schiffswerft, die ab 1104 gebaut wurde. Die Kunst-Biennale ist die wichtigste internationale Ausstellung der Gegenwartskunst. Durch die Ausstellung f\u00fchrte uns eine sehr kompetente junge Kunstp\u00e4dagogin, die zu unserer \u00dcberraschung Schweizerin ist. Sie erkl\u00e4rte uns die verschiedenen Kunstwerke und brachte sie uns n\u00e4her. Die Hauptthemen der Ausstellung besch\u00e4ftigten sich mit dem Menschen und der Umw\u00e4lzung der Gegenwart, Fragen unserer Zukunft, der Umwelt und auch der Gleichstellung verschiedener Geschlechter. Nach dem eindr\u00fccklichen Rundgang fuhren wir mit dem \u00abvaporetto\u00bb \u00d6V-Boot zur\u00fcck zum Bahnhof. Wobei nicht alle unserer Gruppe einen Platz auf dem \u00fcberf\u00fcllten Boot ergattern konnten und deswegen gezwungenermassen zur\u00fcckgelassen wurden. Doch am Bahnhof Venedigs fanden wir uns wieder alle und fuhren zusammen zur\u00fcck nach Padua. Nach der ausgelassenen Stimmung beim Abendessen kehrten wir schliesslich ersch\u00f6pft, aber doch voller neuer Eindr\u00fccke, zur Unterkunft zur\u00fcck.&nbsp;&nbsp;<\/p>\n\n\n\n<figure class=\"wp-block-image size-large\"><a href=\"https:\/\/i2.wp.com\/www.stiftsforum.ch\/blog\/wp-content\/uploads\/2022\/12\/image-3.jpeg\"><img data-attachment-id=\"5784\" data-permalink=\"https:\/\/www.stiftsforum.ch\/blog\/?attachment_id=5784\" data-orig-file=\"https:\/\/i2.wp.com\/www.stiftsforum.ch\/blog\/wp-content\/uploads\/2022\/12\/image-3.jpeg?fit=1066%2C1600&amp;ssl=1\" data-orig-size=\"1066,1600\" data-comments-opened=\"1\" data-image-meta=\"{&quot;aperture&quot;:&quot;0&quot;,&quot;credit&quot;:&quot;&quot;,&quot;camera&quot;:&quot;&quot;,&quot;caption&quot;:&quot;&quot;,&quot;created_timestamp&quot;:&quot;0&quot;,&quot;copyright&quot;:&quot;&quot;,&quot;focal_length&quot;:&quot;0&quot;,&quot;iso&quot;:&quot;0&quot;,&quot;shutter_speed&quot;:&quot;0&quot;,&quot;title&quot;:&quot;&quot;,&quot;orientation&quot;:&quot;0&quot;}\" data-image-title=\"image-3\" data-image-description=\"\" data-medium-file=\"https:\/\/i2.wp.com\/www.stiftsforum.ch\/blog\/wp-content\/uploads\/2022\/12\/image-3.jpeg?fit=200%2C300&amp;ssl=1\" data-large-file=\"https:\/\/i2.wp.com\/www.stiftsforum.ch\/blog\/wp-content\/uploads\/2022\/12\/image-3.jpeg?fit=682%2C1024&amp;ssl=1\" loading=\"lazy\" width=\"682\" height=\"1024\" src=\"https:\/\/i2.wp.com\/www.stiftsforum.ch\/blog\/wp-content\/uploads\/2022\/12\/image-3.jpeg?resize=682%2C1024\" alt=\"Ein Bild, das Geb\u00e4ude, drau\u00dfen, Boden, Stra\u00dfe enth\u00e4lt.\n\nAutomatisch generierte Beschreibung\" class=\"wp-image-5784\" srcset=\"https:\/\/i2.wp.com\/www.stiftsforum.ch\/blog\/wp-content\/uploads\/2022\/12\/image-3.jpeg?resize=682%2C1024&amp;ssl=1 682w, https:\/\/i2.wp.com\/www.stiftsforum.ch\/blog\/wp-content\/uploads\/2022\/12\/image-3.jpeg?resize=200%2C300&amp;ssl=1 200w, https:\/\/i2.wp.com\/www.stiftsforum.ch\/blog\/wp-content\/uploads\/2022\/12\/image-3.jpeg?resize=768%2C1153&amp;ssl=1 768w, https:\/\/i2.wp.com\/www.stiftsforum.ch\/blog\/wp-content\/uploads\/2022\/12\/image-3.jpeg?resize=1023%2C1536&amp;ssl=1 1023w, https:\/\/i2.wp.com\/www.stiftsforum.ch\/blog\/wp-content\/uploads\/2022\/12\/image-3.jpeg?w=1066&amp;ssl=1 1066w\" sizes=\"(max-width: 682px) 100vw, 682px\" data-recalc-dims=\"1\" \/><\/a><\/figure>\n\n\n\n<p>Venedig, Sotoprotego Getho Novo&nbsp;<\/p>\n\n\n\n<figure class=\"wp-block-image size-large\"><a href=\"https:\/\/i1.wp.com\/www.stiftsforum.ch\/blog\/wp-content\/uploads\/2022\/12\/image-1.jpeg\"><img data-attachment-id=\"5782\" data-permalink=\"https:\/\/www.stiftsforum.ch\/blog\/?attachment_id=5782\" data-orig-file=\"https:\/\/i1.wp.com\/www.stiftsforum.ch\/blog\/wp-content\/uploads\/2022\/12\/image-1.jpeg?fit=1040%2C692&amp;ssl=1\" data-orig-size=\"1040,692\" data-comments-opened=\"1\" data-image-meta=\"{&quot;aperture&quot;:&quot;0&quot;,&quot;credit&quot;:&quot;&quot;,&quot;camera&quot;:&quot;&quot;,&quot;caption&quot;:&quot;&quot;,&quot;created_timestamp&quot;:&quot;0&quot;,&quot;copyright&quot;:&quot;&quot;,&quot;focal_length&quot;:&quot;0&quot;,&quot;iso&quot;:&quot;0&quot;,&quot;shutter_speed&quot;:&quot;0&quot;,&quot;title&quot;:&quot;&quot;,&quot;orientation&quot;:&quot;0&quot;}\" data-image-title=\"image-1\" data-image-description=\"\" data-medium-file=\"https:\/\/i1.wp.com\/www.stiftsforum.ch\/blog\/wp-content\/uploads\/2022\/12\/image-1.jpeg?fit=300%2C200&amp;ssl=1\" data-large-file=\"https:\/\/i1.wp.com\/www.stiftsforum.ch\/blog\/wp-content\/uploads\/2022\/12\/image-1.jpeg?fit=800%2C532&amp;ssl=1\" loading=\"lazy\" width=\"800\" height=\"532\" src=\"https:\/\/i1.wp.com\/www.stiftsforum.ch\/blog\/wp-content\/uploads\/2022\/12\/image-1.jpeg?resize=800%2C532\" alt=\"\" class=\"wp-image-5782\" srcset=\"https:\/\/i1.wp.com\/www.stiftsforum.ch\/blog\/wp-content\/uploads\/2022\/12\/image-1.jpeg?resize=1024%2C681&amp;ssl=1 1024w, https:\/\/i1.wp.com\/www.stiftsforum.ch\/blog\/wp-content\/uploads\/2022\/12\/image-1.jpeg?resize=300%2C200&amp;ssl=1 300w, https:\/\/i1.wp.com\/www.stiftsforum.ch\/blog\/wp-content\/uploads\/2022\/12\/image-1.jpeg?resize=768%2C511&amp;ssl=1 768w, https:\/\/i1.wp.com\/www.stiftsforum.ch\/blog\/wp-content\/uploads\/2022\/12\/image-1.jpeg?w=1040&amp;ssl=1 1040w\" sizes=\"(max-width: 800px) 100vw, 800px\" data-recalc-dims=\"1\" \/><\/a><\/figure>\n\n\n\n<p>Im Arsenale: Yara, Michelle Stutz, Samira, Lara Demetrio, Iria, Noam, (Lynn versteckt) Noelia, Barbara Fiona.&nbsp;<\/p>\n\n\n\n<figure class=\"wp-block-image size-large\"><a href=\"https:\/\/i0.wp.com\/www.stiftsforum.ch\/blog\/wp-content\/uploads\/2022\/12\/image-4.jpeg\"><img data-attachment-id=\"5786\" data-permalink=\"https:\/\/www.stiftsforum.ch\/blog\/?attachment_id=5786\" data-orig-file=\"https:\/\/i0.wp.com\/www.stiftsforum.ch\/blog\/wp-content\/uploads\/2022\/12\/image-4.jpeg?fit=1039%2C693&amp;ssl=1\" data-orig-size=\"1039,693\" data-comments-opened=\"1\" data-image-meta=\"{&quot;aperture&quot;:&quot;0&quot;,&quot;credit&quot;:&quot;&quot;,&quot;camera&quot;:&quot;&quot;,&quot;caption&quot;:&quot;&quot;,&quot;created_timestamp&quot;:&quot;0&quot;,&quot;copyright&quot;:&quot;&quot;,&quot;focal_length&quot;:&quot;0&quot;,&quot;iso&quot;:&quot;0&quot;,&quot;shutter_speed&quot;:&quot;0&quot;,&quot;title&quot;:&quot;&quot;,&quot;orientation&quot;:&quot;0&quot;}\" data-image-title=\"image-4\" data-image-description=\"\" data-medium-file=\"https:\/\/i0.wp.com\/www.stiftsforum.ch\/blog\/wp-content\/uploads\/2022\/12\/image-4.jpeg?fit=300%2C200&amp;ssl=1\" data-large-file=\"https:\/\/i0.wp.com\/www.stiftsforum.ch\/blog\/wp-content\/uploads\/2022\/12\/image-4.jpeg?fit=800%2C534&amp;ssl=1\" loading=\"lazy\" width=\"800\" height=\"534\" src=\"https:\/\/i0.wp.com\/www.stiftsforum.ch\/blog\/wp-content\/uploads\/2022\/12\/image-4.jpeg?resize=800%2C534\" alt=\"Ein Bild, das Person, drinnen, Personen enth\u00e4lt.\n\nAutomatisch generierte Beschreibung\" class=\"wp-image-5786\" srcset=\"https:\/\/i0.wp.com\/www.stiftsforum.ch\/blog\/wp-content\/uploads\/2022\/12\/image-4.jpeg?resize=1024%2C683&amp;ssl=1 1024w, https:\/\/i0.wp.com\/www.stiftsforum.ch\/blog\/wp-content\/uploads\/2022\/12\/image-4.jpeg?resize=300%2C200&amp;ssl=1 300w, https:\/\/i0.wp.com\/www.stiftsforum.ch\/blog\/wp-content\/uploads\/2022\/12\/image-4.jpeg?resize=768%2C512&amp;ssl=1 768w, https:\/\/i0.wp.com\/www.stiftsforum.ch\/blog\/wp-content\/uploads\/2022\/12\/image-4.jpeg?w=1039&amp;ssl=1 1039w\" sizes=\"(max-width: 800px) 100vw, 800px\" data-recalc-dims=\"1\" \/><\/a><\/figure>\n\n\n\n<p>Samira, Noelia, Fiona, Demetrio, Iria, Lynn, Lara und Barbara&nbsp;<\/p>\n\n\n\n<figure class=\"wp-block-image size-large\"><a href=\"https:\/\/i0.wp.com\/www.stiftsforum.ch\/blog\/wp-content\/uploads\/2022\/12\/image.png\"><img data-attachment-id=\"5785\" data-permalink=\"https:\/\/www.stiftsforum.ch\/blog\/?attachment_id=5785\" data-orig-file=\"https:\/\/i0.wp.com\/www.stiftsforum.ch\/blog\/wp-content\/uploads\/2022\/12\/image.png?fit=567%2C759&amp;ssl=1\" data-orig-size=\"567,759\" data-comments-opened=\"1\" data-image-meta=\"{&quot;aperture&quot;:&quot;0&quot;,&quot;credit&quot;:&quot;&quot;,&quot;camera&quot;:&quot;&quot;,&quot;caption&quot;:&quot;&quot;,&quot;created_timestamp&quot;:&quot;0&quot;,&quot;copyright&quot;:&quot;&quot;,&quot;focal_length&quot;:&quot;0&quot;,&quot;iso&quot;:&quot;0&quot;,&quot;shutter_speed&quot;:&quot;0&quot;,&quot;title&quot;:&quot;&quot;,&quot;orientation&quot;:&quot;0&quot;}\" data-image-title=\"image\" data-image-description=\"\" data-medium-file=\"https:\/\/i0.wp.com\/www.stiftsforum.ch\/blog\/wp-content\/uploads\/2022\/12\/image.png?fit=224%2C300&amp;ssl=1\" data-large-file=\"https:\/\/i0.wp.com\/www.stiftsforum.ch\/blog\/wp-content\/uploads\/2022\/12\/image.png?fit=567%2C759&amp;ssl=1\" loading=\"lazy\" width=\"567\" height=\"759\" src=\"https:\/\/i0.wp.com\/www.stiftsforum.ch\/blog\/wp-content\/uploads\/2022\/12\/image.png?resize=567%2C759\" alt=\"Ein Bild, das Boden, drinnen, Decke enth\u00e4lt.\n\nAutomatisch generierte Beschreibung\" class=\"wp-image-5785\" srcset=\"https:\/\/i0.wp.com\/www.stiftsforum.ch\/blog\/wp-content\/uploads\/2022\/12\/image.png?w=567&amp;ssl=1 567w, https:\/\/i0.wp.com\/www.stiftsforum.ch\/blog\/wp-content\/uploads\/2022\/12\/image.png?resize=224%2C300&amp;ssl=1 224w\" sizes=\"(max-width: 567px) 100vw, 567px\" data-recalc-dims=\"1\" \/><\/a><\/figure>\n\n\n\n<p>Lara vor einer Videoinstallation. Foto: Noelia&nbsp;<\/p>\n\n\n\n<figure class=\"wp-block-image size-large\"><a href=\"https:\/\/i0.wp.com\/www.stiftsforum.ch\/blog\/wp-content\/uploads\/2022\/12\/image-5.jpeg\"><img data-attachment-id=\"5787\" data-permalink=\"https:\/\/www.stiftsforum.ch\/blog\/?attachment_id=5787\" data-orig-file=\"https:\/\/i0.wp.com\/www.stiftsforum.ch\/blog\/wp-content\/uploads\/2022\/12\/image-5.jpeg?fit=693%2C924&amp;ssl=1\" data-orig-size=\"693,924\" data-comments-opened=\"1\" data-image-meta=\"{&quot;aperture&quot;:&quot;0&quot;,&quot;credit&quot;:&quot;&quot;,&quot;camera&quot;:&quot;&quot;,&quot;caption&quot;:&quot;&quot;,&quot;created_timestamp&quot;:&quot;0&quot;,&quot;copyright&quot;:&quot;&quot;,&quot;focal_length&quot;:&quot;0&quot;,&quot;iso&quot;:&quot;0&quot;,&quot;shutter_speed&quot;:&quot;0&quot;,&quot;title&quot;:&quot;&quot;,&quot;orientation&quot;:&quot;0&quot;}\" data-image-title=\"image-5\" data-image-description=\"\" data-medium-file=\"https:\/\/i0.wp.com\/www.stiftsforum.ch\/blog\/wp-content\/uploads\/2022\/12\/image-5.jpeg?fit=225%2C300&amp;ssl=1\" data-large-file=\"https:\/\/i0.wp.com\/www.stiftsforum.ch\/blog\/wp-content\/uploads\/2022\/12\/image-5.jpeg?fit=693%2C924&amp;ssl=1\" loading=\"lazy\" width=\"693\" height=\"924\" src=\"https:\/\/i0.wp.com\/www.stiftsforum.ch\/blog\/wp-content\/uploads\/2022\/12\/image-5.jpeg?resize=693%2C924\" alt=\"Ein Bild, das Text enth\u00e4lt.\n\nAutomatisch generierte Beschreibung\" class=\"wp-image-5787\" srcset=\"https:\/\/i0.wp.com\/www.stiftsforum.ch\/blog\/wp-content\/uploads\/2022\/12\/image-5.jpeg?w=693&amp;ssl=1 693w, https:\/\/i0.wp.com\/www.stiftsforum.ch\/blog\/wp-content\/uploads\/2022\/12\/image-5.jpeg?resize=225%2C300&amp;ssl=1 225w\" sizes=\"(max-width: 693px) 100vw, 693px\" data-recalc-dims=\"1\" \/><\/a><\/figure>\n\n\n\n<p>Arsenale, Rauminstallation. Foto; Noelia&nbsp;<\/p>\n\n\n\n<p>Den Mittwoch konnten wir frei gestalten. Die meisten entschieden sich die Stadt zu erkunden oder den botanischen Garten zu besuchen. Im nahegelegenen botanischen Garten, der der erste und \u00e4lteste der Welt ist, konnten wir viele tropische Pflanzen anschauen, aber auch die grossen Seerosen brachten uns zum Staunen. Den Rest der Zeit verbrachten wir in der Stadt und nutzten die Gelegenheit, um kleine Souvenirs und Andenken f\u00fcr Freunde und Familie zu kaufen. Nach dem sehr feinen Abendessen, typische Paduanische-K\u00fcche, gingen wir ein weiteres Mal zeitig schlafen, da uns am n\u00e4chsten Tag ein intensives Programm erwartete.&nbsp;&nbsp;<\/p>\n\n\n\n<figure class=\"wp-block-image size-large\"><a href=\"https:\/\/i1.wp.com\/www.stiftsforum.ch\/blog\/wp-content\/uploads\/2022\/12\/image-6.jpeg\"><img data-attachment-id=\"5788\" data-permalink=\"https:\/\/www.stiftsforum.ch\/blog\/?attachment_id=5788\" data-orig-file=\"https:\/\/i1.wp.com\/www.stiftsforum.ch\/blog\/wp-content\/uploads\/2022\/12\/image-6.jpeg?fit=1080%2C1408&amp;ssl=1\" data-orig-size=\"1080,1408\" data-comments-opened=\"1\" data-image-meta=\"{&quot;aperture&quot;:&quot;0&quot;,&quot;credit&quot;:&quot;&quot;,&quot;camera&quot;:&quot;&quot;,&quot;caption&quot;:&quot;&quot;,&quot;created_timestamp&quot;:&quot;0&quot;,&quot;copyright&quot;:&quot;&quot;,&quot;focal_length&quot;:&quot;0&quot;,&quot;iso&quot;:&quot;0&quot;,&quot;shutter_speed&quot;:&quot;0&quot;,&quot;title&quot;:&quot;&quot;,&quot;orientation&quot;:&quot;0&quot;}\" data-image-title=\"image-6\" data-image-description=\"\" data-medium-file=\"https:\/\/i1.wp.com\/www.stiftsforum.ch\/blog\/wp-content\/uploads\/2022\/12\/image-6.jpeg?fit=230%2C300&amp;ssl=1\" data-large-file=\"https:\/\/i1.wp.com\/www.stiftsforum.ch\/blog\/wp-content\/uploads\/2022\/12\/image-6.jpeg?fit=785%2C1024&amp;ssl=1\" loading=\"lazy\" width=\"785\" height=\"1024\" src=\"https:\/\/i1.wp.com\/www.stiftsforum.ch\/blog\/wp-content\/uploads\/2022\/12\/image-6.jpeg?resize=785%2C1024\" alt=\"Ein Bild, das drau\u00dfen, Baum, stehend, Personen enth\u00e4lt.\n\nAutomatisch generierte Beschreibung\" class=\"wp-image-5788\" srcset=\"https:\/\/i1.wp.com\/www.stiftsforum.ch\/blog\/wp-content\/uploads\/2022\/12\/image-6.jpeg?resize=785%2C1024&amp;ssl=1 785w, https:\/\/i1.wp.com\/www.stiftsforum.ch\/blog\/wp-content\/uploads\/2022\/12\/image-6.jpeg?resize=230%2C300&amp;ssl=1 230w, https:\/\/i1.wp.com\/www.stiftsforum.ch\/blog\/wp-content\/uploads\/2022\/12\/image-6.jpeg?resize=768%2C1001&amp;ssl=1 768w, https:\/\/i1.wp.com\/www.stiftsforum.ch\/blog\/wp-content\/uploads\/2022\/12\/image-6.jpeg?w=1080&amp;ssl=1 1080w\" sizes=\"(max-width: 785px) 100vw, 785px\" data-recalc-dims=\"1\" \/><\/a><\/figure>\n\n\n\n<p>Im Botanischen Garten: Samira, Noelia, Barbara, Lynn, Fiona, in bequemer Position, Lara.&nbsp;<\/p>\n\n\n\n<p>Am vierten Tag fuhren wir bereits fr\u00fch morgens nach Venedig. Wir erhielten eine zweist\u00fcndige, eindr\u00fcckliche F\u00fchrung durch unbekanntere Gassen, wo uns der einzigartige Aufbau der Stadt mit den Flusssystemen und historische Informationen n\u00e4hergebracht wurden. Nat\u00fcrlich durften aber auch touristische Hotspots, wie die Rialto-Br\u00fccke und die Piazza San Marco, nicht fehlen. Das viele Laufen beanspruchte nicht wenig Energie, vor allem f\u00fcr Noelia, die sich tapfer mit den Kr\u00fccken durch die Gassen, \u00fcber Br\u00fccken und Treppen k\u00e4mpfte. Die darauffolgende Verpflegung tat gut.&nbsp;&nbsp;<\/p>\n\n\n\n<p>Als n\u00e4chstes erwartete uns ein weiteres Highlight. Der zweite Teil der Biennale, n\u00e4mlich die \u00abGiardini\u00bb. In den Giardini befinden sich 20 L\u00e4nderpavillons, \u00fcber ganz Venedig verteilt deren 80. Jedes Land w\u00e4hlt eigene K\u00fcnstlerinnen und K\u00fcnstler aus, die dann den jeweiligen L\u00e4nder-Pavillon gestalten und ihr Land somit an der Biennale vertreten. Als erstes schauten wir uns den griechischen Pavillon an. In einem gesellschaftskritischem Virtual Reality Film wird die Geschichte des \u00d6dipus anhand vom Volk der Roma rekonstruiert. Genau wie \u00d6dipus hadern auch sie mit ihrem Schicksal der Identit\u00e4tskrisen und der Nichtanerkennung ihrer Ethnie durch die griechischen Autorit\u00e4ten. Danach schauten wir uns selbst\u00e4ndig verschiedene Pavillons an. Eindr\u00fccklich waren zum Beispiel die futuristischen Modelle von Korea welche mit Technik verbunden waren, oder die hyperrealistischen Zentauren im d\u00e4nischen Pavillon. Auch der Schweizer-Pavillon hat uns sehr angesprochen. Zusammen beendeten wir den Ausflug im belgischen Pavillon, wo Filme von spielenden Kindern der ganzen Welt gezeigt wurden.&nbsp;&nbsp;<\/p>\n\n\n\n<figure class=\"wp-block-image size-large\"><a href=\"https:\/\/i1.wp.com\/www.stiftsforum.ch\/blog\/wp-content\/uploads\/2022\/12\/image-7.jpeg\"><img data-attachment-id=\"5789\" data-permalink=\"https:\/\/www.stiftsforum.ch\/blog\/?attachment_id=5789\" data-orig-file=\"https:\/\/i1.wp.com\/www.stiftsforum.ch\/blog\/wp-content\/uploads\/2022\/12\/image-7.jpeg?fit=693%2C462&amp;ssl=1\" data-orig-size=\"693,462\" data-comments-opened=\"1\" data-image-meta=\"{&quot;aperture&quot;:&quot;0&quot;,&quot;credit&quot;:&quot;&quot;,&quot;camera&quot;:&quot;&quot;,&quot;caption&quot;:&quot;&quot;,&quot;created_timestamp&quot;:&quot;0&quot;,&quot;copyright&quot;:&quot;&quot;,&quot;focal_length&quot;:&quot;0&quot;,&quot;iso&quot;:&quot;0&quot;,&quot;shutter_speed&quot;:&quot;0&quot;,&quot;title&quot;:&quot;&quot;,&quot;orientation&quot;:&quot;0&quot;}\" data-image-title=\"image-7\" data-image-description=\"\" data-medium-file=\"https:\/\/i1.wp.com\/www.stiftsforum.ch\/blog\/wp-content\/uploads\/2022\/12\/image-7.jpeg?fit=300%2C200&amp;ssl=1\" data-large-file=\"https:\/\/i1.wp.com\/www.stiftsforum.ch\/blog\/wp-content\/uploads\/2022\/12\/image-7.jpeg?fit=693%2C462&amp;ssl=1\" loading=\"lazy\" width=\"693\" height=\"462\" src=\"https:\/\/i1.wp.com\/www.stiftsforum.ch\/blog\/wp-content\/uploads\/2022\/12\/image-7.jpeg?resize=693%2C462\" alt=\"Ein Bild, das Boden, S\u00e4ugetier, legend, Beton enth\u00e4lt.\n\nAutomatisch generierte Beschreibung\" class=\"wp-image-5789\" srcset=\"https:\/\/i1.wp.com\/www.stiftsforum.ch\/blog\/wp-content\/uploads\/2022\/12\/image-7.jpeg?w=693&amp;ssl=1 693w, https:\/\/i1.wp.com\/www.stiftsforum.ch\/blog\/wp-content\/uploads\/2022\/12\/image-7.jpeg?resize=300%2C200&amp;ssl=1 300w\" sizes=\"(max-width: 693px) 100vw, 693px\" data-recalc-dims=\"1\" \/><\/a><\/figure>\n\n\n\n<figure class=\"wp-block-image size-large\"><a href=\"https:\/\/i1.wp.com\/www.stiftsforum.ch\/blog\/wp-content\/uploads\/2022\/12\/image-1.png\"><img data-attachment-id=\"5790\" data-permalink=\"https:\/\/www.stiftsforum.ch\/blog\/?attachment_id=5790\" data-orig-file=\"https:\/\/i1.wp.com\/www.stiftsforum.ch\/blog\/wp-content\/uploads\/2022\/12\/image-1.png?fit=567%2C378&amp;ssl=1\" data-orig-size=\"567,378\" data-comments-opened=\"1\" data-image-meta=\"{&quot;aperture&quot;:&quot;0&quot;,&quot;credit&quot;:&quot;&quot;,&quot;camera&quot;:&quot;&quot;,&quot;caption&quot;:&quot;&quot;,&quot;created_timestamp&quot;:&quot;0&quot;,&quot;copyright&quot;:&quot;&quot;,&quot;focal_length&quot;:&quot;0&quot;,&quot;iso&quot;:&quot;0&quot;,&quot;shutter_speed&quot;:&quot;0&quot;,&quot;title&quot;:&quot;&quot;,&quot;orientation&quot;:&quot;0&quot;}\" data-image-title=\"image-1\" data-image-description=\"\" data-medium-file=\"https:\/\/i1.wp.com\/www.stiftsforum.ch\/blog\/wp-content\/uploads\/2022\/12\/image-1.png?fit=300%2C200&amp;ssl=1\" data-large-file=\"https:\/\/i1.wp.com\/www.stiftsforum.ch\/blog\/wp-content\/uploads\/2022\/12\/image-1.png?fit=567%2C378&amp;ssl=1\" loading=\"lazy\" width=\"567\" height=\"378\" src=\"https:\/\/i1.wp.com\/www.stiftsforum.ch\/blog\/wp-content\/uploads\/2022\/12\/image-1.png?resize=567%2C378\" alt=\"Ein Bild, das Boden enth\u00e4lt.\n\nAutomatisch generierte Beschreibung\" class=\"wp-image-5790\" srcset=\"https:\/\/i1.wp.com\/www.stiftsforum.ch\/blog\/wp-content\/uploads\/2022\/12\/image-1.png?w=567&amp;ssl=1 567w, https:\/\/i1.wp.com\/www.stiftsforum.ch\/blog\/wp-content\/uploads\/2022\/12\/image-1.png?resize=300%2C200&amp;ssl=1 300w\" sizes=\"(max-width: 567px) 100vw, 567px\" data-recalc-dims=\"1\" \/><\/a><\/figure>\n\n\n\n<p>Giardini, D\u00e4nischer- Pavillion&nbsp;<\/p>\n\n\n\n<p>Zu sp\u00e4ter Stunde stand in Padua wieder das gemeinsame Abendessen an. Danach liessen wir den letzten Abend in der Stadt gem\u00fctlich ausklingen.&nbsp;<\/p>\n\n\n\n<figure class=\"wp-block-image size-large\"><a href=\"https:\/\/i1.wp.com\/www.stiftsforum.ch\/blog\/wp-content\/uploads\/2022\/12\/image-8.jpeg\"><img data-attachment-id=\"5791\" data-permalink=\"https:\/\/www.stiftsforum.ch\/blog\/?attachment_id=5791\" data-orig-file=\"https:\/\/i1.wp.com\/www.stiftsforum.ch\/blog\/wp-content\/uploads\/2022\/12\/image-8.jpeg?fit=1299%2C974&amp;ssl=1\" data-orig-size=\"1299,974\" data-comments-opened=\"1\" data-image-meta=\"{&quot;aperture&quot;:&quot;0&quot;,&quot;credit&quot;:&quot;&quot;,&quot;camera&quot;:&quot;&quot;,&quot;caption&quot;:&quot;&quot;,&quot;created_timestamp&quot;:&quot;0&quot;,&quot;copyright&quot;:&quot;&quot;,&quot;focal_length&quot;:&quot;0&quot;,&quot;iso&quot;:&quot;0&quot;,&quot;shutter_speed&quot;:&quot;0&quot;,&quot;title&quot;:&quot;&quot;,&quot;orientation&quot;:&quot;0&quot;}\" data-image-title=\"image-8\" data-image-description=\"\" data-medium-file=\"https:\/\/i1.wp.com\/www.stiftsforum.ch\/blog\/wp-content\/uploads\/2022\/12\/image-8.jpeg?fit=300%2C225&amp;ssl=1\" data-large-file=\"https:\/\/i1.wp.com\/www.stiftsforum.ch\/blog\/wp-content\/uploads\/2022\/12\/image-8.jpeg?fit=800%2C600&amp;ssl=1\" loading=\"lazy\" width=\"800\" height=\"600\" src=\"https:\/\/i1.wp.com\/www.stiftsforum.ch\/blog\/wp-content\/uploads\/2022\/12\/image-8.jpeg?resize=800%2C600\" alt=\"Ein Bild, das Person, Tisch, sitzend, Gruppe enth\u00e4lt.\n\nAutomatisch generierte Beschreibung\" class=\"wp-image-5791\" srcset=\"https:\/\/i1.wp.com\/www.stiftsforum.ch\/blog\/wp-content\/uploads\/2022\/12\/image-8.jpeg?resize=1024%2C768&amp;ssl=1 1024w, https:\/\/i1.wp.com\/www.stiftsforum.ch\/blog\/wp-content\/uploads\/2022\/12\/image-8.jpeg?resize=300%2C225&amp;ssl=1 300w, https:\/\/i1.wp.com\/www.stiftsforum.ch\/blog\/wp-content\/uploads\/2022\/12\/image-8.jpeg?resize=768%2C576&amp;ssl=1 768w, https:\/\/i1.wp.com\/www.stiftsforum.ch\/blog\/wp-content\/uploads\/2022\/12\/image-8.jpeg?w=1299&amp;ssl=1 1299w\" sizes=\"(max-width: 800px) 100vw, 800px\" data-recalc-dims=\"1\" \/><\/a><\/figure>\n\n\n\n<p>Am n\u00e4chsten Tag mussten wir leider schon unsere Koffer packen und uns auf den Heimweg begeben. Doch davor besichtigten wir die bekannte \u00abBasilika di S.Antonio\u00bb. Leicht melancholisch kamen wir in die tr\u00fcbe Schweiz zur\u00fcck. Es bleibt uns die gemeinsame Zeit und die unvergesslichen Erinnerungen im Ged\u00e4chtnis.&nbsp;<\/p>\n\n\n\n<figure class=\"wp-block-image\"><img src=\"https:\/\/i0.wp.com\/c1h-word-edit-15.cdn.office.net\/we\/s\/hA3596C17DAD9A003_resources\/1031\/progress.gif?w=800&#038;ssl=1\" alt=\"\" data-recalc-dims=\"1\"\/><\/figure>\n\n\n\n<p>Venedig, Foto von Noelia&nbsp;<\/p>\n","protected":false},"excerpt":{"rendered":"<p>Erg\u00e4nzungsfach BG, 29. August -2.September 2022&nbsp; Es liegt schon l\u00e4nger zur\u00fcck, doch mit zunehmend sinkenden Temperaturen darf auch an den<\/p>\n","protected":false},"author":1,"featured_media":5788,"comment_status":"open","ping_status":"closed","sticky":false,"template":"","format":"standard","meta":{"spay_email":"","jetpack_publicize_message":"","jetpack_is_tweetstorm":false},"categories":[4],"tags":[],"jetpack_featured_media_url":"https:\/\/i1.wp.com\/www.stiftsforum.ch\/blog\/wp-content\/uploads\/2022\/12\/image-6.jpeg?fit=1080%2C1408&ssl=1","jetpack_publicize_connections":[],"jetpack_sharing_enabled":true,"jetpack_shortlink":"https:\/\/wp.me\/p9nzRF-1ve","jetpack_likes_enabled":true,"jetpack-related-posts":[{"id":5678,"url":"https:\/\/www.stiftsforum.ch\/blog\/?p=5678","url_meta":{"origin":5780,"position":0},"title":"Barock im Landesmuseum","date":"November 24, 2022","format":false,"excerpt":"17.November 2022: Symmetrische G\u00e4rten, \u00fcppige Gew\u00e4nder und die katholische Reform, die diesem Zeitalter eine besondere Pr\u00e4gung in Kirchenbau und Fr\u00f6mmigkeit verleiht - in der aktuellen Ausstellung \"Barock - Zeitalter der Kontraste\" werden diese vielf\u00e4ltigen Facetten von Geschichte und Kunst des 17. Jahrhunderts beleuchtet. Die BG-Gruppe der 4a hat sich mit\u2026","rel":"","context":"In &quot;Exkursionen&quot;","img":{"alt_text":"","src":"https:\/\/i0.wp.com\/www.stiftsforum.ch\/blog\/wp-content\/uploads\/2022\/11\/Barockausstellung2-scaled.jpg?fit=1200%2C800&ssl=1&resize=350%2C200","width":350,"height":200},"classes":[]},{"id":6436,"url":"https:\/\/www.stiftsforum.ch\/blog\/?p=6436","url_meta":{"origin":5780,"position":1},"title":"Ein kunsthistorisches Schaufenster f\u00fcr die Schule","date":"September 21, 2023","format":false,"excerpt":"Eine verglaste und beleuchtete Wandnische im 1. Stock des Schulgeb\u00e4udes dient seit vergangener Woche als kleines kunsthistorisches Schaufenster f\u00fcr Objekte aus und zum Kloster. Kunsthistoriker Markus Bamert, der die kl\u00f6sterliche Sammlung leitet, w\u00e4hlte f\u00fcr den September dazu ein Modell aus, das die urspr\u00fcngliche Bauart der Gnadenkapelle zeigen will. Ein Bild\u2026","rel":"","context":"In &quot;Allgemein&quot;","img":{"alt_text":"","src":"https:\/\/i0.wp.com\/www.stiftsforum.ch\/blog\/wp-content\/uploads\/2023\/09\/thumbnail_Guttaeterbuch.jpg?fit=720%2C991&ssl=1&resize=350%2C200","width":350,"height":200},"classes":[]},{"id":4225,"url":"https:\/\/www.stiftsforum.ch\/blog\/?p=4225","url_meta":{"origin":5780,"position":2},"title":"Eine Leidenschaft f\u00fcr die Mathematik","date":"Januar 31, 2021","format":false,"excerpt":"von Cecilia Selsas und Samira Kr\u00e4nzlin, 1d Wir haben Frau Marta Bento interviewt. Sie ist 43 Jahre alt und Mathe-Lehrerin hier an der Stiftschule. Sie hat zwei Kinder, einen Sohn und eine Tochter und eine Katze. Wie gef\u00e4llt es Ihnen an der Stiftschule? Ja, ich liebe diese Schule. Das ist\u2026","rel":"","context":"In &quot;Allgemein&quot;","img":{"alt_text":"","src":"https:\/\/i1.wp.com\/www.stiftsforum.ch\/blog\/wp-content\/uploads\/2021\/01\/Marta.jpg?fit=1200%2C800&ssl=1&resize=350%2C200","width":350,"height":200},"classes":[]},{"id":1550,"url":"https:\/\/www.stiftsforum.ch\/blog\/?p=1550","url_meta":{"origin":5780,"position":3},"title":"Plastik, dein Feind und Helfer","date":"November 21, 2017","format":false,"excerpt":"Plastik \u2013 Ein Wundermaterial. Es gibt wohl nichts, was man aus Plastik nicht herstellen k\u00f6nnte. Jahrzehntelang wurde es bedenkenlos hergestellt, jetzt w\u00e4chst der Zweifel am Kunststoff. Eine Suche nach Alternativen. \u00a0 Es gab eine Zeit, da lebten Dinosaurier auf unserer Welt. Es gab eine Zeit, da bekriegten sich Deutschland und\u2026","rel":"","context":"In &quot;Allgemein&quot;","img":{"alt_text":"","src":"https:\/\/i0.wp.com\/www.stiftsforum.ch\/blog\/wp-content\/uploads\/2017\/11\/AC62852D-3F8E-499C-9ABC-F43245D0CB38.jpeg?fit=1200%2C595&ssl=1&resize=350%2C200","width":350,"height":200},"classes":[]},{"id":4340,"url":"https:\/\/www.stiftsforum.ch\/blog\/?p=4340","url_meta":{"origin":5780,"position":4},"title":"In der kl\u00f6sterlichen Schatzkammer","date":"M\u00e4rz 25, 2021","format":false,"excerpt":"Eine F\u00fchrung mit dem Leiter der Kunstsammlung Markus Bamert (25.3.2021) \u00dcber 4000 Objekte umfasst die gr\u00f6sste Sammlung sakraler Kunst in der Schweiz, die sich im Kloster Einsiedeln befindet. Einer Gruppe von interessierten Lehrpersonen bot der Kunsthistoriker und Restaurator Markus Bamert anhand von ausgew\u00e4hlten Objketen einen spannenden Einblick in die \u00fcber\u2026","rel":"","context":"In &quot;Schule&amp;Kloster&quot;","img":{"alt_text":"","src":"https:\/\/i0.wp.com\/www.stiftsforum.ch\/blog\/wp-content\/uploads\/2021\/03\/20210325_194729_resized.jpg?fit=1024%2C768&ssl=1&resize=350%2C200","width":350,"height":200},"classes":[]},{"id":5484,"url":"https:\/\/www.stiftsforum.ch\/blog\/?p=5484","url_meta":{"origin":5780,"position":5},"title":"Eine dreit\u00e4gige Lateinexkursion nach Trier","date":"Oktober 28, 2022","format":false,"excerpt":"Die Herbstferien nutzte eine gemischte Gruppe aus Lehrern und Stiftssch\u00fclern unter der Leitung von P. Mauritius, um die einstige Residenzstadt des r\u00f6mischen Reiches, Trier (lateinisch: Augusta Treverorum), zu erkunden. Anlass war die diesj\u00e4hrige Landesausstellung mit dem Titel \u00abDer Untergang des r\u00f6mischen Reiches.\u00bb Neben dem Besuch dreier Museen und der Verkostung\u2026","rel":"","context":"In &quot;Schule unterwegs&quot;","img":{"alt_text":"","src":"https:\/\/i2.wp.com\/www.stiftsforum.ch\/blog\/wp-content\/uploads\/2022\/10\/20221013_163009-scaled.jpg?fit=1200%2C900&ssl=1&resize=350%2C200","width":350,"height":200},"classes":[]}],"_links":{"self":[{"href":"https:\/\/www.stiftsforum.ch\/blog\/index.php?rest_route=\/wp\/v2\/posts\/5780"}],"collection":[{"href":"https:\/\/www.stiftsforum.ch\/blog\/index.php?rest_route=\/wp\/v2\/posts"}],"about":[{"href":"https:\/\/www.stiftsforum.ch\/blog\/index.php?rest_route=\/wp\/v2\/types\/post"}],"author":[{"embeddable":true,"href":"https:\/\/www.stiftsforum.ch\/blog\/index.php?rest_route=\/wp\/v2\/users\/1"}],"replies":[{"embeddable":true,"href":"https:\/\/www.stiftsforum.ch\/blog\/index.php?rest_route=%2Fwp%2Fv2%2Fcomments&post=5780"}],"version-history":[{"count":2,"href":"https:\/\/www.stiftsforum.ch\/blog\/index.php?rest_route=\/wp\/v2\/posts\/5780\/revisions"}],"predecessor-version":[{"id":5793,"href":"https:\/\/www.stiftsforum.ch\/blog\/index.php?rest_route=\/wp\/v2\/posts\/5780\/revisions\/5793"}],"wp:featuredmedia":[{"embeddable":true,"href":"https:\/\/www.stiftsforum.ch\/blog\/index.php?rest_route=\/wp\/v2\/media\/5788"}],"wp:attachment":[{"href":"https:\/\/www.stiftsforum.ch\/blog\/index.php?rest_route=%2Fwp%2Fv2%2Fmedia&parent=5780"}],"wp:term":[{"taxonomy":"category","embeddable":true,"href":"https:\/\/www.stiftsforum.ch\/blog\/index.php?rest_route=%2Fwp%2Fv2%2Fcategories&post=5780"},{"taxonomy":"post_tag","embeddable":true,"href":"https:\/\/www.stiftsforum.ch\/blog\/index.php?rest_route=%2Fwp%2Fv2%2Ftags&post=5780"}],"curies":[{"name":"wp","href":"https:\/\/api.w.org\/{rel}","templated":true}]}}