{"id":5993,"date":"2023-01-09T16:57:38","date_gmt":"2023-01-09T15:57:38","guid":{"rendered":"http:\/\/www.stiftsforum.ch\/blog\/?p=5993"},"modified":"2023-06-26T15:46:32","modified_gmt":"2023-06-26T14:46:32","slug":"macht-mit-bei-der-foto-challenge","status":"publish","type":"post","link":"https:\/\/www.stiftsforum.ch\/blog\/?p=5993","title":{"rendered":"Macht mit bei der Foto Challenge!"},"content":{"rendered":"\n<p><em>Raya und Lill<\/em>y<\/p>\n\n\n\n<p>Die Stiftsschule Einsiedeln organisiert wie bereits erw\u00e4hnt eine Fotochallenge, bei der alle Sch\u00fcler*innen eingeladen sind. Also schnappt euch eure Kamera und begebt euch ins Schneegest\u00f6ber! Egal ob spielende Tiere im Schnee oder tolle Winterlandschaften \u2013 alles ist erlaubt. Hauptsache, das Thema \u00abWinter\u00bb ist im Bild deutlich wiederzuerkennen.<\/p>\n\n\n\n<p>Abgabe bis am 31 Januar, verwendet dazu den Link, der von Frau Quanbrough verschickt wurde. Es winken tolle Preise. \ud83d\ude09<\/p>\n","protected":false},"excerpt":{"rendered":"<p>Raya und Lilly Die Stiftsschule Einsiedeln organisiert wie bereits erw\u00e4hnt eine Fotochallenge, bei der alle Sch\u00fcler*innen eingeladen sind. Also schnappt<\/p>\n","protected":false},"author":1,"featured_media":5995,"comment_status":"open","ping_status":"closed","sticky":false,"template":"","format":"standard","meta":{"spay_email":"","jetpack_publicize_message":"","jetpack_is_tweetstorm":false},"categories":[3,10,4,78],"tags":[],"jetpack_featured_media_url":"https:\/\/i1.wp.com\/www.stiftsforum.ch\/blog\/wp-content\/uploads\/2023\/01\/Image-1.jpeg?fit=2217%2C1870&ssl=1","jetpack_publicize_connections":[],"jetpack_sharing_enabled":true,"jetpack_shortlink":"https:\/\/wp.me\/p9nzRF-1yF","jetpack_likes_enabled":true,"jetpack-related-posts":[{"id":5028,"url":"https:\/\/www.stiftsforum.ch\/blog\/?p=5028","url_meta":{"origin":5993,"position":0},"title":"Et pervenies - das erste Semester ist geschafft!","date":"Januar 25, 2022","format":false,"excerpt":"von Sophia Br\u00fcllmann, 1c Sporttag, Herbstwandertag, die Einkehrtage im Melchtal f\u00fcr die Erstkl\u00e4ssler. In diesem ersten Semester des Schuljahres 21\/22 ist echt viel gelaufen. Und auch wir, die Schulredaktion, haben fleissig Berichte \u00fcber das Leben an der Stiftsschule geschrieben, Events dokumentiert und Podcasts aufgenommen. Doch bald geht dieses Halbjahr auch\u2026","rel":"","context":"In &quot;Allgemein&quot;","img":{"alt_text":"","src":"https:\/\/i0.wp.com\/www.stiftsforum.ch\/blog\/wp-content\/uploads\/2022\/01\/Titelbild_Et-pervenies-das-erste-Semester-ist-geschafft-scaled.jpg?fit=1200%2C900&ssl=1&resize=350%2C200","width":350,"height":200},"classes":[]},{"id":6089,"url":"https:\/\/www.stiftsforum.ch\/blog\/?p=6089","url_meta":{"origin":5993,"position":1},"title":"\"Es ist ein schwieriges Fortkommen vom Pass\"","date":"Februar 15, 2023","format":false,"excerpt":"von Francesco De Vecchi Der Roman Momo wird als Ballett aufgef\u00fchrt (\u201aTIME\u2018, Origen Festival). Ja, aber wie stellt man klug dar, dass jemand zuh\u00f6rt? Wie tanzt man Zeit? \u2013 Solche und \u00e4hnliche Fragen stellen wir einander auf der Fahrt zu unserem aussergew\u00f6hnlichen Ballettbesuch. Wir sind f\u00fcnf Mitglieder der Stiftsschule auf\u2026","rel":"","context":"In &quot;Allgemein&quot;","img":{"alt_text":"","src":"https:\/\/i0.wp.com\/www.stiftsforum.ch\/blog\/wp-content\/uploads\/2023\/02\/foto-4.jpg?fit=900%2C1200&ssl=1&resize=350%2C200","width":350,"height":200},"classes":[]},{"id":6289,"url":"https:\/\/www.stiftsforum.ch\/blog\/?p=6289","url_meta":{"origin":5993,"position":2},"title":"B\u00e4ume f\u00fcr eine umweltbewusste Zukunft - Das Kloster pflanzt drei Baumalleen","date":"April 23, 2023","format":false,"excerpt":"\u00abWerde mit deiner Klasse Baum-Pate\u00bb, hiess es bereits im Dezember an der Stiftsschule. Das Kloster informierte dar\u00fcber, dass im Fr\u00fchjahr im Rahmen eines kantonalen Projekts 50 neue B\u00e4ume rund um das Klostergel\u00e4nde gepflanzt werden w\u00fcrden und Schulklassen, Lehrpersonen und Klosterangestellte Baumpatenschaften \u00fcbernehmen k\u00f6nnten. Diese Woche war es nun soweit: Die\u2026","rel":"","context":"In &quot;Allgemein&quot;","img":{"alt_text":"","src":"https:\/\/i2.wp.com\/www.stiftsforum.ch\/blog\/wp-content\/uploads\/2023\/04\/Baumallee-1.jpg?fit=1200%2C900&ssl=1&resize=350%2C200","width":350,"height":200},"classes":[]},{"id":6144,"url":"https:\/\/www.stiftsforum.ch\/blog\/?p=6144","url_meta":{"origin":5993,"position":3},"title":"Erinnerungen, Memes, Lehrerspr\u00fcche -  Ein Interview mit Noelia, 6c","date":"April 3, 2023","format":false,"excerpt":"Was ist die Maturazeitung?Die Maturazeitung ist ein Projekt, welches jedes Jahr vom Maturazeitungskomitee (jede\/r Sechstkl\u00e4ssler\/in w\u00e4hlt sich ein Komitee aus, um ein gr\u00f6sseres Event zu planen. zB: Maturazeitung, LSD, Neujahrsball, Maturaparty) zusammengestellt und designt. Darin befinden sich Erinnerungen, Fotos, Lehrerbeschreibungen, Rankings und vieles mehr.Was ist in\/beinhaltet die Maturazeitung?Kinderfotos & aktuelle\u2026","rel":"","context":"In &quot;Allgemein&quot;","img":{"alt_text":"","src":"https:\/\/i1.wp.com\/www.stiftsforum.ch\/blog\/wp-content\/uploads\/2023\/04\/storytelling-ged2351946_1920.jpg?fit=1200%2C675&ssl=1&resize=350%2C200","width":350,"height":200},"classes":[]},{"id":4552,"url":"https:\/\/www.stiftsforum.ch\/blog\/?p=4552","url_meta":{"origin":5993,"position":4},"title":"Fotostory: Herbstwandertag 2021","date":"Oktober 20, 2021","format":false,"excerpt":"Fotos: Sch\u00fclerinnen und Sch\u00fcler der 1b","rel":"","context":"In &quot;Schule unterwegs&quot;","img":{"alt_text":"","src":"https:\/\/i0.wp.com\/www.stiftsforum.ch\/blog\/wp-content\/uploads\/2021\/10\/IMG-20211020-WA0025.jpg?fit=1200%2C900&ssl=1&resize=350%2C200","width":350,"height":200},"classes":[]},{"id":5992,"url":"https:\/\/www.stiftsforum.ch\/blog\/?p=5992","url_meta":{"origin":5993,"position":5},"title":"Erheb deine Stimme bei der Sch\u00fclerorganisation","date":"Januar 9, 2023","format":false,"excerpt":"Von Nina und Catherine Hast du Ideen, wie du das Leben an der Stiftsschule mit kleinen \u00c4nderungen verbessern kannst? Hast du Lust, aktiver in der Schule mitzuwirken? W\u00fcrdest du gerne die Sch\u00fclerschaft vertreten? Dann solltest du dich bis zum 13.1. bei Frau Sch\u00f6nb\u00e4chler melden. Dann schick die Bewerbung mit einem\u2026","rel":"","context":"In &quot;Allgemein&quot;","img":{"alt_text":"","src":"https:\/\/i2.wp.com\/www.stiftsforum.ch\/blog\/wp-content\/uploads\/2023\/01\/social-media-g6964ed53d_1920.jpg?fit=1200%2C800&ssl=1&resize=350%2C200","width":350,"height":200},"classes":[]}],"_links":{"self":[{"href":"https:\/\/www.stiftsforum.ch\/blog\/index.php?rest_route=\/wp\/v2\/posts\/5993"}],"collection":[{"href":"https:\/\/www.stiftsforum.ch\/blog\/index.php?rest_route=\/wp\/v2\/posts"}],"about":[{"href":"https:\/\/www.stiftsforum.ch\/blog\/index.php?rest_route=\/wp\/v2\/types\/post"}],"author":[{"embeddable":true,"href":"https:\/\/www.stiftsforum.ch\/blog\/index.php?rest_route=\/wp\/v2\/users\/1"}],"replies":[{"embeddable":true,"href":"https:\/\/www.stiftsforum.ch\/blog\/index.php?rest_route=%2Fwp%2Fv2%2Fcomments&post=5993"}],"version-history":[{"count":3,"href":"https:\/\/www.stiftsforum.ch\/blog\/index.php?rest_route=\/wp\/v2\/posts\/5993\/revisions"}],"predecessor-version":[{"id":6388,"href":"https:\/\/www.stiftsforum.ch\/blog\/index.php?rest_route=\/wp\/v2\/posts\/5993\/revisions\/6388"}],"wp:featuredmedia":[{"embeddable":true,"href":"https:\/\/www.stiftsforum.ch\/blog\/index.php?rest_route=\/wp\/v2\/media\/5995"}],"wp:attachment":[{"href":"https:\/\/www.stiftsforum.ch\/blog\/index.php?rest_route=%2Fwp%2Fv2%2Fmedia&parent=5993"}],"wp:term":[{"taxonomy":"category","embeddable":true,"href":"https:\/\/www.stiftsforum.ch\/blog\/index.php?rest_route=%2Fwp%2Fv2%2Fcategories&post=5993"},{"taxonomy":"post_tag","embeddable":true,"href":"https:\/\/www.stiftsforum.ch\/blog\/index.php?rest_route=%2Fwp%2Fv2%2Ftags&post=5993"}],"curies":[{"name":"wp","href":"https:\/\/api.w.org\/{rel}","templated":true}]}}