{"id":6076,"date":"2023-02-06T16:58:47","date_gmt":"2023-02-06T15:58:47","guid":{"rendered":"http:\/\/www.stiftsforum.ch\/blog\/?p=6076"},"modified":"2023-02-06T19:25:52","modified_gmt":"2023-02-06T18:25:52","slug":"die-populaersten-gerichte-in-der-mensa","status":"publish","type":"post","link":"https:\/\/www.stiftsforum.ch\/blog\/?p=6076","title":{"rendered":"Die popul\u00e4rsten Gerichte in der Mensa"},"content":{"rendered":"\n<p><em>Von Sophia Br\u00fcllmann und Carla Barahona (2c)<\/em><\/p>\n\n\n\n<p>Wenn um ungef\u00e4hr 12:06 die Schlangen vor den Mensat\u00fcren wieder mal besonders lang sind, dann kann man davon ausgehen, dass es irgendetwas sehr Leckeres gibt, bei dem sich die Jugendlichen auch gern ein- (oder zweimal :)) Nachschlag holen. Doch was sind das eigentlich f\u00fcr Gerichte? Welche Men\u00fcs schmecken uns Stiftssch\u00fcler:innen besonders gut? Wir haben eine Umfrage gemacht, welche Gerichte den Stiftssch\u00fcler:innen am besten geschmeckt haben.<\/p>\n\n\n\n<p>Zur Auswahl standen in der Umfrage unter anderem die Paninischnitte, das mexikanische Quorn-Geschnetzelte oder das Schweinsh\u00fcftschnitzel.<\/p>\n\n\n\n<p>Nach unseren hochtechnologischen Auswertungen sind wir zum Schluss gekommen \u2026<\/p>\n\n\n\n<p>\u2026 dass die Einsiedler Bauernbratwurst mit W\u00fcrfelkartoffeln die Umfrage gewonnen hat!<\/p>\n\n\n\n<p>Weiter Informationen und Ergebnisse zu unserer Umfrage findet Ihr hier:<\/p>\n\n\n\n<p><\/p>\n\n\n\n<figure class=\"wp-block-image size-large\"><a href=\"https:\/\/i2.wp.com\/www.stiftsforum.ch\/blog\/wp-content\/uploads\/2023\/02\/image.png\"><img data-attachment-id=\"6078\" data-permalink=\"https:\/\/www.stiftsforum.ch\/blog\/?attachment_id=6078\" data-orig-file=\"https:\/\/i2.wp.com\/www.stiftsforum.ch\/blog\/wp-content\/uploads\/2023\/02\/image.png?fit=843%2C1033&amp;ssl=1\" data-orig-size=\"843,1033\" data-comments-opened=\"1\" data-image-meta=\"{&quot;aperture&quot;:&quot;0&quot;,&quot;credit&quot;:&quot;&quot;,&quot;camera&quot;:&quot;&quot;,&quot;caption&quot;:&quot;&quot;,&quot;created_timestamp&quot;:&quot;0&quot;,&quot;copyright&quot;:&quot;&quot;,&quot;focal_length&quot;:&quot;0&quot;,&quot;iso&quot;:&quot;0&quot;,&quot;shutter_speed&quot;:&quot;0&quot;,&quot;title&quot;:&quot;&quot;,&quot;orientation&quot;:&quot;0&quot;}\" data-image-title=\"image\" data-image-description=\"\" data-medium-file=\"https:\/\/i2.wp.com\/www.stiftsforum.ch\/blog\/wp-content\/uploads\/2023\/02\/image.png?fit=245%2C300&amp;ssl=1\" data-large-file=\"https:\/\/i2.wp.com\/www.stiftsforum.ch\/blog\/wp-content\/uploads\/2023\/02\/image.png?fit=800%2C980&amp;ssl=1\" loading=\"lazy\" width=\"800\" height=\"980\" src=\"https:\/\/i2.wp.com\/www.stiftsforum.ch\/blog\/wp-content\/uploads\/2023\/02\/image.png?resize=800%2C980\" alt=\"\" class=\"wp-image-6078\" srcset=\"https:\/\/i2.wp.com\/www.stiftsforum.ch\/blog\/wp-content\/uploads\/2023\/02\/image.png?resize=836%2C1024&amp;ssl=1 836w, https:\/\/i2.wp.com\/www.stiftsforum.ch\/blog\/wp-content\/uploads\/2023\/02\/image.png?resize=245%2C300&amp;ssl=1 245w, https:\/\/i2.wp.com\/www.stiftsforum.ch\/blog\/wp-content\/uploads\/2023\/02\/image.png?resize=768%2C941&amp;ssl=1 768w, https:\/\/i2.wp.com\/www.stiftsforum.ch\/blog\/wp-content\/uploads\/2023\/02\/image.png?w=843&amp;ssl=1 843w\" sizes=\"(max-width: 800px) 100vw, 800px\" data-recalc-dims=\"1\" \/><\/a><\/figure>\n","protected":false},"excerpt":{"rendered":"<p>Von Sophia Br\u00fcllmann und Carla Barahona (2c) Wenn um ungef\u00e4hr 12:06 die Schlangen vor den Mensat\u00fcren wieder mal besonders lang<\/p>\n","protected":false},"author":1,"featured_media":6079,"comment_status":"open","ping_status":"closed","sticky":false,"template":"","format":"standard","meta":{"spay_email":"","jetpack_publicize_message":"","jetpack_is_tweetstorm":false},"categories":[3,1],"tags":[],"jetpack_featured_media_url":"https:\/\/i1.wp.com\/www.stiftsforum.ch\/blog\/wp-content\/uploads\/2023\/02\/food-g9bce975d5_1920.jpg?fit=1920%2C1280&ssl=1","jetpack_publicize_connections":[],"jetpack_sharing_enabled":true,"jetpack_shortlink":"https:\/\/wp.me\/p9nzRF-1A0","jetpack_likes_enabled":true,"jetpack-related-posts":[{"id":5433,"url":"https:\/\/www.stiftsforum.ch\/blog\/?p=5433","url_meta":{"origin":6076,"position":0},"title":"\" Einsiedeln ist f\u00fcr mich ein Kraftort\"","date":"Oktober 17, 2022","format":false,"excerpt":"Frau Nardini ist seit diesem Jahr die neue Italienischlehrerin. Um sie besser kennenzulernen haben wir sie interviewt. Ein Beitrag von Nina Ackermann Waren Sie eine gute Sch\u00fclerin? Ich war eine sehr fleissige Sch\u00fclerin. Deutsch und Englisch waren nicht so meine St\u00e4rken, die romanischen Sprachen, wie Franz\u00f6sisch, hingegen schon. In Latein\u2026","rel":"","context":"In &quot;Interview&quot;","img":{"alt_text":"","src":"https:\/\/i2.wp.com\/www.stiftsforum.ch\/blog\/wp-content\/uploads\/2022\/10\/Image.jpeg?fit=663%2C1200&ssl=1&resize=350%2C200","width":350,"height":200},"classes":[]},{"id":4770,"url":"https:\/\/www.stiftsforum.ch\/blog\/?p=4770","url_meta":{"origin":6076,"position":1},"title":"7 Tage Quarant\u00e4ne - Tipps und Tricks zum \u00dcberleben","date":"November 16, 2021","format":false,"excerpt":"Von Sophia Br\u00fcllmann (1c) Eine Woche Quarant\u00e4ne. Zuerst denkt man sich, cool, l\u00e4nger Freizeit f\u00fcr gamen und Netflix, aber ich sage euch, mit der Zeit \u00e4ndert sich eure Meinung. Aber, beginnen wir ganz am Anfang. Quarant\u00e4ne-Nachteil 1: Homeschooling organisieren Zuerst musste ich das Homeschooling organisieren. Quarant\u00e4ne-Nachteil 1. Dazu schrieb ich\u2026","rel":"","context":"In &quot;Allgemein&quot;","img":{"alt_text":"","src":"https:\/\/i2.wp.com\/www.stiftsforum.ch\/blog\/wp-content\/uploads\/2021\/11\/quarantine-g313d1e3a2_1280-neu.png?fit=1200%2C676&ssl=1&resize=350%2C200","width":350,"height":200},"classes":[]},{"id":1525,"url":"https:\/\/www.stiftsforum.ch\/blog\/?p=1525","url_meta":{"origin":6076,"position":2},"title":"Einweihung des neuen Internatstraktes der Stiftsschule und 10 Jahre Internat \u00e0 la carte","date":"November 17, 2017","format":false,"excerpt":"R\u00fcckblick, Einblick und Ausblick Vergangen Donnerstag wurde der neue Internatstrakt der Stiftsschule Einsiedeln feierlich er\u00f6ffnet. Zu den bestehenden 45 Zimmer kommen durch den Umbau 8 zus\u00e4tzliche Zimmer hinzu. Die r\u00e4umliche Endgr\u00f6sse ist nun nach 10 Jahren erreicht. Abt Urban weihte die neuen R\u00e4umlichkeiten feierlich ein, beim anschliessenden Ap\u00e9ro konnten die\u2026","rel":"","context":"In &quot;Allgemein&quot;","img":{"alt_text":"","src":"https:\/\/i2.wp.com\/www.stiftsforum.ch\/blog\/wp-content\/uploads\/2017\/11\/bild-1.jpg?fit=659%2C600&ssl=1&resize=350%2C200","width":350,"height":200},"classes":[]},{"id":4742,"url":"https:\/\/www.stiftsforum.ch\/blog\/?p=4742","url_meta":{"origin":6076,"position":3},"title":"Worin besteht die Faszination der Dialektologie, Herr Obradovic?","date":"November 15, 2021","format":false,"excerpt":"Tom Obradovic ist Germanist und derzeit als Praktikant in den Klassen 1b, 2d und 3a an der Stiftsschule t\u00e4tig. Er ist Absolvent der Universtit\u00e4t Z\u00fcrich und arbeitet auch am Schweizerischen Idiotikon, dem offiziellen Mundartlexikon der Schweiz, mit. Was macht ein Dialektologe? Dialektologen befassen sich mit der Erforschung von Dialekten. Urspr\u00fcnglich\u2026","rel":"","context":"In &quot;Allgemein&quot;","img":{"alt_text":"","src":"https:\/\/i2.wp.com\/www.stiftsforum.ch\/blog\/wp-content\/uploads\/2021\/11\/IMG_8115-scaled.jpg?fit=1200%2C627&ssl=1&resize=350%2C200","width":350,"height":200},"classes":[]},{"id":5082,"url":"https:\/\/www.stiftsforum.ch\/blog\/?p=5082","url_meta":{"origin":6076,"position":4},"title":"\"Oftmals liege ich einfach im Bett und die Inspiration kommt zu mir.\"","date":"M\u00e4rz 15, 2022","format":false,"excerpt":"Wir haben Adriana Bamert interviewt. Die ehemalige Stiftssch\u00fclerin macht ein Austauschjahr in den USA und hat vor kurzem ihren zweiten Song herausgebracht.\u00a0 von Jil und Ricarda Wieso hast du deinen ersten Song herausgebracht?\u00a0Ich wollte schon l\u00e4nger starten, eigene Songs zu schreiben, war aber ehrlich gesagt z\u00f6gerlich! Dies haupts\u00e4chlich, da ich\u2026","rel":"","context":"In &quot;Allgemein&quot;","img":{"alt_text":"","src":"https:\/\/i1.wp.com\/www.stiftsforum.ch\/blog\/wp-content\/uploads\/2022\/03\/c127910b-22ea-4cfd-afbe-47f9d7edf858-1.jpg?fit=644%2C800&ssl=1&resize=350%2C200","width":350,"height":200},"classes":[]},{"id":5346,"url":"https:\/\/www.stiftsforum.ch\/blog\/?p=5346","url_meta":{"origin":6076,"position":5},"title":"Neues an der Stiftsschule","date":"September 26, 2022","format":false,"excerpt":"von Sophia Br\u00fcllmann und Carla Barahona Wie jedes Jahr gibt es immer wieder Neues an der Stiftsschule. Doch habt ihr euch eigentlich schonmal gefragt, was genau? Hier verschaffen wir euch einen \u00dcberblick. Neue Lehrer Sie haben sich an der Er\u00f6ffnungsveranstaltung zwar schonmal kurz vorgestellt, ein paar von euch haben sie\u2026","rel":"","context":"In &quot;Allgemein&quot;","img":{"alt_text":"","src":"https:\/\/i0.wp.com\/www.stiftsforum.ch\/blog\/wp-content\/uploads\/2022\/09\/1B86BC34-869A-4AAC-ACCE-FBAEB4BC00CD-scaled.jpeg?fit=1200%2C900&ssl=1&resize=350%2C200","width":350,"height":200},"classes":[]}],"_links":{"self":[{"href":"https:\/\/www.stiftsforum.ch\/blog\/index.php?rest_route=\/wp\/v2\/posts\/6076"}],"collection":[{"href":"https:\/\/www.stiftsforum.ch\/blog\/index.php?rest_route=\/wp\/v2\/posts"}],"about":[{"href":"https:\/\/www.stiftsforum.ch\/blog\/index.php?rest_route=\/wp\/v2\/types\/post"}],"author":[{"embeddable":true,"href":"https:\/\/www.stiftsforum.ch\/blog\/index.php?rest_route=\/wp\/v2\/users\/1"}],"replies":[{"embeddable":true,"href":"https:\/\/www.stiftsforum.ch\/blog\/index.php?rest_route=%2Fwp%2Fv2%2Fcomments&post=6076"}],"version-history":[{"count":4,"href":"https:\/\/www.stiftsforum.ch\/blog\/index.php?rest_route=\/wp\/v2\/posts\/6076\/revisions"}],"predecessor-version":[{"id":6086,"href":"https:\/\/www.stiftsforum.ch\/blog\/index.php?rest_route=\/wp\/v2\/posts\/6076\/revisions\/6086"}],"wp:featuredmedia":[{"embeddable":true,"href":"https:\/\/www.stiftsforum.ch\/blog\/index.php?rest_route=\/wp\/v2\/media\/6079"}],"wp:attachment":[{"href":"https:\/\/www.stiftsforum.ch\/blog\/index.php?rest_route=%2Fwp%2Fv2%2Fmedia&parent=6076"}],"wp:term":[{"taxonomy":"category","embeddable":true,"href":"https:\/\/www.stiftsforum.ch\/blog\/index.php?rest_route=%2Fwp%2Fv2%2Fcategories&post=6076"},{"taxonomy":"post_tag","embeddable":true,"href":"https:\/\/www.stiftsforum.ch\/blog\/index.php?rest_route=%2Fwp%2Fv2%2Ftags&post=6076"}],"curies":[{"name":"wp","href":"https:\/\/api.w.org\/{rel}","templated":true}]}}