{"id":6098,"date":"2023-02-18T12:37:37","date_gmt":"2023-02-18T11:37:37","guid":{"rendered":"http:\/\/www.stiftsforum.ch\/blog\/?p=6098"},"modified":"2023-02-18T12:41:53","modified_gmt":"2023-02-18T11:41:53","slug":"die-1c-news","status":"publish","type":"post","link":"https:\/\/www.stiftsforum.ch\/blog\/?p=6098","title":{"rendered":"Die 1c News"},"content":{"rendered":"\n<p>Im Rahmen des Deutschunterrichts gab die 1c letzte Woche die erste Ausgabe ihrer Klassenzeitung &#8220;1c News&#8221; heraus. Im Anhang eine Onlinevariante mit spannenden Reportagen zu Georgien und \u00c4gypten, neuen Hobbys wie Inlinehockey oder Orientierungslauf und Portraits von Madame Doro und Michi K\u00e4lin. <\/p>\n\n\n\n<div class=\"wp-block-file\"><a href=\"http:\/\/www.stiftsforum.ch\/blog\/wp-content\/uploads\/2023\/02\/1c-News.pdf\">Klassenzeitung 1c-News<\/a><a href=\"http:\/\/www.stiftsforum.ch\/blog\/wp-content\/uploads\/2023\/02\/1c-News.pdf\" class=\"wp-block-file__button\" download>Herunterladen<\/a><\/div>\n","protected":false},"excerpt":{"rendered":"<p>Im Rahmen des Deutschunterrichts gab die 1c letzte Woche die erste Ausgabe ihrer Klassenzeitung &#8220;1c News&#8221; heraus. Im Anhang eine<\/p>\n","protected":false},"author":1,"featured_media":6103,"comment_status":"open","ping_status":"closed","sticky":false,"template":"","format":"standard","meta":{"spay_email":"","jetpack_publicize_message":"","jetpack_is_tweetstorm":false},"categories":[3,42],"tags":[],"jetpack_featured_media_url":"https:\/\/i0.wp.com\/www.stiftsforum.ch\/blog\/wp-content\/uploads\/2023\/02\/newspaper-1.png?fit=926%2C797&ssl=1","jetpack_publicize_connections":[],"jetpack_sharing_enabled":true,"jetpack_shortlink":"https:\/\/wp.me\/p9nzRF-1Am","jetpack_likes_enabled":true,"jetpack-related-posts":[{"id":5263,"url":"https:\/\/www.stiftsforum.ch\/blog\/?p=5263","url_meta":{"origin":6098,"position":0},"title":"Herzlich willkommen! Die Erstkl\u00e4ssler sind gut ins neue Schuljahr gestartet","date":"September 2, 2022","format":false,"excerpt":"Die 1c im Interview Wie war Dein Start an der Schule? \u201eIch war sehr nerv\u00f6s, ich kannte niemanden. Es war ein neuer Start, aber irgendwie freute ich mich auch.\u201c Tobias, 1c \u201eDer Start an der Schule ist mir gelungen.\u201c Johanna, 1c Warum bist Du nach Einsiedeln gekommen? \u201eIn meiner Schule\u2026","rel":"","context":"In &quot;Allgemein&quot;","img":{"alt_text":"","src":"https:\/\/i0.wp.com\/www.stiftsforum.ch\/blog\/wp-content\/uploads\/2022\/09\/Foto-1c-3.jpg?fit=960%2C720&ssl=1&resize=350%2C200","width":350,"height":200},"classes":[]},{"id":5652,"url":"https:\/\/www.stiftsforum.ch\/blog\/?p=5652","url_meta":{"origin":6098,"position":1},"title":"Arch\u00e4ologie Schweiz - Sch\u00e4tze aus alter Zeit","date":"November 14, 2022","format":false,"excerpt":"Die Klassen 1b & 1c der Stiftsschule Einsiedeln besuchten das Landesmuseum in Z\u00fcrich. J\u00fcrg Rohner organisierte die Exkursion im Rahmen des Geschichtsunterrichts. \u2022\u00a0\u00a0\u00a0\u00a0\u00a0 Was war der Anlass, um ins Landesmuseum zu fahren? Im Unterricht behandeln wir die Vorgeschichte, also die Zeit, von der es keine schriftlichen Quellen gibt. Ferner haben\u2026","rel":"","context":"In &quot;Exkursionen&quot;","img":{"alt_text":"","src":"https:\/\/i1.wp.com\/www.stiftsforum.ch\/blog\/wp-content\/uploads\/2022\/11\/20221107_110058-1-scaled.jpg?fit=1200%2C900&ssl=1&resize=350%2C200","width":350,"height":200},"classes":[]},{"id":4539,"url":"https:\/\/www.stiftsforum.ch\/blog\/?p=4539","url_meta":{"origin":6098,"position":2},"title":"Sporttag - Das Programm","date":"Oktober 19, 2021","format":false,"excerpt":"Postenlauf: Posten 1: Megamemory Die ganze Klasse musste im Uhrzeigersinn immer zwei Memoryk\u00e4rtchen aufdecken. Auf dem Memory waren die Lehrer der Sch\u00fcler. Posten 2: Galeerentransport Pro Klasse gab es zwei Gruppen. Jede Gruppe musste auf einem Flos zur Boje und zur\u00fcckpaddeln. Die beiden Zeiten wurden dann zusammengez\u00e4hlt. Posten 3: Garettenrennen\u2026","rel":"","context":"In &quot;Schulanl\u00e4sse&quot;","img":{"alt_text":"","src":"https:\/\/i0.wp.com\/www.stiftsforum.ch\/blog\/wp-content\/uploads\/2021\/10\/IMG_7803.jpg?fit=1200%2C800&ssl=1&resize=350%2C200","width":350,"height":200},"classes":[]},{"id":6186,"url":"https:\/\/www.stiftsforum.ch\/blog\/?p=6186","url_meta":{"origin":6098,"position":3},"title":"Ein Tier, welches nie mehr die wilde Freiheit erleben kann","date":"April 6, 2023","format":false,"excerpt":"Finn Kopfstein, 1c, \u00fcber Rilkes Gedicht \"Der Panther\" Das Gedicht \"Der Panther\" von Rainer Maria Rilke besteht aus 3 Strophen und 12 Versen. Der Autor lebte in Paris, wo auch diese Geschichte spielt. Aus diesem Grund w\u00e4re es sogar m\u00f6glich, m\u00f6glich, dass dies eine eigene Beobachtung Rilkes war.Es handelt sich\u2026","rel":"","context":"In &quot;Allgemein&quot;","img":{"alt_text":"","src":"https:\/\/i1.wp.com\/www.stiftsforum.ch\/blog\/wp-content\/uploads\/2023\/04\/big-cat-g8b73dec8b_1920.jpg?fit=1200%2C900&ssl=1&resize=350%2C200","width":350,"height":200},"classes":[]},{"id":4537,"url":"https:\/\/www.stiftsforum.ch\/blog\/?p=4537","url_meta":{"origin":6098,"position":4},"title":"\u00abAm sch\u00f6nsten war, dass wir alle gemeinsam unterwegs waren\u00bb","date":"Oktober 19, 2021","format":false,"excerpt":"Besinnungstage im Melchtal Die Erstkl\u00e4ssler*innen der Stiftsschule Einsiedeln fuhren ins Melchtal (OW) f\u00fcr drei turbulente Tage voller Spass und Zusammensein von Viviana Lindemann und Sophia Br\u00fcllmann (1a und 1c) Mittwoch, 29.9.2021 Fr\u00fchmorgens, um 8:20, versammelten wir uns am Biberbrugger Bahnhof. Wir, das waren die Klassen 1 a, b und c,\u2026","rel":"","context":"In &quot;Schulanl\u00e4sse&quot;","img":{"alt_text":"","src":"https:\/\/i1.wp.com\/www.stiftsforum.ch\/blog\/wp-content\/uploads\/2021\/10\/DSCN0394-scaled.jpg?fit=1200%2C900&ssl=1&resize=350%2C200","width":350,"height":200},"classes":[]},{"id":5083,"url":"https:\/\/www.stiftsforum.ch\/blog\/?p=5083","url_meta":{"origin":6098,"position":5},"title":"Stiftsschule hilft der Ukraine mit Sachspenden","date":"April 5, 2022","format":false,"excerpt":"Die Stiftsschule Einsiedeln spendet auch Sachspenden f\u00fcr die Opfer des Ukraine-Krieges. In einem Zimmer der Schulseelsorge liegen Boxen mit vielen verschieden Hilfsg\u00fctern auf. Es gibt haufenweise Bohnen und andere Dosen mit sehr viel Essen. Aber nicht nur Essen wird gespendet. Hygieneartikel wie Zahnpasta oder Duschgel, aber auch neu gekaufte Socken\u2026","rel":"","context":"In &quot;Allgemein&quot;","img":{"alt_text":"","src":"https:\/\/i1.wp.com\/www.stiftsforum.ch\/blog\/wp-content\/uploads\/2022\/04\/MicrosoftTeams-image-3.jpg?fit=1200%2C900&ssl=1&resize=350%2C200","width":350,"height":200},"classes":[]}],"_links":{"self":[{"href":"https:\/\/www.stiftsforum.ch\/blog\/index.php?rest_route=\/wp\/v2\/posts\/6098"}],"collection":[{"href":"https:\/\/www.stiftsforum.ch\/blog\/index.php?rest_route=\/wp\/v2\/posts"}],"about":[{"href":"https:\/\/www.stiftsforum.ch\/blog\/index.php?rest_route=\/wp\/v2\/types\/post"}],"author":[{"embeddable":true,"href":"https:\/\/www.stiftsforum.ch\/blog\/index.php?rest_route=\/wp\/v2\/users\/1"}],"replies":[{"embeddable":true,"href":"https:\/\/www.stiftsforum.ch\/blog\/index.php?rest_route=%2Fwp%2Fv2%2Fcomments&post=6098"}],"version-history":[{"count":1,"href":"https:\/\/www.stiftsforum.ch\/blog\/index.php?rest_route=\/wp\/v2\/posts\/6098\/revisions"}],"predecessor-version":[{"id":6101,"href":"https:\/\/www.stiftsforum.ch\/blog\/index.php?rest_route=\/wp\/v2\/posts\/6098\/revisions\/6101"}],"wp:featuredmedia":[{"embeddable":true,"href":"https:\/\/www.stiftsforum.ch\/blog\/index.php?rest_route=\/wp\/v2\/media\/6103"}],"wp:attachment":[{"href":"https:\/\/www.stiftsforum.ch\/blog\/index.php?rest_route=%2Fwp%2Fv2%2Fmedia&parent=6098"}],"wp:term":[{"taxonomy":"category","embeddable":true,"href":"https:\/\/www.stiftsforum.ch\/blog\/index.php?rest_route=%2Fwp%2Fv2%2Fcategories&post=6098"},{"taxonomy":"post_tag","embeddable":true,"href":"https:\/\/www.stiftsforum.ch\/blog\/index.php?rest_route=%2Fwp%2Fv2%2Ftags&post=6098"}],"curies":[{"name":"wp","href":"https:\/\/api.w.org\/{rel}","templated":true}]}}