{"id":6144,"date":"2023-04-03T15:33:41","date_gmt":"2023-04-03T14:33:41","guid":{"rendered":"http:\/\/www.stiftsforum.ch\/blog\/?p=6144"},"modified":"2023-04-03T15:46:29","modified_gmt":"2023-04-03T14:46:29","slug":"erinnerungen-memes-lehrersprueche-ein-interview-mit-noelia-6c","status":"publish","type":"post","link":"https:\/\/www.stiftsforum.ch\/blog\/?p=6144","title":{"rendered":"Erinnerungen, Memes, Lehrerspr\u00fcche &#8211;  Ein Interview mit Noelia, 6c"},"content":{"rendered":"\n<p><strong>Was ist die Maturazeitung?<\/strong><br>Die Maturazeitung ist ein Projekt, welches jedes Jahr vom Maturazeitungskomitee (jede\/r Sechstkl\u00e4ssler\/in w\u00e4hlt sich ein Komitee aus, um ein gr\u00f6sseres Event zu planen. zB: Maturazeitung, LSD, Neujahrsball, Maturaparty) zusammengestellt und designt. Darin befinden sich Erinnerungen, Fotos, Lehrerbeschreibungen, Rankings und vieles mehr.<br><br><strong>Was ist in\/beinhaltet die Maturazeitung?<\/strong><br>Kinderfotos &amp; aktuelle Fotos vom Maturajahrgang, Sch\u00fcler- &amp; Lehrerbeschreibungen, Erinnerungen, Memes, Lehrerspr\u00fcche, Gruppenfotos der Schwerpunktf\u00e4cher und Erg\u00e4nzungsf\u00e4cher, andere lustige Fotos, Namensliste mit den Sch\u00fclern, die die Schule verlassen haben.<br><br><strong>Wie lange hat man an der Maturazeitung gearbeitet?<\/strong><br>Wir sind 9 Sch\u00fcler\/innen die, seit dem Sommer 2022 an der Maturazeitung arbeiten. Unser erstes Treffen war (glaube ich) in der zweiten Schulwoche.<br><br><strong>Wo kann man sie kaufen?<\/strong><br>In der Gartenhalle f\u00fcr 20.-<br><br><strong>W\u00fcrdest du anderen die Maturazeitung vorschlagen?<\/strong><br>Ja, auf jeden Fall! Auch f\u00fcr die j\u00fcngeren Klassen, da es lustige Lehrerbeschreibungen, Fotos und Memes \u00fcber die Stiftsschule in der Maturazeitung zu finden gibt.<\/p>\n\n\n\n<p><strong>Vielen Dank f\u00fcr das Interview! <\/strong><\/p>\n","protected":false},"excerpt":{"rendered":"<p>Was ist die Maturazeitung?Die Maturazeitung ist ein Projekt, welches jedes Jahr vom Maturazeitungskomitee (jede\/r Sechstkl\u00e4ssler\/in w\u00e4hlt sich ein Komitee aus,<\/p>\n","protected":false},"author":1,"featured_media":6148,"comment_status":"open","ping_status":"closed","sticky":false,"template":"","format":"standard","meta":{"spay_email":"","jetpack_publicize_message":"","jetpack_is_tweetstorm":false},"categories":[3,8],"tags":[],"jetpack_featured_media_url":"https:\/\/i1.wp.com\/www.stiftsforum.ch\/blog\/wp-content\/uploads\/2023\/04\/storytelling-ged2351946_1920.jpg?fit=1920%2C1080&ssl=1","jetpack_publicize_connections":[],"jetpack_sharing_enabled":true,"jetpack_shortlink":"https:\/\/wp.me\/p9nzRF-1B6","jetpack_likes_enabled":true,"jetpack-related-posts":[{"id":1677,"url":"https:\/\/www.stiftsforum.ch\/blog\/?p=1677","url_meta":{"origin":6144,"position":0},"title":"Begeisterungsf\u00e4hig, fr\u00f6hlich und zielstrebig","date":"Dezember 12, 2017","format":false,"excerpt":"Raphael Auf der Maur Marcella Mazzolini ist seit diesem Schuljahr Lehrerin an der Stiftsschule Einsiedeln. Im Interview sprechen wir \u00fcber ihre Vergangenheit und \u00fcber die spannendsten Themen im Unterricht. K\u00f6nnen Sie sich bitte kurz vorstellen? Mein Name ist Marcella Mazzolini und ich unterrichte seit diesem Sommer das Fach Chemie an\u2026","rel":"","context":"In &quot;Allgemein&quot;","img":{"alt_text":"","src":"https:\/\/i1.wp.com\/www.stiftsforum.ch\/blog\/wp-content\/uploads\/2017\/12\/IMG_9326.jpg?fit=1200%2C844&ssl=1&resize=350%2C200","width":350,"height":200},"classes":[]},{"id":1766,"url":"https:\/\/www.stiftsforum.ch\/blog\/?p=1766","url_meta":{"origin":6144,"position":1},"title":"\"Es l\u00e4uft immer etwas!\"","date":"Januar 19, 2018","format":false,"excerpt":"Bernadette Boggia unterrichtet seit letztem Sommer Mathematik und Geografie an der Stiftsschule. Im Interview erz\u00e4hlt sie, warum sie an die Stiftsschule gekommen ist und was sie alles machen m\u00f6chte. Valentin M\u00fcller, 2a K\u00f6nnen Sie sich mit drei W\u00f6rtern beschreiben? (\u00dcberlegt\u2026) Offen gegen\u00fcber anderen, interessiert und organisiert. Sie gingen ja selbst\u2026","rel":"","context":"In &quot;Allgemein&quot;","img":{"alt_text":"","src":"https:\/\/i2.wp.com\/www.stiftsforum.ch\/blog\/wp-content\/uploads\/2018\/01\/IMG_9318-Kopie.jpg?fit=1200%2C800&ssl=1&resize=350%2C200","width":350,"height":200},"classes":[]},{"id":6289,"url":"https:\/\/www.stiftsforum.ch\/blog\/?p=6289","url_meta":{"origin":6144,"position":2},"title":"B\u00e4ume f\u00fcr eine umweltbewusste Zukunft - Das Kloster pflanzt drei Baumalleen","date":"April 23, 2023","format":false,"excerpt":"\u00abWerde mit deiner Klasse Baum-Pate\u00bb, hiess es bereits im Dezember an der Stiftsschule. Das Kloster informierte dar\u00fcber, dass im Fr\u00fchjahr im Rahmen eines kantonalen Projekts 50 neue B\u00e4ume rund um das Klostergel\u00e4nde gepflanzt werden w\u00fcrden und Schulklassen, Lehrpersonen und Klosterangestellte Baumpatenschaften \u00fcbernehmen k\u00f6nnten. Diese Woche war es nun soweit: Die\u2026","rel":"","context":"In &quot;Allgemein&quot;","img":{"alt_text":"","src":"https:\/\/i2.wp.com\/www.stiftsforum.ch\/blog\/wp-content\/uploads\/2023\/04\/Baumallee-1.jpg?fit=1200%2C900&ssl=1&resize=350%2C200","width":350,"height":200},"classes":[]},{"id":5715,"url":"https:\/\/www.stiftsforum.ch\/blog\/?p=5715","url_meta":{"origin":6144,"position":3},"title":"Wo kommt eigentlich unser Zn\u00fcni her?","date":"November 24, 2022","format":false,"excerpt":"Wir machen uns auf den Weg in die Kornhausstrasse, \u00fcber den Klosterplatz und die Hauptstrasse hinunter und links ab in ein etwas weniger dicht besiedeltes Quartier von Einsiedeln. Hinter einigen mehrgeschossigen Wohnbauten und vorbei an einer kleinen Kapelle sind einige Geb\u00e4ude eines Gewerbegebietes zu erkennen. Mittendrin: die B\u00e4ckerei Schefer. Das\u2026","rel":"","context":"In &quot;Allgemein&quot;","img":{"alt_text":"","src":"https:\/\/i0.wp.com\/www.stiftsforum.ch\/blog\/wp-content\/uploads\/2022\/11\/20221110_174347_resized.jpg?fit=1156%2C867&ssl=1&resize=350%2C200","width":350,"height":200},"classes":[]},{"id":4236,"url":"https:\/\/www.stiftsforum.ch\/blog\/?p=4236","url_meta":{"origin":6144,"position":4},"title":"Die Schulseelsorge an der Stiftsschule Einsiedeln","date":"Februar 3, 2021","format":false,"excerpt":"von Olivia L\u00fcond und Silje Hartvigsen, 1d Wir haben P. Thomas F\u00e4ssler interviewt. Er ist 36 Jahre alt, ist bald seit 15 Jahren im Kloster und unterrichtet an der Schule. Er ist zwischen 1997 und 2003 selbst hier an die Schule gegangen und ist in der Schulseelsorge t\u00e4tig. Wie sind\u2026","rel":"","context":"In &quot;Allgemein&quot;","img":{"alt_text":"","src":"https:\/\/i2.wp.com\/www.stiftsforum.ch\/blog\/wp-content\/uploads\/2021\/02\/IMG-20210203-WA0002.jpg?fit=1200%2C1008&ssl=1&resize=350%2C200","width":350,"height":200},"classes":[]},{"id":4449,"url":"https:\/\/www.stiftsforum.ch\/blog\/?p=4449","url_meta":{"origin":6144,"position":5},"title":"\"Die Integration der M\u00e4dchen vollzog sich sehr organisch und selbstverst\u00e4ndlich\"","date":"April 27, 2021","format":false,"excerpt":"50 Jahre M\u00e4dchen an der Stiftsschule H\u00e4tte P. Thomas F\u00e4ssler nicht darauf aufmerksam gemacht, w\u00e4re in diesem Schuljahr ein Jubil\u00e4um fast vergessen worden: Seit genau 50 Jahren wird an der Stiftsschule koedukativ unterrichtet. Im Schuljahr 1970\/71 kamen die ersten sieben M\u00e4dchen in die ersten Klassen und eine erstaunlich unscheinbare, aber\u2026","rel":"","context":"In &quot;Allgemein&quot;","img":{"alt_text":"","src":"https:\/\/i0.wp.com\/www.stiftsforum.ch\/blog\/wp-content\/uploads\/2021\/04\/IMG-20210428-WA0000-1.jpg?fit=1200%2C900&ssl=1&resize=350%2C200","width":350,"height":200},"classes":[]}],"_links":{"self":[{"href":"https:\/\/www.stiftsforum.ch\/blog\/index.php?rest_route=\/wp\/v2\/posts\/6144"}],"collection":[{"href":"https:\/\/www.stiftsforum.ch\/blog\/index.php?rest_route=\/wp\/v2\/posts"}],"about":[{"href":"https:\/\/www.stiftsforum.ch\/blog\/index.php?rest_route=\/wp\/v2\/types\/post"}],"author":[{"embeddable":true,"href":"https:\/\/www.stiftsforum.ch\/blog\/index.php?rest_route=\/wp\/v2\/users\/1"}],"replies":[{"embeddable":true,"href":"https:\/\/www.stiftsforum.ch\/blog\/index.php?rest_route=%2Fwp%2Fv2%2Fcomments&post=6144"}],"version-history":[{"count":2,"href":"https:\/\/www.stiftsforum.ch\/blog\/index.php?rest_route=\/wp\/v2\/posts\/6144\/revisions"}],"predecessor-version":[{"id":6147,"href":"https:\/\/www.stiftsforum.ch\/blog\/index.php?rest_route=\/wp\/v2\/posts\/6144\/revisions\/6147"}],"wp:featuredmedia":[{"embeddable":true,"href":"https:\/\/www.stiftsforum.ch\/blog\/index.php?rest_route=\/wp\/v2\/media\/6148"}],"wp:attachment":[{"href":"https:\/\/www.stiftsforum.ch\/blog\/index.php?rest_route=%2Fwp%2Fv2%2Fmedia&parent=6144"}],"wp:term":[{"taxonomy":"category","embeddable":true,"href":"https:\/\/www.stiftsforum.ch\/blog\/index.php?rest_route=%2Fwp%2Fv2%2Fcategories&post=6144"},{"taxonomy":"post_tag","embeddable":true,"href":"https:\/\/www.stiftsforum.ch\/blog\/index.php?rest_route=%2Fwp%2Fv2%2Ftags&post=6144"}],"curies":[{"name":"wp","href":"https:\/\/api.w.org\/{rel}","templated":true}]}}