{"id":6186,"date":"2023-04-06T07:43:07","date_gmt":"2023-04-06T06:43:07","guid":{"rendered":"http:\/\/www.stiftsforum.ch\/blog\/?p=6186"},"modified":"2023-04-06T07:44:54","modified_gmt":"2023-04-06T06:44:54","slug":"ein-tier-welches-nie-mehr-die-wilde-freiheit-erleben-kann","status":"publish","type":"post","link":"https:\/\/www.stiftsforum.ch\/blog\/?p=6186","title":{"rendered":"Ein Tier, welches nie mehr die wilde Freiheit erleben kann"},"content":{"rendered":"\n<p><em>Finn Kopfstein, 1c<\/em>, <em>\u00fcber Rilkes Gedicht &#8220;Der Panther&#8221;<\/em><\/p>\n\n\n\n<p><br><strong>Das Gedicht &#8220;Der Panther&#8221; von Rainer Maria Rilke besteht aus 3 Strophen und 12 Versen. Der Autor lebte in Paris, wo auch diese Geschichte spielt. Aus diesem Grund w\u00e4re es sogar m\u00f6glich, m\u00f6glich, dass dies eine eigene Beobachtung Rilkes war.<br><\/strong><br>Es handelt sich um einen Panther, der hinter tausend St\u00e4ben steckt. &#8220;Ihm ist, als ob es tausend St\u00e4be g\u00e4be und hinter tausend St\u00e4ben keine Welt.&#8221; Ich nehme an, dies ist eine Anspielung auf einen K\u00e4fig. Es k\u00f6nnte sein, dass dieser Panther schon so lange in dem K\u00e4fig sitzt, dass er sich nicht mehr an die Welt ausserhalb des Gitters erinnern kann. Der Panther ist ein prachtvolles Tier mit elegantem Gang (&#8220;Der weiche Gang geschmeidig starker Schritte&#8221;). Die Art, wie sich das Tier bewegt, scheint wie ein Tanz, in der &#8220;bet\u00e4ubt ein grosser Wille steht&#8221;. Das Wort &#8220;bet\u00e4ubt&#8221; kann auf verschiedene Weise verstanden werden. Das schwarze Tier f\u00e4llt vielleicht manchmal in eine Vorstellung hinein, es geht tief in ihn hinein, bis es in seinem Herzen aufh\u00f6rt. Dies liegt h\u00f6chstwahrscheinlich daran, weil ihn das Bild ber\u00fchrt und Erinnerungen hervorruft. Ich k\u00f6nnte mir unter dieser Erscheinung eine Erinnerung an die Freiheit vorstellen, in der das Raubtier in der freien Wildbahn herumrennt und seine Zeit geniesst. &#8220;Nur manchmal schiebt der Vorhang der Pupille sich lautlos auf. Dann geht ein Bild hinein, geht durch der Glieder angespannte Stille- und h\u00f6rt im Herzen auf zu sein.&#8221;<\/p>\n\n\n\n<p>Dieses Gedicht l\u00f6st in mir eher traurige Gef\u00fchle aus, denn es geht um ein Tier, welches voraussichtlich nie mehr die wilde Freiheit erleben kann, f\u00fcr welche es eigentlich geschaffen w\u00e4re. Der Autor lebte vor hundert Jahren, wenn dies also eine Beobachtung seinerseits war, zeigt es wie lange wir schon Tiere fangen und einsperren. Ich finde, wenn eine Art nicht vom Aussterben bedroht ist, sollte sie noch die Natur geniessen d\u00fcrfen und nicht in<br>einem K\u00e4fig ruhen, wie der Panther aus Rilkes Gedicht.<\/p>\n\n\n\n<div class=\"wp-block-file\"><a href=\"http:\/\/www.stiftsforum.ch\/blog\/wp-content\/uploads\/2023\/04\/Der-Panther-1.pdf\">Frey Bergholz, 1c: Der Panther-1<\/a><a href=\"http:\/\/www.stiftsforum.ch\/blog\/wp-content\/uploads\/2023\/04\/Der-Panther-1.pdf\" class=\"wp-block-file__button\" download>Herunterladen<\/a><\/div>\n","protected":false},"excerpt":{"rendered":"<p>Finn Kopfstein, 1c, \u00fcber Rilkes Gedicht &#8220;Der Panther&#8221; Das Gedicht &#8220;Der Panther&#8221; von Rainer Maria Rilke besteht aus 3 Strophen<\/p>\n","protected":false},"author":1,"featured_media":6188,"comment_status":"open","ping_status":"closed","sticky":false,"template":"","format":"standard","meta":{"spay_email":"","jetpack_publicize_message":"","jetpack_is_tweetstorm":false},"categories":[3],"tags":[],"jetpack_featured_media_url":"https:\/\/i1.wp.com\/www.stiftsforum.ch\/blog\/wp-content\/uploads\/2023\/04\/big-cat-g8b73dec8b_1920.jpg?fit=1920%2C1440&ssl=1","jetpack_publicize_connections":[],"jetpack_sharing_enabled":true,"jetpack_shortlink":"https:\/\/wp.me\/p9nzRF-1BM","jetpack_likes_enabled":true,"jetpack-related-posts":[{"id":6053,"url":"https:\/\/www.stiftsforum.ch\/blog\/?p=6053","url_meta":{"origin":6186,"position":0},"title":"Von Diderot bis Wikipedia, oder: Was du \u00fcber Wikipedia (vielleicht) noch nicht wusstest","date":"Februar 5, 2023","format":false,"excerpt":"Sammlungen grosser Wissensbest\u00e4nde entstanden erstmals in der Epoche der Aufkl\u00e4rung. So verfasste etwa Diderot seine bekannte 29 B\u00e4nde umfassende Enzyklop\u00e4die \u2013 eine Meisterleistung seiner Zeit und ein Kulturdenkmal bis heute. Doch zumindest einen Nachteil brachte das umfassende Werk mit sich: Es war auch schon im 18. Jahrhundert unfassbar teuer. Adelige\u2026","rel":"","context":"In &quot;Digitalisierung&quot;","img":{"alt_text":"","src":"https:\/\/i1.wp.com\/www.stiftsforum.ch\/blog\/wp-content\/uploads\/2023\/02\/20230204_151803_resized.jpg?fit=1200%2C900&ssl=1&resize=350%2C200","width":350,"height":200},"classes":[]},{"id":4182,"url":"https:\/\/www.stiftsforum.ch\/blog\/?p=4182","url_meta":{"origin":6186,"position":1},"title":"Auch \u00fcber die Tr\u00e4nen","date":"Januar 26, 2021","format":false,"excerpt":"von Abaris Schild Der Barock war nicht nur das Zeitalter des pr\u00e4chtigen Herrscherkults und der opulentenPal\u00e4ste. Es schwang auch eine tiefe Religiosit\u00e4t mit, welche durch die manchmal adabsurdum gef\u00fchrte Verherrlichung der Verg\u00e4nglichkeit und des Todes, aber auch des \u00abCarpediem\u00bb unterstrichen wurde. Der Katholizismus lebte wieder auf. Von Greiffenbergs Gedicht \u00abAuch\u2026","rel":"","context":"In &quot;Allgemein&quot;","img":{"alt_text":"","src":"https:\/\/i1.wp.com\/www.stiftsforum.ch\/blog\/wp-content\/uploads\/2021\/01\/fitting-2930485_960_720.jpg?fit=960%2C720&ssl=1&resize=350%2C200","width":350,"height":200},"classes":[]},{"id":5668,"url":"https:\/\/www.stiftsforum.ch\/blog\/?p=5668","url_meta":{"origin":6186,"position":2},"title":"Sch\u00fclerzeitungsmitglieder treffen waschechte Journalisten","date":"November 19, 2022","format":false,"excerpt":"Besuch beim Einsiedler Anzeiger Raya Fankhauser \/ Lilly Hetmank Vergangener Montag um 16:30 Uhr betraten die Mitglieder der Sch\u00fclerzeitung das Zuhause der Einsiedler Journalisten. Zuerst lernten wir den Chef der Redaktion kennen: Viktor K\u00e4lin. Er f\u00fchrte uns durch die Redaktion und beschrieb die t\u00e4gliche Arbeit eines Journalisten. Es war ganz\u2026","rel":"","context":"In &quot;Allgemein&quot;","img":{"alt_text":"","src":"https:\/\/i0.wp.com\/www.stiftsforum.ch\/blog\/wp-content\/uploads\/2022\/11\/MicrosoftTeams-image-1.jpg?fit=1200%2C855&ssl=1&resize=350%2C200","width":350,"height":200},"classes":[]},{"id":2265,"url":"https:\/\/www.stiftsforum.ch\/blog\/?p=2265","url_meta":{"origin":6186,"position":3},"title":"166789","date":"Juni 19, 2018","format":false,"excerpt":"So viele Leute haben \u00abThe Flat Earth Society\u00bb auf Facebook abonniert (Stand: 10.6.2018). Die \u00abFlat Earth Society\u00bb ist der festen \u00dcberzeugung, dass die Erde eine Scheibe ist. Dabei berufen sie sich auf die Bibel, die ihrer Meinung nach ganz klar von der Erde als Scheibe spricht. Auch auf YouTube betreiben\u2026","rel":"","context":"In &quot;Die Welt in Zahlen&quot;","img":{"alt_text":"","src":"https:\/\/i1.wp.com\/www.stiftsforum.ch\/blog\/wp-content\/uploads\/2018\/06\/Bildschirmfoto-2018-06-19-um-18.11.07.png?fit=1200%2C701&ssl=1&resize=350%2C200","width":350,"height":200},"classes":[]},{"id":2052,"url":"https:\/\/www.stiftsforum.ch\/blog\/?p=2052","url_meta":{"origin":6186,"position":4},"title":"\"Ein liederlicher Abend\" - Das Stiftstheater 2018","date":"Mai 15, 2018","format":false,"excerpt":"Jael Inauen Dieses selbstgeschriebene St\u00fcck umrahmt alle Werke von Mani Matter, literarisch, dichterisch sowie musikalisch, und fasst sie zu einem Theaterst\u00fcck zusammen. Als Szenerie wird ein Klassenzimmer in den 70er Jahren portr\u00e4tiert, die Schauspieler sind entsprechend gekleidet. Alle Gedichte und Lieder werden von den Akteuren selbst rezitiert bzw. gesungen, was\u2026","rel":"","context":"In &quot;Kommentar&quot;","img":{"alt_text":"","src":"https:\/\/i0.wp.com\/www.stiftsforum.ch\/blog\/wp-content\/uploads\/2018\/05\/IGP6650-300x201.jpg?resize=350%2C200","width":350,"height":200},"classes":[]},{"id":4517,"url":"https:\/\/www.stiftsforum.ch\/blog\/?p=4517","url_meta":{"origin":6186,"position":5},"title":"Was verbirgt sich unter den Pflastersteinen?","date":"September 23, 2021","format":false,"excerpt":"Ein Vortrag im Internat zur Klosterplatz-Arch\u00e4ologie. von Francesco De Vecchi \u00abWarum w\u00e4chst das Erdniveau eigentlich stetig?\u00bb Diese Frage des Internatssch\u00fclers Melchior am Ende des Vortrages von Frau Marty im Internat hat es in sich. Es ist nicht leicht f\u00fcr uns heute nachzuvollziehen, weshalb sich unter dem aktuell entstehenden Klosterplatz noch\u2026","rel":"","context":"In &quot;Allgemein&quot;","img":{"alt_text":"","src":"https:\/\/i2.wp.com\/www.stiftsforum.ch\/blog\/wp-content\/uploads\/2021\/09\/thumbnail_IMG_9880.jpg?fit=1200%2C900&ssl=1&resize=350%2C200","width":350,"height":200},"classes":[]}],"_links":{"self":[{"href":"https:\/\/www.stiftsforum.ch\/blog\/index.php?rest_route=\/wp\/v2\/posts\/6186"}],"collection":[{"href":"https:\/\/www.stiftsforum.ch\/blog\/index.php?rest_route=\/wp\/v2\/posts"}],"about":[{"href":"https:\/\/www.stiftsforum.ch\/blog\/index.php?rest_route=\/wp\/v2\/types\/post"}],"author":[{"embeddable":true,"href":"https:\/\/www.stiftsforum.ch\/blog\/index.php?rest_route=\/wp\/v2\/users\/1"}],"replies":[{"embeddable":true,"href":"https:\/\/www.stiftsforum.ch\/blog\/index.php?rest_route=%2Fwp%2Fv2%2Fcomments&post=6186"}],"version-history":[{"count":2,"href":"https:\/\/www.stiftsforum.ch\/blog\/index.php?rest_route=\/wp\/v2\/posts\/6186\/revisions"}],"predecessor-version":[{"id":6191,"href":"https:\/\/www.stiftsforum.ch\/blog\/index.php?rest_route=\/wp\/v2\/posts\/6186\/revisions\/6191"}],"wp:featuredmedia":[{"embeddable":true,"href":"https:\/\/www.stiftsforum.ch\/blog\/index.php?rest_route=\/wp\/v2\/media\/6188"}],"wp:attachment":[{"href":"https:\/\/www.stiftsforum.ch\/blog\/index.php?rest_route=%2Fwp%2Fv2%2Fmedia&parent=6186"}],"wp:term":[{"taxonomy":"category","embeddable":true,"href":"https:\/\/www.stiftsforum.ch\/blog\/index.php?rest_route=%2Fwp%2Fv2%2Fcategories&post=6186"},{"taxonomy":"post_tag","embeddable":true,"href":"https:\/\/www.stiftsforum.ch\/blog\/index.php?rest_route=%2Fwp%2Fv2%2Ftags&post=6186"}],"curies":[{"name":"wp","href":"https:\/\/api.w.org\/{rel}","templated":true}]}}