{"id":6289,"date":"2023-04-23T13:53:57","date_gmt":"2023-04-23T12:53:57","guid":{"rendered":"http:\/\/www.stiftsforum.ch\/blog\/?p=6289"},"modified":"2023-04-23T13:55:48","modified_gmt":"2023-04-23T12:55:48","slug":"baeume-fuer-eine-umweltbewusste-zukunft-das-kloster-pflanzt-drei-baumalleen","status":"publish","type":"post","link":"https:\/\/www.stiftsforum.ch\/blog\/?p=6289","title":{"rendered":"B\u00e4ume f\u00fcr eine umweltbewusste Zukunft &#8211; Das Kloster pflanzt drei Baumalleen"},"content":{"rendered":"\n<p><strong>\u00abWerde mit deiner Klasse Baum-Pate\u00bb, hiess es bereits im Dezember an der Stiftsschule. Das Kloster informierte dar\u00fcber, dass im Fr\u00fchjahr im Rahmen eines kantonalen Projekts 50 neue B\u00e4ume rund um das Klostergel\u00e4nde gepflanzt werden w\u00fcrden und Schulklassen, Lehrpersonen und Klosterangestellte Baumpatenschaften \u00fcbernehmen k\u00f6nnten. Diese Woche war es nun soweit: Die Jungb\u00e4ume wurde rund um das Kloster eingepflanzt.<\/strong><\/p>\n\n\n\n<figure class=\"wp-block-image size-large\"><a href=\"https:\/\/i2.wp.com\/www.stiftsforum.ch\/blog\/wp-content\/uploads\/2023\/04\/Baumallee-1.jpg\"><img data-attachment-id=\"6290\" data-permalink=\"https:\/\/www.stiftsforum.ch\/blog\/?attachment_id=6290\" data-orig-file=\"https:\/\/i2.wp.com\/www.stiftsforum.ch\/blog\/wp-content\/uploads\/2023\/04\/Baumallee-1.jpg?fit=1280%2C960&amp;ssl=1\" data-orig-size=\"1280,960\" data-comments-opened=\"1\" data-image-meta=\"{&quot;aperture&quot;:&quot;0&quot;,&quot;credit&quot;:&quot;&quot;,&quot;camera&quot;:&quot;&quot;,&quot;caption&quot;:&quot;&quot;,&quot;created_timestamp&quot;:&quot;0&quot;,&quot;copyright&quot;:&quot;&quot;,&quot;focal_length&quot;:&quot;0&quot;,&quot;iso&quot;:&quot;0&quot;,&quot;shutter_speed&quot;:&quot;0&quot;,&quot;title&quot;:&quot;&quot;,&quot;orientation&quot;:&quot;0&quot;}\" data-image-title=\"Baumallee-1\" data-image-description=\"\" data-medium-file=\"https:\/\/i2.wp.com\/www.stiftsforum.ch\/blog\/wp-content\/uploads\/2023\/04\/Baumallee-1.jpg?fit=300%2C225&amp;ssl=1\" data-large-file=\"https:\/\/i2.wp.com\/www.stiftsforum.ch\/blog\/wp-content\/uploads\/2023\/04\/Baumallee-1.jpg?fit=800%2C600&amp;ssl=1\" loading=\"lazy\" width=\"800\" height=\"600\" src=\"https:\/\/i2.wp.com\/www.stiftsforum.ch\/blog\/wp-content\/uploads\/2023\/04\/Baumallee-1.jpg?resize=800%2C600\" alt=\"\" class=\"wp-image-6290\" srcset=\"https:\/\/i2.wp.com\/www.stiftsforum.ch\/blog\/wp-content\/uploads\/2023\/04\/Baumallee-1.jpg?resize=1024%2C768&amp;ssl=1 1024w, https:\/\/i2.wp.com\/www.stiftsforum.ch\/blog\/wp-content\/uploads\/2023\/04\/Baumallee-1.jpg?resize=300%2C225&amp;ssl=1 300w, https:\/\/i2.wp.com\/www.stiftsforum.ch\/blog\/wp-content\/uploads\/2023\/04\/Baumallee-1.jpg?resize=768%2C576&amp;ssl=1 768w, https:\/\/i2.wp.com\/www.stiftsforum.ch\/blog\/wp-content\/uploads\/2023\/04\/Baumallee-1.jpg?w=1280&amp;ssl=1 1280w\" sizes=\"(max-width: 800px) 100vw, 800px\" data-recalc-dims=\"1\" \/><\/a><figcaption>Abb: Die neuen Baumalleen mit den Standorten &#8220;Spielplatz&#8221;, &#8220;Johannismatte&#8221;, &#8220;Turnhalle&#8221; und &#8220;Holzhof&#8221;. Fotos: Franceso De Vecchi<\/figcaption><\/figure>\n\n\n\n<p>Dem Projekt ging eine l\u00e4ngere Vorbereitungszeit voraus. Das Amt f\u00fcr Wald und Natur schrieb ein \u00fcberregionales Programm aus, mit dem Ziel, an viel begangenen Wegen des Kantons Schwyz Alleen aus einheimische B\u00e4ume zu schaffen. Der Titel: \u00abOrte und R\u00e4ume schaffen \u2013 Alleen f\u00fcr alle\u00bb.&nbsp; Das Ingenieurb\u00fcro Lagler erstellte die entsprechenden Pl\u00e4ne, Matthias L\u00fcthi koordinierte die Aktion an der Stiftsschule, Stiftsslehrerin Judith Schnyder und ihr Kollege Fredi Tr\u00fctsch entwarfen die Holzpf\u00e4hle f\u00fcr die Beschriftung, der Kanton stellte den Grossteil der Finanzierung zur Verf\u00fcgung und nicht zuletzt pflanzten die Klosterg\u00e4rtner professionell die neuen Jungb\u00e4ume.<\/p>\n\n\n\n<p><strong>Von Stileichen bis Winterlinden<\/strong><\/p>\n\n\n\n<p>Zur Auswahl standen den Baumpaten dabei \u2013 f\u00fcr Laien \u2013 durchaus botanische Entdeckungen: Vogelkirsche, Winterlinde, Bergahorn und Stileiche, nebst Rotbuchen und Walnussb\u00e4umen. F\u00fcr die Sch\u00fcler bedeuteten diese Begriffe zun\u00e4chst einmal eines: Googeln, wie diese B\u00e4ume \u00fcberhaupt ausschauen und f\u00fcr welche \u00abKlassenbaum\u00bb man sich entscheiden w\u00fcrde. Stileichen waren schnell vergeben und die Waln\u00fcsse, die auch auf Ertrag hoffen liessen, wurden innert weniger Tage reserviert.<\/p>\n\n\n\n<p><strong>Wer macht mit?<\/strong><\/p>\n\n\n\n<p>\u00abEine Erinnerung f\u00fcr die n\u00e4chsten 100 Jahre ist dir gewiss\u00bb, mit diesen Worten warben auch die Sch\u00fclerinnen Raya Fankhauser und Lilly Hetmank aus der 2.Klasse die Baumpatenschaft in der Online-Sch\u00fclerzeitung an. F\u00fcr alle Baumpaten-Klassen hiess es in weiterer Folge, den notwendigen Betrag f\u00fcr die Patenschaft aufzubringen. War das notwenige Sponsoringgeld durch Kuchen- und Waffelverkauf aufgetrieben, konnte die Reservierung schliesslich fixiert werden.<\/p>\n\n\n\n<p><strong>Ein Zeichen der Hoffnung und der Verbundenheit mit der Natur<\/strong><\/p>\n\n\n\n<p>Am Ende konnten die letzten L\u00fccken durch begeisterte Angestellte und Lehrer geschlossen werden, die auch auf ein entsprechendes \u00abNamensschild\u00bb am Baum verzichteten, ging es ihnen doch vor allem um den ideellen Wert dieser Aktion. Man erhoffte sich mit der Pflanzaktion ein gest\u00e4rktes Bewusstsein f\u00fcr die Wichtigkeit der B\u00e4ume und ganz allgemein der Umwelt, \u00abein greifbares Bild von Gemeinschaft und Best\u00e4ndigkeit, das f\u00fcr eine Schulklasse ein Leben lang sichtbar sein wird\u00bb (Klassenlehrerin Maria Egartner) oder \u00abein Zeichen der Hoffnung und der Verbundenheit mit der Natur\u00bb, so Deutschlehrer Matthias L\u00fcthi. Auch der Gedanke, \u00abjederzeit an seinem Baum\u00bb vorbeigehen zu k\u00f6nnen\u00bb, wurde genannt oder sich speziell am konkreten Standort des Baums zu erfreuen, der zB. bewusst neben dem Baum der eigenen Klasse oder der Kollegin ausgew\u00e4hlt wurde.<\/p>\n\n\n\n<p>Die offizielle Einweihung der Alleen wird am Montag, 15. Mai erfolgen.<\/p>\n\n\n\n<figure class=\"wp-block-image size-large\"><a href=\"https:\/\/i0.wp.com\/www.stiftsforum.ch\/blog\/wp-content\/uploads\/2023\/04\/Baumallee2.jpg\"><img data-attachment-id=\"6291\" data-permalink=\"https:\/\/www.stiftsforum.ch\/blog\/?attachment_id=6291\" data-orig-file=\"https:\/\/i0.wp.com\/www.stiftsforum.ch\/blog\/wp-content\/uploads\/2023\/04\/Baumallee2.jpg?fit=960%2C1280&amp;ssl=1\" data-orig-size=\"960,1280\" data-comments-opened=\"1\" data-image-meta=\"{&quot;aperture&quot;:&quot;0&quot;,&quot;credit&quot;:&quot;&quot;,&quot;camera&quot;:&quot;&quot;,&quot;caption&quot;:&quot;&quot;,&quot;created_timestamp&quot;:&quot;0&quot;,&quot;copyright&quot;:&quot;&quot;,&quot;focal_length&quot;:&quot;0&quot;,&quot;iso&quot;:&quot;0&quot;,&quot;shutter_speed&quot;:&quot;0&quot;,&quot;title&quot;:&quot;&quot;,&quot;orientation&quot;:&quot;0&quot;}\" data-image-title=\"Baumallee2\" data-image-description=\"\" data-medium-file=\"https:\/\/i0.wp.com\/www.stiftsforum.ch\/blog\/wp-content\/uploads\/2023\/04\/Baumallee2.jpg?fit=225%2C300&amp;ssl=1\" data-large-file=\"https:\/\/i0.wp.com\/www.stiftsforum.ch\/blog\/wp-content\/uploads\/2023\/04\/Baumallee2.jpg?fit=768%2C1024&amp;ssl=1\" loading=\"lazy\" width=\"768\" height=\"1024\" src=\"https:\/\/i0.wp.com\/www.stiftsforum.ch\/blog\/wp-content\/uploads\/2023\/04\/Baumallee2.jpg?resize=768%2C1024\" alt=\"\" class=\"wp-image-6291\" srcset=\"https:\/\/i0.wp.com\/www.stiftsforum.ch\/blog\/wp-content\/uploads\/2023\/04\/Baumallee2.jpg?resize=768%2C1024&amp;ssl=1 768w, https:\/\/i0.wp.com\/www.stiftsforum.ch\/blog\/wp-content\/uploads\/2023\/04\/Baumallee2.jpg?resize=225%2C300&amp;ssl=1 225w, https:\/\/i0.wp.com\/www.stiftsforum.ch\/blog\/wp-content\/uploads\/2023\/04\/Baumallee2.jpg?w=960&amp;ssl=1 960w\" sizes=\"(max-width: 768px) 100vw, 768px\" data-recalc-dims=\"1\" \/><\/a><figcaption>Abb: &#8220;Wer hier mitmacht, bindet wirklich CO2 statt nur zu kompensieren&#8221;, meint der Koordinator des Projekts an der Stiftsschule Matthias L\u00fcthi. <\/figcaption><\/figure>\n\n\n\n<div class=\"wp-block-file\"><a href=\"http:\/\/www.stiftsforum.ch\/blog\/wp-content\/uploads\/2023\/04\/Baumalleen-Kloster-2023.pdf\">Baumalleen-Kloster-2023<\/a><a href=\"http:\/\/www.stiftsforum.ch\/blog\/wp-content\/uploads\/2023\/04\/Baumalleen-Kloster-2023.pdf\" class=\"wp-block-file__button\" download>Herunterladen<\/a><\/div>\n\n\n\n<p>Die Datei zeigt die Pl\u00e4ne des Projekts. <\/p>\n\n\n\n<p><\/p>\n","protected":false},"excerpt":{"rendered":"<p>\u00abWerde mit deiner Klasse Baum-Pate\u00bb, hiess es bereits im Dezember an der Stiftsschule. Das Kloster informierte dar\u00fcber, dass im Fr\u00fchjahr<\/p>\n","protected":false},"author":1,"featured_media":6290,"comment_status":"open","ping_status":"closed","sticky":false,"template":"","format":"standard","meta":{"spay_email":"","jetpack_publicize_message":"","jetpack_is_tweetstorm":false},"categories":[3,78],"tags":[],"jetpack_featured_media_url":"https:\/\/i2.wp.com\/www.stiftsforum.ch\/blog\/wp-content\/uploads\/2023\/04\/Baumallee-1.jpg?fit=1280%2C960&ssl=1","jetpack_publicize_connections":[],"jetpack_sharing_enabled":true,"jetpack_shortlink":"https:\/\/wp.me\/p9nzRF-1Dr","jetpack_likes_enabled":true,"jetpack-related-posts":[{"id":5797,"url":"https:\/\/www.stiftsforum.ch\/blog\/?p=5797","url_meta":{"origin":6289,"position":0},"title":"Werde mit deiner Klasse Baum-Pate!","date":"Dezember 12, 2022","format":false,"excerpt":"Raya Fankhauser und Lilly Hetmank Schon lange plant das Kloster ein neues Alleenprojekt und jetzt ist es endlich so weit; im Fr\u00fchling 2023 werden knapp 50 Jungb\u00e4ume ums Kloster herum gepflanzt. Und du kannst Pate werden! Die Pl\u00e4ne, wo die B\u00e4ume gepflanzt werden sollen, liegen schon vor: Wenn du mit\u2026","rel":"","context":"In &quot;Allgemein&quot;","img":{"alt_text":"","src":"https:\/\/i1.wp.com\/www.stiftsforum.ch\/blog\/wp-content\/uploads\/2022\/12\/road-4585443_1280.jpg?fit=1200%2C800&ssl=1&resize=350%2C200","width":350,"height":200},"classes":[]},{"id":6606,"url":"https:\/\/www.stiftsforum.ch\/blog\/?p=6606","url_meta":{"origin":6289,"position":1},"title":"Weihnachts-Spendenaktion an der Stiftsschule","date":"Dezember 21, 2023","format":false,"excerpt":"Durch die Idee von Jasmine Quanbrough und die gemeinsame Planung und Umsetzung mit P. Thomas von der Schulseelsorge konnten dieses Jahr 21 Weihnachtsw\u00fcnsche sozial bed\u00fcrftiger Familien erf\u00fcllt und 20 Semester-Stipendien f\u00fcr unsere Partnerschule in Namwala (Sambia) mit einem Gesamtwert von 1500 CHF vergeben werden. Frohe Weihnachten an alle Schenkenden und\u2026","rel":"","context":"In &quot;Allgemein&quot;","img":{"alt_text":"","src":"https:\/\/i0.wp.com\/www.stiftsforum.ch\/blog\/wp-content\/uploads\/2023\/12\/20231220_130919_resized-1.jpg?fit=1200%2C900&ssl=1&resize=350%2C200","width":350,"height":200},"classes":[]},{"id":6683,"url":"https:\/\/www.stiftsforum.ch\/blog\/?p=6683","url_meta":{"origin":6289,"position":2},"title":"Wie entwickelt sich die Region Einsiedeln?","date":"Juni 28, 2024","format":false,"excerpt":"Geo-Vortrag \u00fcber Raumplanung f\u00fcr die 5.Klassen 18.6.2024\/Theatersaal: Karten, Texte, Grundlagenberichte \u2013 das sind die Quellen, die Aufschluss \u00fcber die Schweizer Raumplanung geben, die mittels verschiedener Instrumente entwickelt und meist in einem mehrj\u00e4hrigen Prozess umgesetzt werden. F\u00fcr die 5. Klassen stand zu diesem gesellschaftlich relevanten Thema am 18.6.2024 Raumplaner und Abteilungsleiter\u2026","rel":"","context":"In &quot;Allgemein&quot;","img":{"alt_text":"","src":"https:\/\/i0.wp.com\/www.stiftsforum.ch\/blog\/wp-content\/uploads\/2024\/06\/Foto-Raumplanung.jpg?fit=880%2C568&ssl=1&resize=350%2C200","width":350,"height":200},"classes":[]},{"id":4517,"url":"https:\/\/www.stiftsforum.ch\/blog\/?p=4517","url_meta":{"origin":6289,"position":3},"title":"Was verbirgt sich unter den Pflastersteinen?","date":"September 23, 2021","format":false,"excerpt":"Ein Vortrag im Internat zur Klosterplatz-Arch\u00e4ologie. von Francesco De Vecchi \u00abWarum w\u00e4chst das Erdniveau eigentlich stetig?\u00bb Diese Frage des Internatssch\u00fclers Melchior am Ende des Vortrages von Frau Marty im Internat hat es in sich. Es ist nicht leicht f\u00fcr uns heute nachzuvollziehen, weshalb sich unter dem aktuell entstehenden Klosterplatz noch\u2026","rel":"","context":"In &quot;Allgemein&quot;","img":{"alt_text":"","src":"https:\/\/i2.wp.com\/www.stiftsforum.ch\/blog\/wp-content\/uploads\/2021\/09\/thumbnail_IMG_9880.jpg?fit=1200%2C900&ssl=1&resize=350%2C200","width":350,"height":200},"classes":[]},{"id":6575,"url":"https:\/\/www.stiftsforum.ch\/blog\/?p=6575","url_meta":{"origin":6289,"position":4},"title":"Heizen heute - Besichtigung der Altholz- und Hackschnitzelverbrennungsanlage der Energie Einsiedeln AG","date":"Dezember 12, 2023","format":false,"excerpt":"von Maria Egartner Wir treffen uns auf dem Areal des Holzhofs des Klosters Einsiedeln. Wir, das sind Facility Manager Marco Dettling und vier interessierte Lehrpersonen, die an diesem Tag das Modul \u201eHeizen heute\u201c im Rahmen des Nachhaltigkeitshalbtags der Stiftsschule gew\u00e4hlt haben. Das geschnittene Holz ist in ordentlichen Lagen gestapelt, daneben\u2026","rel":"","context":"In &quot;Allgemein&quot;","img":{"alt_text":"","src":"https:\/\/i0.wp.com\/www.stiftsforum.ch\/blog\/wp-content\/uploads\/2023\/12\/20231207_134740_resized.jpg?fit=1156%2C867&ssl=1&resize=350%2C200","width":350,"height":200},"classes":[]},{"id":6406,"url":"https:\/\/www.stiftsforum.ch\/blog\/?p=6406","url_meta":{"origin":6289,"position":5},"title":"Die zwei Raben","date":"September 20, 2023","format":false,"excerpt":"eine Legende aus Einsiedeln, nacherz\u00e4hlt von Katharina Vogelgesang, 1a Vor 1000 Jahren, im weit entfernten Mittelalter, lebte ein M\u00f6nch, dem etwas fehlte. Er hatte eine Sehnsucht nach Gott, der Einsamkeit und dem Frieden. Doch zun\u00e4chst besuchte er eine Klosterschule auf der Insel Reichenau, schon bald lie\u00df er sich aber auf\u2026","rel":"","context":"In &quot;Allgemein&quot;","img":{"alt_text":"","src":"https:\/\/i1.wp.com\/www.stiftsforum.ch\/blog\/wp-content\/uploads\/2023\/09\/landscape-670958_1280.jpg?fit=1200%2C800&ssl=1&resize=350%2C200","width":350,"height":200},"classes":[]}],"_links":{"self":[{"href":"https:\/\/www.stiftsforum.ch\/blog\/index.php?rest_route=\/wp\/v2\/posts\/6289"}],"collection":[{"href":"https:\/\/www.stiftsforum.ch\/blog\/index.php?rest_route=\/wp\/v2\/posts"}],"about":[{"href":"https:\/\/www.stiftsforum.ch\/blog\/index.php?rest_route=\/wp\/v2\/types\/post"}],"author":[{"embeddable":true,"href":"https:\/\/www.stiftsforum.ch\/blog\/index.php?rest_route=\/wp\/v2\/users\/1"}],"replies":[{"embeddable":true,"href":"https:\/\/www.stiftsforum.ch\/blog\/index.php?rest_route=%2Fwp%2Fv2%2Fcomments&post=6289"}],"version-history":[{"count":2,"href":"https:\/\/www.stiftsforum.ch\/blog\/index.php?rest_route=\/wp\/v2\/posts\/6289\/revisions"}],"predecessor-version":[{"id":6294,"href":"https:\/\/www.stiftsforum.ch\/blog\/index.php?rest_route=\/wp\/v2\/posts\/6289\/revisions\/6294"}],"wp:featuredmedia":[{"embeddable":true,"href":"https:\/\/www.stiftsforum.ch\/blog\/index.php?rest_route=\/wp\/v2\/media\/6290"}],"wp:attachment":[{"href":"https:\/\/www.stiftsforum.ch\/blog\/index.php?rest_route=%2Fwp%2Fv2%2Fmedia&parent=6289"}],"wp:term":[{"taxonomy":"category","embeddable":true,"href":"https:\/\/www.stiftsforum.ch\/blog\/index.php?rest_route=%2Fwp%2Fv2%2Fcategories&post=6289"},{"taxonomy":"post_tag","embeddable":true,"href":"https:\/\/www.stiftsforum.ch\/blog\/index.php?rest_route=%2Fwp%2Fv2%2Ftags&post=6289"}],"curies":[{"name":"wp","href":"https:\/\/api.w.org\/{rel}","templated":true}]}}