{"id":6372,"date":"2023-06-21T20:00:15","date_gmt":"2023-06-21T19:00:15","guid":{"rendered":"http:\/\/www.stiftsforum.ch\/blog\/?p=6372"},"modified":"2023-06-21T20:07:21","modified_gmt":"2023-06-21T19:07:21","slug":"die-schoene-und-das-biest-als-gemeinschaftsprojekt-aller-musikensembles","status":"publish","type":"post","link":"https:\/\/www.stiftsforum.ch\/blog\/?p=6372","title":{"rendered":"&#8220;Die Sch\u00f6ne und das Biest&#8221; als Gemeinschaftsprojekt aller Musikensembles"},"content":{"rendered":"\n<p><strong>In einem Gemeinschaftsprojekt brachten das Jugendorchester Einsiedeln, die Schulband und der Cum-Anima-Chor am 13.6. 2023 gemeinsam \u00abDie Sch\u00f6ne und das Biest\u00bb zur Auff\u00fchrung. Gelesen wurde die m\u00e4rchenhafte Erz\u00e4hlung von Francesco De Vecchi, die Musikensembles, geleitet von allen Musiklehrpersonen der Stiftsschule, gestalteten den Plot mit Originalliedern der Filmfassung und motivisch verwandten St\u00fccken aus der Bandbreite von Pop bis Klassik.<\/strong><\/p>\n\n\n\n<p><strong>Katja Schreurs aus der 4c-Klasse war als Solistin der Schulband mit dabei und berichtet:<\/strong><\/p>\n\n\n\n<p>Ich habe beim Projekt im Chor und in der Band mitgesungen. &nbsp;Das beste St\u00fcck fand ich \u00abEvermore\u00bb. Es ist ein Original aus der Neuverfilmung der Geschichte und es hat mir schon gefallen, als ich es das erste Mal h\u00f6rte. Da ich in der Band singe, hatte ich die Chance, das St\u00fcck als Solo mit Begleitung des Orchesters aufzuf\u00fchren, was eine grosse Ehre f\u00fcr mich war.<\/p>\n\n\n\n<p>\u00abDie Sch\u00f6ne und das Biest\u00bb ist nat\u00fcrlich eine Liebesgeschichte. Wenn man aber die verschiedenen Figuren anschaut, geht es um viel mehr. Belle lebt in einem kleinen Dorf und gilt als \u00abeigenartig, merkw\u00fcrdig und seltsam\u00bb. Beim Biest und im Schloss findet sie jedoch die Akzeptanz, die sie schon lange gesucht hat. Auch das Biest sucht die grosse Liebe, zweifelt jedoch daran, dass jemand ihn lieben k\u00f6nnte, da er ja so scheusslich aussieht. Trotz all dem verliebt sich Belle aber, was zeigt, dass nur die inneren Werte z\u00e4hlen sollten. Dies ist meiner Meinung nach auch die zentrale Erkenntnis.<\/p>\n\n\n\n<p>Ich habe schon vor ca. einem Jahr mitbekommen, dass die Auff\u00fchrung geplant war und habe an dem Moment begonnen, mich mental darauf vorzubereiten und mich auch darauf zu freuen. Richtig ernst wurde es vor ein paar Monaten, als wir angefangen haben, die verschiedenen St\u00fccke zu proben. Bei den Proben habe ich auch die anderen Ensembles besser kennengelernt. Als Aussenstehende hatte ich zum Beispiel den Eindruck, dass die Atmosph\u00e4re im Orchester sehr entspannt ist und W\u00e4rme ausstrahlt.<\/p>\n\n\n\n<p>Die gr\u00f6sste Herausforderung f\u00fcr mich war die Koordination zwischen den beiden Ensembles, da die Band und der Chor einige St\u00fccke zusammen auff\u00fchrten. Am Schluss hat aber alles ganz gut geklappt. &nbsp;Ich fand das Projekt sehr cool und bin sicher daf\u00fcr, wieder so etwas zu machen.<\/p>\n\n\n\n<p><strong>Katja Schreurs, 4c<\/strong>, <strong>Foto: Isabel Gehweiler<\/strong><\/p>\n","protected":false},"excerpt":{"rendered":"<p>In einem Gemeinschaftsprojekt brachten das Jugendorchester Einsiedeln, die Schulband und der Cum-Anima-Chor am 13.6. 2023 gemeinsam \u00abDie Sch\u00f6ne und das<\/p>\n","protected":false},"author":1,"featured_media":6377,"comment_status":"open","ping_status":"closed","sticky":false,"template":"","format":"standard","meta":{"spay_email":"","jetpack_publicize_message":"","jetpack_is_tweetstorm":false},"categories":[3],"tags":[],"jetpack_featured_media_url":"https:\/\/i2.wp.com\/www.stiftsforum.ch\/blog\/wp-content\/uploads\/2023\/06\/IMG-20230619-WA0011.jpg?fit=1600%2C1200&ssl=1","jetpack_publicize_connections":[],"jetpack_sharing_enabled":true,"jetpack_shortlink":"https:\/\/wp.me\/p9nzRF-1EM","jetpack_likes_enabled":true,"jetpack-related-posts":[{"id":4842,"url":"https:\/\/www.stiftsforum.ch\/blog\/?p=4842","url_meta":{"origin":6372,"position":0},"title":"R\u00fcckblick Oper \"H\u00e4nsel und Gretel\"","date":"Dezember 7, 2021","format":false,"excerpt":"Am 5.\/ 6. November wurden Ausz\u00fcge einer Oper an der Stiftsschule aufgef\u00fchrt. Wir haben die Musiklehrerin Frau Marie M\u00fcller interviewt, von welcher die Idee zur Oper urspr\u00fcnglich stammt. Ein Bericht von Erin Schuler. An der Stiftsschule wurde eine Oper aufgef\u00fchrt. Wie soll man sich das vorstellen? Eine Oper definiert zun\u00e4chst\u2026","rel":"","context":"In &quot;Allgemein&quot;","img":{"alt_text":"","src":"https:\/\/i2.wp.com\/www.stiftsforum.ch\/blog\/wp-content\/uploads\/2021\/12\/grades-g232603f3b_1920.jpg?fit=1200%2C798&ssl=1&resize=350%2C200","width":350,"height":200},"classes":[]},{"id":5107,"url":"https:\/\/www.stiftsforum.ch\/blog\/?p=5107","url_meta":{"origin":6372,"position":1},"title":"Von Uptown Funk bis No Time To Die","date":"April 5, 2022","format":false,"excerpt":"Am 2.4.2022 lud die Feldmusik zum Laetaren-Konzert ein. Die 29 Sch\u00fcler*innen f\u00fcllten den Theatersaal mit frecher Pop-Musik, gel\u00e4ufigen Chartbreakern sowie bekannter Rockmusik. Unter der Leitung von Herrn Meister performten die jungen Musikanten einwandfrei. -Ein Beitrag von Erin Schuler Das Laetare-Konzert der Feldmusik ist schon lange eine Tradition an der Stiftschule.\u2026","rel":"","context":"In &quot;Allgemein&quot;","img":{"alt_text":"","src":"https:\/\/i2.wp.com\/www.stiftsforum.ch\/blog\/wp-content\/uploads\/2022\/04\/MicrosoftTeams-image.jpg?fit=1200%2C675&ssl=1&resize=350%2C200","width":350,"height":200},"classes":[]},{"id":4449,"url":"https:\/\/www.stiftsforum.ch\/blog\/?p=4449","url_meta":{"origin":6372,"position":2},"title":"\"Die Integration der M\u00e4dchen vollzog sich sehr organisch und selbstverst\u00e4ndlich\"","date":"April 27, 2021","format":false,"excerpt":"50 Jahre M\u00e4dchen an der Stiftsschule H\u00e4tte P. Thomas F\u00e4ssler nicht darauf aufmerksam gemacht, w\u00e4re in diesem Schuljahr ein Jubil\u00e4um fast vergessen worden: Seit genau 50 Jahren wird an der Stiftsschule koedukativ unterrichtet. Im Schuljahr 1970\/71 kamen die ersten sieben M\u00e4dchen in die ersten Klassen und eine erstaunlich unscheinbare, aber\u2026","rel":"","context":"In &quot;Allgemein&quot;","img":{"alt_text":"","src":"https:\/\/i0.wp.com\/www.stiftsforum.ch\/blog\/wp-content\/uploads\/2021\/04\/IMG-20210428-WA0000-1.jpg?fit=1200%2C900&ssl=1&resize=350%2C200","width":350,"height":200},"classes":[]},{"id":4368,"url":"https:\/\/www.stiftsforum.ch\/blog\/?p=4368","url_meta":{"origin":6372,"position":3},"title":"In der Zwischenwelt von Malerei und Architektur","date":"April 13, 2021","format":false,"excerpt":"Praktikant Dr. Manuel Mayer \u00fcber Funktion und Sch\u00f6nheit von Stuckelementen in der Einsiedler Klosterkirche Man nehme Gips und Kalk und f\u00fcr die Farbgebung entsprechende Pigmente, vermenge sie und gestalte damit eine Vielzahl an m\u00f6glichen Formen: Skulpturen, Ornamente und kleine Malereien. Die Kunst der Stuckatur war und ist eine vielf\u00e4ltige k\u00fcnstlerische\u2026","rel":"","context":"In &quot;Allgemein&quot;","img":{"alt_text":"","src":"https:\/\/i2.wp.com\/www.stiftsforum.ch\/blog\/wp-content\/uploads\/2021\/04\/IMG_20210413_121930-1-scaled.jpg?fit=1200%2C900&ssl=1&resize=350%2C200","width":350,"height":200},"classes":[]},{"id":2052,"url":"https:\/\/www.stiftsforum.ch\/blog\/?p=2052","url_meta":{"origin":6372,"position":4},"title":"\"Ein liederlicher Abend\" - Das Stiftstheater 2018","date":"Mai 15, 2018","format":false,"excerpt":"Jael Inauen Dieses selbstgeschriebene St\u00fcck umrahmt alle Werke von Mani Matter, literarisch, dichterisch sowie musikalisch, und fasst sie zu einem Theaterst\u00fcck zusammen. Als Szenerie wird ein Klassenzimmer in den 70er Jahren portr\u00e4tiert, die Schauspieler sind entsprechend gekleidet. Alle Gedichte und Lieder werden von den Akteuren selbst rezitiert bzw. gesungen, was\u2026","rel":"","context":"In &quot;Kommentar&quot;","img":{"alt_text":"","src":"https:\/\/i0.wp.com\/www.stiftsforum.ch\/blog\/wp-content\/uploads\/2018\/05\/IGP6650-300x201.jpg?resize=350%2C200","width":350,"height":200},"classes":[]},{"id":4639,"url":"https:\/\/www.stiftsforum.ch\/blog\/?p=4639","url_meta":{"origin":6372,"position":5},"title":"\"Der Schluss ist bezaubernd.\"","date":"November 2, 2021","format":false,"excerpt":"Eine S\u00e4ngerin des Chores, Alessia Bl\u00fceler (2d), gibt uns einen Einblick in die bevorstehende Oper \"H\u00e4nsel und Gretel\": Von Erin Schuler. Ich freue mich auf das Lied \u201eErstes Bild daheim\u201c am meisten, weil es sehr freudig ist und die Stimmen gut zusammen harmonieren. Das Highlight der Auff\u00fchrung ist f\u00fcr mich\u2026","rel":"","context":"In &quot;Allgemein&quot;","img":{"alt_text":"","src":"https:\/\/i0.wp.com\/www.stiftsforum.ch\/blog\/wp-content\/uploads\/2021\/11\/choir-g696edb45e_1280.png?fit=1200%2C822&ssl=1&resize=350%2C200","width":350,"height":200},"classes":[]}],"_links":{"self":[{"href":"https:\/\/www.stiftsforum.ch\/blog\/index.php?rest_route=\/wp\/v2\/posts\/6372"}],"collection":[{"href":"https:\/\/www.stiftsforum.ch\/blog\/index.php?rest_route=\/wp\/v2\/posts"}],"about":[{"href":"https:\/\/www.stiftsforum.ch\/blog\/index.php?rest_route=\/wp\/v2\/types\/post"}],"author":[{"embeddable":true,"href":"https:\/\/www.stiftsforum.ch\/blog\/index.php?rest_route=\/wp\/v2\/users\/1"}],"replies":[{"embeddable":true,"href":"https:\/\/www.stiftsforum.ch\/blog\/index.php?rest_route=%2Fwp%2Fv2%2Fcomments&post=6372"}],"version-history":[{"count":6,"href":"https:\/\/www.stiftsforum.ch\/blog\/index.php?rest_route=\/wp\/v2\/posts\/6372\/revisions"}],"predecessor-version":[{"id":6381,"href":"https:\/\/www.stiftsforum.ch\/blog\/index.php?rest_route=\/wp\/v2\/posts\/6372\/revisions\/6381"}],"wp:featuredmedia":[{"embeddable":true,"href":"https:\/\/www.stiftsforum.ch\/blog\/index.php?rest_route=\/wp\/v2\/media\/6377"}],"wp:attachment":[{"href":"https:\/\/www.stiftsforum.ch\/blog\/index.php?rest_route=%2Fwp%2Fv2%2Fmedia&parent=6372"}],"wp:term":[{"taxonomy":"category","embeddable":true,"href":"https:\/\/www.stiftsforum.ch\/blog\/index.php?rest_route=%2Fwp%2Fv2%2Fcategories&post=6372"},{"taxonomy":"post_tag","embeddable":true,"href":"https:\/\/www.stiftsforum.ch\/blog\/index.php?rest_route=%2Fwp%2Fv2%2Ftags&post=6372"}],"curies":[{"name":"wp","href":"https:\/\/api.w.org\/{rel}","templated":true}]}}