{"id":6436,"date":"2023-09-21T14:50:39","date_gmt":"2023-09-21T13:50:39","guid":{"rendered":"http:\/\/www.stiftsforum.ch\/blog\/?p=6436"},"modified":"2023-09-21T14:53:56","modified_gmt":"2023-09-21T13:53:56","slug":"ein-kunsthistorisches-schaufenster-mit-objekten-aus-dem-kloster","status":"publish","type":"post","link":"https:\/\/www.stiftsforum.ch\/blog\/?p=6436","title":{"rendered":"Ein kunsthistorisches Schaufenster f\u00fcr die Schule"},"content":{"rendered":"\n<p>Eine verglaste und beleuchtete Wandnische  im 1. Stock des Schulgeb\u00e4udes dient seit vergangener Woche als kleines kunsthistorisches Schaufenster f\u00fcr Objekte aus und zum Kloster. Kunsthistoriker Markus Bamert, der die kl\u00f6sterliche Sammlung leitet, w\u00e4hlte f\u00fcr den September dazu ein Modell aus, das die urspr\u00fcngliche Bauart der Gnadenkapelle zeigen will. Ein Bild aus dem &#8220;Gutt\u00e4terbuch&#8221;, das dazu die bekannte Szene der Einweihung der Kapelle zeigt (wie sie ja auch an der Engelweihe gefeiert wird), erg\u00e4nzt die historische Miniatur. <\/p>\n\n\n\n<p>Im monatlichen Wechsel werden im Laufe des Schuljahres noch weitere spannende und\/oder kuriose Objekte folgen. <\/p>\n","protected":false},"excerpt":{"rendered":"<p>Eine verglaste und beleuchtete Wandnische im 1. Stock des Schulgeb\u00e4udes dient seit vergangener Woche als kleines kunsthistorisches Schaufenster f\u00fcr Objekte<\/p>\n","protected":false},"author":1,"featured_media":6439,"comment_status":"open","ping_status":"closed","sticky":false,"template":"","format":"standard","meta":{"spay_email":"","jetpack_publicize_message":"","jetpack_is_tweetstorm":false},"categories":[3,78],"tags":[],"jetpack_featured_media_url":"https:\/\/i0.wp.com\/www.stiftsforum.ch\/blog\/wp-content\/uploads\/2023\/09\/thumbnail_Guttaeterbuch.jpg?fit=720%2C991&ssl=1","jetpack_publicize_connections":[],"jetpack_sharing_enabled":true,"jetpack_shortlink":"https:\/\/wp.me\/p9nzRF-1FO","jetpack_likes_enabled":true,"jetpack-related-posts":[{"id":4340,"url":"https:\/\/www.stiftsforum.ch\/blog\/?p=4340","url_meta":{"origin":6436,"position":0},"title":"In der kl\u00f6sterlichen Schatzkammer","date":"M\u00e4rz 25, 2021","format":false,"excerpt":"Eine F\u00fchrung mit dem Leiter der Kunstsammlung Markus Bamert (25.3.2021) \u00dcber 4000 Objekte umfasst die gr\u00f6sste Sammlung sakraler Kunst in der Schweiz, die sich im Kloster Einsiedeln befindet. Einer Gruppe von interessierten Lehrpersonen bot der Kunsthistoriker und Restaurator Markus Bamert anhand von ausgew\u00e4hlten Objketen einen spannenden Einblick in die \u00fcber\u2026","rel":"","context":"In &quot;Schule&amp;Kloster&quot;","img":{"alt_text":"","src":"https:\/\/i0.wp.com\/www.stiftsforum.ch\/blog\/wp-content\/uploads\/2021\/03\/20210325_194729_resized.jpg?fit=1024%2C768&ssl=1&resize=350%2C200","width":350,"height":200},"classes":[]},{"id":6524,"url":"https:\/\/www.stiftsforum.ch\/blog\/?p=6524","url_meta":{"origin":6436,"position":1},"title":"Kunsthistorische Objekte zum Monat November","date":"November 6, 2023","format":false,"excerpt":"Erinnerungskultur oder: Der Tod hat nicht das letzte Wort Mit dem Monat November beginnt die dunklere Winterzeit. Dazu passt, dass an Allerseelen (1. November) der Verstorbenen gedacht wird, auch jener aus unserem pers\u00f6nlichen Umfeld. Am 29. September ist der langj\u00e4hrige Griechisch- und Lateinlehrer P. Alois (Klasseng\u00f6tti der 3a) verstorben, an\u2026","rel":"","context":"In &quot;Allgemein&quot;","img":{"alt_text":"","src":"https:\/\/i2.wp.com\/www.stiftsforum.ch\/blog\/wp-content\/uploads\/2023\/11\/20231106_170718-1-scaled.jpg?fit=1200%2C831&ssl=1&resize=350%2C200","width":350,"height":200},"classes":[]},{"id":4368,"url":"https:\/\/www.stiftsforum.ch\/blog\/?p=4368","url_meta":{"origin":6436,"position":2},"title":"In der Zwischenwelt von Malerei und Architektur","date":"April 13, 2021","format":false,"excerpt":"Praktikant Dr. Manuel Mayer \u00fcber Funktion und Sch\u00f6nheit von Stuckelementen in der Einsiedler Klosterkirche Man nehme Gips und Kalk und f\u00fcr die Farbgebung entsprechende Pigmente, vermenge sie und gestalte damit eine Vielzahl an m\u00f6glichen Formen: Skulpturen, Ornamente und kleine Malereien. Die Kunst der Stuckatur war und ist eine vielf\u00e4ltige k\u00fcnstlerische\u2026","rel":"","context":"In &quot;Allgemein&quot;","img":{"alt_text":"","src":"https:\/\/i2.wp.com\/www.stiftsforum.ch\/blog\/wp-content\/uploads\/2021\/04\/IMG_20210413_121930-1-scaled.jpg?fit=1200%2C900&ssl=1&resize=350%2C200","width":350,"height":200},"classes":[]},{"id":6289,"url":"https:\/\/www.stiftsforum.ch\/blog\/?p=6289","url_meta":{"origin":6436,"position":3},"title":"B\u00e4ume f\u00fcr eine umweltbewusste Zukunft - Das Kloster pflanzt drei Baumalleen","date":"April 23, 2023","format":false,"excerpt":"\u00abWerde mit deiner Klasse Baum-Pate\u00bb, hiess es bereits im Dezember an der Stiftsschule. Das Kloster informierte dar\u00fcber, dass im Fr\u00fchjahr im Rahmen eines kantonalen Projekts 50 neue B\u00e4ume rund um das Klostergel\u00e4nde gepflanzt werden w\u00fcrden und Schulklassen, Lehrpersonen und Klosterangestellte Baumpatenschaften \u00fcbernehmen k\u00f6nnten. Diese Woche war es nun soweit: Die\u2026","rel":"","context":"In &quot;Allgemein&quot;","img":{"alt_text":"","src":"https:\/\/i2.wp.com\/www.stiftsforum.ch\/blog\/wp-content\/uploads\/2023\/04\/Baumallee-1.jpg?fit=1200%2C900&ssl=1&resize=350%2C200","width":350,"height":200},"classes":[]},{"id":3984,"url":"https:\/\/www.stiftsforum.ch\/blog\/?p=3984","url_meta":{"origin":6436,"position":4},"title":"Ausculta! Die Einsiedler Glocken","date":"November 26, 2020","format":false,"excerpt":"Die Schulseelsorge w\u00e4hlte f\u00fcr das aktuelle Schuljahr das Motto \u00abAusculta. H\u00f6r hin\u00bb. Latein- und Griechischlehrer Francesco De Vecchi wurde dabei auf den Klang der kl\u00f6sterlichen Glocken aufmerksam. Ein Sch\u00fcler der 1.Klasse hatte sich bei ihm nach der Funktionsweise derselben erkundigt und so begab sich Herr De Vecchi auf die Suche\u2026","rel":"","context":"In &quot;Allgemein&quot;","img":{"alt_text":"","src":"https:\/\/i1.wp.com\/www.stiftsforum.ch\/blog\/wp-content\/uploads\/2020\/11\/Glocken.jpg?fit=944%2C1200&ssl=1&resize=350%2C200","width":350,"height":200},"classes":[]},{"id":4304,"url":"https:\/\/www.stiftsforum.ch\/blog\/?p=4304","url_meta":{"origin":6436,"position":5},"title":"B\u00fccher f\u00fcr die Ewigkeit","date":"M\u00e4rz 14, 2021","format":false,"excerpt":"Beat Frei ist Buchrestaurator und Buchbinder im Kloster Einsiedeln. Er erlernte das Handwerk des Handbuchbinders in Z\u00fcrich und die Buchrestaurierung in Ascona. Seit 27 Jahren widmet er sich den wertvollen Handschriften der Klosterbibliothek und des Archivs, die nach Jahrhunderten ihres Bestehens auch die eine oder andere Reparatur ben\u00f6tigen. Grosse Folianten\u2026","rel":"","context":"In &quot;Schule&amp;Kloster&quot;","img":{"alt_text":"","src":"https:\/\/i2.wp.com\/www.stiftsforum.ch\/blog\/wp-content\/uploads\/2021\/03\/Foto1-1.jpg?fit=1200%2C799&ssl=1&resize=350%2C200","width":350,"height":200},"classes":[]}],"_links":{"self":[{"href":"https:\/\/www.stiftsforum.ch\/blog\/index.php?rest_route=\/wp\/v2\/posts\/6436"}],"collection":[{"href":"https:\/\/www.stiftsforum.ch\/blog\/index.php?rest_route=\/wp\/v2\/posts"}],"about":[{"href":"https:\/\/www.stiftsforum.ch\/blog\/index.php?rest_route=\/wp\/v2\/types\/post"}],"author":[{"embeddable":true,"href":"https:\/\/www.stiftsforum.ch\/blog\/index.php?rest_route=\/wp\/v2\/users\/1"}],"replies":[{"embeddable":true,"href":"https:\/\/www.stiftsforum.ch\/blog\/index.php?rest_route=%2Fwp%2Fv2%2Fcomments&post=6436"}],"version-history":[{"count":3,"href":"https:\/\/www.stiftsforum.ch\/blog\/index.php?rest_route=\/wp\/v2\/posts\/6436\/revisions"}],"predecessor-version":[{"id":6440,"href":"https:\/\/www.stiftsforum.ch\/blog\/index.php?rest_route=\/wp\/v2\/posts\/6436\/revisions\/6440"}],"wp:featuredmedia":[{"embeddable":true,"href":"https:\/\/www.stiftsforum.ch\/blog\/index.php?rest_route=\/wp\/v2\/media\/6439"}],"wp:attachment":[{"href":"https:\/\/www.stiftsforum.ch\/blog\/index.php?rest_route=%2Fwp%2Fv2%2Fmedia&parent=6436"}],"wp:term":[{"taxonomy":"category","embeddable":true,"href":"https:\/\/www.stiftsforum.ch\/blog\/index.php?rest_route=%2Fwp%2Fv2%2Fcategories&post=6436"},{"taxonomy":"post_tag","embeddable":true,"href":"https:\/\/www.stiftsforum.ch\/blog\/index.php?rest_route=%2Fwp%2Fv2%2Ftags&post=6436"}],"curies":[{"name":"wp","href":"https:\/\/api.w.org\/{rel}","templated":true}]}}