{"id":6549,"date":"2023-12-08T21:17:58","date_gmt":"2023-12-08T20:17:58","guid":{"rendered":"http:\/\/www.stiftsforum.ch\/blog\/?p=6549"},"modified":"2023-12-08T21:18:00","modified_gmt":"2023-12-08T20:18:00","slug":"guesel-wertstoffe","status":"publish","type":"post","link":"https:\/\/www.stiftsforum.ch\/blog\/?p=6549","title":{"rendered":"G\u00fcsel? Wertstoffe!"},"content":{"rendered":"\n<p><strong>Ein Einblick ins Steinauer-Entsorgungscenter<\/strong><\/p>\n\n\n\n<p>Kompetent f\u00fchrte Gesch\u00e4ftsleitungsmitglied Christian Hitz-Steinauer unsere kleine Lehrpersonendelegation durch das Gel\u00e4nde des Steinauer-Entsorgungscenters und zeigte eindr\u00fccklich auf, dass das, was von uns weggeschmissen wird, eben nicht einfach \u201eG\u00fcsel\u201c ist, sondern aus Wertstoffen besteht, die in den allermeisten F\u00e4llen mit finanziellem Gewinn einem neuen Zweck zugef\u00fchrt werden k\u00f6nnen. So verarbeitet der Betrieb Ziegel und Steine direkt zu Bau- und Gartenmaterial und mit dem geschnitzelten Altholz beliefert man verschiedene Holzschnitzelanlagen der Region, unter anderem auch diejenige des Klosters.<\/p>\n\n\n\n<p>Besonders \u00fcberrascht hat uns, wie viel Handarbeit beim Verlesen der abgegebenen Wertstoffe zum Zug kommt, sei dies beim Auseinandernehmen von Bildschirmen oder eben auch beim Trennen von Holz und Metallteilen wie Scharnieren oder \u00c4hnlichem. Zwar gibt es Magnete, welche Metallteile maschinell aus dem Holz sieben, aber alles nichtmagnetische Metall muss von Hand entfernt werden. Wertstoffe, die Steinauer Recycling und Umweltservice AG nicht selber verwertet, werden sauber getrennt und f\u00fcr den Weitertransport vorbereitet. Um Karton, PET und andere Kunststoffe in transportf\u00e4hige B\u00fcndel zu pressen, steht eine leistungsstarke Presse zur Verf\u00fcgung.<\/p>\n\n\n\n<p>Bei den Ausf\u00fchrungen von Christian Hitz-Steinauer fiel immer wieder auf, wie viel Wert der Betrieb darauf legt, Synergien zu nutzen und zum Beispiel Leerfahrten zu vermeiden. So bringen dieselben Lastwagen, welche Gr\u00fcngut zur Weiterverarbeitung wegtransportieren, auf dem Heimweg frischen Humus zur\u00fcck, den dann G\u00e4rtnereibetriebe direkt wieder erwerben und aufladen k\u00f6nnen, nachdem sie ihr Entsorgungsgut im Center abgeladen haben.<\/p>\n\n\n\n<p>Fazit: Von unserem lehrreichen Ausflug in die Welt der Wertstoffe bleibt das Staunen dar\u00fcber, was diese Firma aus vermeintlichem \u201eAbfall\u201c herausholt, und die Einsicht, dass Recycling und Nachhaltigkeit am besten funktioniert, wenn sich das Ganze auch finanziell rechnet.<\/p>\n\n\n\n<p><em>Bild: Christian Hitz erkl\u00e4rt, wie Altholz zu Holzschnitzeln verarbeitet wird.<\/em><\/p>\n\n\n\n<p><em>Text und Foto: Philipp Lothenbach<\/em><\/p>\n\n\n\n<p><strong>Die Exkursion f\u00fcr Lehrpersonen fand im Rahmen des Nachhaltigkeits-Halbtages am 7.Dezember 2023 statt. <\/strong><\/p>\n","protected":false},"excerpt":{"rendered":"<p>Ein Einblick ins Steinauer-Entsorgungscenter Kompetent f\u00fchrte Gesch\u00e4ftsleitungsmitglied Christian Hitz-Steinauer unsere kleine Lehrpersonendelegation durch das Gel\u00e4nde des Steinauer-Entsorgungscenters und zeigte eindr\u00fccklich<\/p>\n","protected":false},"author":1,"featured_media":6550,"comment_status":"open","ping_status":"closed","sticky":false,"template":"","format":"standard","meta":{"spay_email":"","jetpack_publicize_message":"","jetpack_is_tweetstorm":false},"categories":[3,25,10],"tags":[],"jetpack_featured_media_url":"https:\/\/i1.wp.com\/www.stiftsforum.ch\/blog\/wp-content\/uploads\/2023\/12\/Steinauer-scaled.jpg?fit=2560%2C1920&ssl=1","jetpack_publicize_connections":[],"jetpack_sharing_enabled":true,"jetpack_shortlink":"https:\/\/wp.me\/p9nzRF-1HD","jetpack_likes_enabled":true,"jetpack-related-posts":[{"id":6575,"url":"https:\/\/www.stiftsforum.ch\/blog\/?p=6575","url_meta":{"origin":6549,"position":0},"title":"Heizen heute - Besichtigung der Altholz- und Hackschnitzelverbrennungsanlage der Energie Einsiedeln AG","date":"Dezember 12, 2023","format":false,"excerpt":"von Maria Egartner Wir treffen uns auf dem Areal des Holzhofs des Klosters Einsiedeln. Wir, das sind Facility Manager Marco Dettling und vier interessierte Lehrpersonen, die an diesem Tag das Modul \u201eHeizen heute\u201c im Rahmen des Nachhaltigkeitshalbtags der Stiftsschule gew\u00e4hlt haben. Das geschnittene Holz ist in ordentlichen Lagen gestapelt, daneben\u2026","rel":"","context":"In &quot;Allgemein&quot;","img":{"alt_text":"","src":"https:\/\/i0.wp.com\/www.stiftsforum.ch\/blog\/wp-content\/uploads\/2023\/12\/20231207_134740_resized.jpg?fit=1156%2C867&ssl=1&resize=350%2C200","width":350,"height":200},"classes":[]},{"id":6891,"url":"https:\/\/www.stiftsforum.ch\/blog\/?p=6891","url_meta":{"origin":6549,"position":1},"title":"Die ersten Klassen im Recycling-Center Steinauer","date":"Juni 22, 2025","format":false,"excerpt":"Auf der informativen Tour durch das Recycling-Center Steinauer in Einsiedeln lernten die 1.Kl\u00e4sslerInnen, wie Materialien wie Beton, Ziegel, Plastik, Eisen, Metall, Karton, Papier, Holz und Kork recyclet werden. Zudem gewannen sie eindrucksvolle Einblicke in die wertvolle Arbeit f\u00fcr die Wiederverwertung dieser Rohstoffe. Ein sch\u00f6ner gemeinschaftlicher und lehrreicher Abschluss des ersten\u2026","rel":"","context":"In &quot;Allgemein&quot;","img":{"alt_text":"","src":"https:\/\/i0.wp.com\/www.stiftsforum.ch\/blog\/wp-content\/uploads\/2025\/06\/IMG-20250622-WA0003.jpg?fit=1200%2C904&ssl=1&resize=350%2C200","width":350,"height":200},"classes":[]},{"id":6331,"url":"https:\/\/www.stiftsforum.ch\/blog\/?p=6331","url_meta":{"origin":6549,"position":2},"title":"Der Recycling-Report","date":"Juni 6, 2023","format":false,"excerpt":"von Francesco De Vecchi In der Schweiz recycelt man angeblich viel, heisst es. Stimmt das \u00fcberhaupt im konkreten Alltag? Im Rahmen meiner Teilhabe an der \u00abNachhaltigkeitsgruppe\u00bb will ich wissen, was mit dem Abfall passiert, den ich t\u00e4glich an der lieben Stiftsschule \u201aproduziere\u2018, wie man sagt. Also habe ich ein paar\u2026","rel":"","context":"In &quot;Allgemein&quot;","img":{"alt_text":"","src":"https:\/\/i0.wp.com\/www.stiftsforum.ch\/blog\/wp-content\/uploads\/2023\/06\/image-1.jpeg?fit=1200%2C900&ssl=1&resize=350%2C200","width":350,"height":200},"classes":[]},{"id":4482,"url":"https:\/\/www.stiftsforum.ch\/blog\/?p=4482","url_meta":{"origin":6549,"position":3},"title":"Unbenutzte Dachschiefer kreativ wiederverwendet","date":"April 30, 2021","format":false,"excerpt":"von Tanvee Patnaik, 1a Die Klasse 1a der Stiftsschule Einsiedeln gestaltete in den letzten Wochen Schiefertafeln. Der benutzte Stein aus dem Glarnerland w\u00e4re sonst wohl weggeworfen worden. Die Sch\u00fclerinnen und Sch\u00fcler aus der 1a fabrizierten im Fach \u201eTechnisches Gestalten\u201c bewundernswerte Schiefertafeln, indem sie eine beliebige Figur oder ein Zeichen ausw\u00e4hlen\u2026","rel":"","context":"In &quot;Allgemein&quot;","img":{"alt_text":"","src":"https:\/\/i2.wp.com\/www.stiftsforum.ch\/blog\/wp-content\/uploads\/2021\/04\/Bild_BEricht_Tanvee.jpg?fit=907%2C1200&ssl=1&resize=350%2C200","width":350,"height":200},"classes":[]},{"id":4517,"url":"https:\/\/www.stiftsforum.ch\/blog\/?p=4517","url_meta":{"origin":6549,"position":4},"title":"Was verbirgt sich unter den Pflastersteinen?","date":"September 23, 2021","format":false,"excerpt":"Ein Vortrag im Internat zur Klosterplatz-Arch\u00e4ologie. von Francesco De Vecchi \u00abWarum w\u00e4chst das Erdniveau eigentlich stetig?\u00bb Diese Frage des Internatssch\u00fclers Melchior am Ende des Vortrages von Frau Marty im Internat hat es in sich. Es ist nicht leicht f\u00fcr uns heute nachzuvollziehen, weshalb sich unter dem aktuell entstehenden Klosterplatz noch\u2026","rel":"","context":"In &quot;Allgemein&quot;","img":{"alt_text":"","src":"https:\/\/i2.wp.com\/www.stiftsforum.ch\/blog\/wp-content\/uploads\/2021\/09\/thumbnail_IMG_9880.jpg?fit=1200%2C900&ssl=1&resize=350%2C200","width":350,"height":200},"classes":[]},{"id":1550,"url":"https:\/\/www.stiftsforum.ch\/blog\/?p=1550","url_meta":{"origin":6549,"position":5},"title":"Plastik, dein Feind und Helfer","date":"November 21, 2017","format":false,"excerpt":"Plastik \u2013 Ein Wundermaterial. Es gibt wohl nichts, was man aus Plastik nicht herstellen k\u00f6nnte. Jahrzehntelang wurde es bedenkenlos hergestellt, jetzt w\u00e4chst der Zweifel am Kunststoff. Eine Suche nach Alternativen. \u00a0 Es gab eine Zeit, da lebten Dinosaurier auf unserer Welt. Es gab eine Zeit, da bekriegten sich Deutschland und\u2026","rel":"","context":"In &quot;Allgemein&quot;","img":{"alt_text":"","src":"https:\/\/i0.wp.com\/www.stiftsforum.ch\/blog\/wp-content\/uploads\/2017\/11\/AC62852D-3F8E-499C-9ABC-F43245D0CB38.jpeg?fit=1200%2C595&ssl=1&resize=350%2C200","width":350,"height":200},"classes":[]}],"_links":{"self":[{"href":"https:\/\/www.stiftsforum.ch\/blog\/index.php?rest_route=\/wp\/v2\/posts\/6549"}],"collection":[{"href":"https:\/\/www.stiftsforum.ch\/blog\/index.php?rest_route=\/wp\/v2\/posts"}],"about":[{"href":"https:\/\/www.stiftsforum.ch\/blog\/index.php?rest_route=\/wp\/v2\/types\/post"}],"author":[{"embeddable":true,"href":"https:\/\/www.stiftsforum.ch\/blog\/index.php?rest_route=\/wp\/v2\/users\/1"}],"replies":[{"embeddable":true,"href":"https:\/\/www.stiftsforum.ch\/blog\/index.php?rest_route=%2Fwp%2Fv2%2Fcomments&post=6549"}],"version-history":[{"count":1,"href":"https:\/\/www.stiftsforum.ch\/blog\/index.php?rest_route=\/wp\/v2\/posts\/6549\/revisions"}],"predecessor-version":[{"id":6551,"href":"https:\/\/www.stiftsforum.ch\/blog\/index.php?rest_route=\/wp\/v2\/posts\/6549\/revisions\/6551"}],"wp:featuredmedia":[{"embeddable":true,"href":"https:\/\/www.stiftsforum.ch\/blog\/index.php?rest_route=\/wp\/v2\/media\/6550"}],"wp:attachment":[{"href":"https:\/\/www.stiftsforum.ch\/blog\/index.php?rest_route=%2Fwp%2Fv2%2Fmedia&parent=6549"}],"wp:term":[{"taxonomy":"category","embeddable":true,"href":"https:\/\/www.stiftsforum.ch\/blog\/index.php?rest_route=%2Fwp%2Fv2%2Fcategories&post=6549"},{"taxonomy":"post_tag","embeddable":true,"href":"https:\/\/www.stiftsforum.ch\/blog\/index.php?rest_route=%2Fwp%2Fv2%2Ftags&post=6549"}],"curies":[{"name":"wp","href":"https:\/\/api.w.org\/{rel}","templated":true}]}}