{"id":6567,"date":"2023-12-12T09:08:40","date_gmt":"2023-12-12T08:08:40","guid":{"rendered":"http:\/\/www.stiftsforum.ch\/blog\/?p=6567"},"modified":"2023-12-21T21:26:28","modified_gmt":"2023-12-21T20:26:28","slug":"report","status":"publish","type":"post","link":"https:\/\/www.stiftsforum.ch\/blog\/?p=6567","title":{"rendered":"REPORT: \u00d6kospiritualit\u00e4t \u2013 Tiefen\u00f6kologie \u2013 The Work That Reconnects (die Arbeit, die wieder verbindet) \u2013 Active Hope (Hoffnung durch Handeln)"},"content":{"rendered":"\n<p><em>von Rahel Fuchs<\/em><\/p>\n\n\n\n<p>Dies alles sind Bezeichnungen ein und derselben Prozessarbeit, die uns unterst\u00fctzt, unser Bewusstsein zu wandeln und zu st\u00e4rken, um uns f\u00fcr eine lebens- und enkeltaugliche Zukunft einzusetzen, in der auch die zuk\u00fcnftigen Generationen ihre Bed\u00fcrfnisse decken k\u00f6nnen in einer gesunden Umwelt und intakten Natur.&nbsp;In der Tiefen\u00f6kologie werden Fragen nach m\u00f6glichen und notwendigen Ver\u00e4nderungen menschlicher Lebensart gestellt, basierend auf der&nbsp;Ansicht, dass das \u00dcberleben eines Teils unseres \u00d6kosystems (also z.B. wir als Menschheit) vom Wohlergehen des Ganzen abh\u00e4ngt.<\/p>\n\n\n\n<p><strong>Daniel Wiederkehr<\/strong>&nbsp;beginnt den Workshop mit einem besinnlichen Ankommen, welches uns mit etwas verbindet, dass uns im Leben ganz lebendig sein l\u00e4sst. Danach stellt er uns die tiefen\u00f6kologische Arbeit nach Joanna Macy vor und beschreibt sie als eine Spirale, die eine Reise durch vier aufeinanderfolgende Entwicklungsphasen beinhaltet. Diese Spirale wird versinnbildlicht in einer kreisf\u00f6rmigen Zeichnung einer L\u00f6wenzahnpflanze, mit Wurzeln, Bl\u00e4ttern und Stiel, Bl\u00fcten und Samenstand, sowie mit davonfliegenden Samen.<\/p>\n\n\n\n<p><strong>Die Spirale<\/strong><\/p>\n\n\n\n<p>Die Spirale beginnt mit der&nbsp;<strong>Dankbarkeit<\/strong>. Diese l\u00e4sst uns zur Ruhe kommen, verbindet uns mit dem Leben, stimuliert unsere Empathie und Zuversicht und wir werden pr\u00e4sent f\u00fcr all die Wunder des Lebens. So kann uns die Dankbarkeit eine gute Verwurzelung und Halt schenken, um die n\u00e4chsten Schritte anzugehen. (Im Bild: Wurzeln des L\u00f6wenzahns, \u00abgratitude\u00bb.)<\/p>\n\n\n\n<p>Dann&nbsp;<strong>w\u00fcrdigen wir unseren Schmerz um die Welt<\/strong>, da dieser ein gesundes und notweniges Feedback ist, welches f\u00fcr die Gesundung des Gesamtsystems dringend erforderlich ist. Der Schmerz hilft uns zu erkennen, was nicht gut l\u00e4uft, wo Ver\u00e4nderung ansteht und wo unser Beitrag gefragt ist f\u00fcr eine lebenswerte Welt. So wie k\u00f6rperlicher Schmerz eine gesunde Reaktion, ein notwendiges Feedback ist, das uns hilft, unser K\u00f6rpersystem zu sch\u00fctzen und es am Leben zu erhalten, ist der Schmerz um die Welt gesund und notwendig, um unsere Lebensumwelt bewahren zu k\u00f6nnen. (Im Bild: Die spitzigen Bl\u00e4tter des L\u00f6wenzahns, \u00abhonoring our pain\u00bb.)<\/p>\n\n\n\n<p>Dann lernen wir mit&nbsp;<strong>neuen Augen zu sehen<\/strong>&nbsp;und \u00f6ffnen uns f\u00fcr eine erweiterte Sichtweise dessen, was Leben heisst. Hier k\u00f6nnen wir unsere Verbundenheit mit allem, was ist, neu entdecken, unsere grundlegenden Beziehungen zu den vergangenen und kommenden Generationen, sowie unsere geschwisterlichen Beziehungen zu anderen Lebensformen. Dies gibt uns die ausschlaggebende Kraft, den Sinn sowie den Mut und die Anbindung an die sch\u00f6pferischen, kreativen Kr\u00e4fte, die es in der n\u00e4chsten Phase braucht. (Im Bild: Bl\u00fcten und Samenst\u00e4nde des L\u00f6wenzahns, \u00abseeing with new eyes\u00bb.)<\/p>\n\n\n\n<p>In der letzten Phase, dem<strong>&nbsp;Weitergehen und Handeln<\/strong>, sind wir, ausgehend von der Situation, in der wir uns befinden, und den Gaben, die wir inne haben, zur Tat aufgerufen. Wir k\u00f6nnen, gest\u00e4rkt durch diese Prozessarbeit, unsere Verantwortung \u00fcbernehmen als kleiner, aber wichtiger und integraler Teil dieses \u00d6kosystems Erde. (Im Bild: Fliegende Samen des L\u00f6wenzahns, \u00abgoing forth\u00bb.)<\/p>\n\n\n\n<p>Alle vier Phasen f\u00f6rdern sich nicht nur gegenseitig, sondern entfalten ihre ganze Kraft besonders dann, wenn wir sie nacheinander durchschreiten. Die Tiefen\u00f6kologie und die Arbeit mit der Spirale dienen dazu, Selbstheilungskr\u00e4fte in uns zu aktivieren, um als Mensch heilen zu k\u00f6nnen, und so als Teil der Menschheit zum \u00dcberleben unserer Spezies und unseres Lebensumfeldes, dem Planeten Erde, beizutragen.<\/p>\n\n\n\n<p>Nach dem Input zur Spirale f\u00fchrt uns Daniel Wiederkehr in eine \u00dcbung zu zweit mit offenen S\u00e4tzen, welche jeder von uns f\u00fcr sich vervollst\u00e4ndigt. Diese S\u00e4tze verbinden uns mit Dingen, Geschehnissen, Orten und Menschen aus unserem Leben, die uns st\u00e4rkend gepr\u00e4gt haben, und f\u00fchren uns zu unseren eigenen Gaben und F\u00e4higkeiten. Ein Gef\u00fchl von Halt, Dankbarkeit und Verbundenheit steigt auf.&nbsp;<\/p>\n\n\n\n<p>Wir schliessen ab mit einer gef\u00fchrten Meditation, welche sich \u00fcber den Atem dem Thema Schmerz ann\u00e4hert.<\/p>\n\n\n\n<p>In dieser kurzen Zeit des Workshops konnten wir die beiden ersten Phasen der Spirale und deren guttuende Wirkung sogleich erleben, und erahnen, wie uns solche Bewusstseinsarbeit f\u00fcr unseren Lebensalltag und unseren Beitrag f\u00fcr eine lebenswerte Welt st\u00e4rken kann.<\/p>\n\n\n\n<p><strong>Empfohlene Literatur:<\/strong><\/p>\n\n\n\n<ul><li>Joanna Macy, Chris Johnstone: HOFFNUNG DURCH HANDELN<\/li><li>Joanna Macy, Molly Brown: F\u00fcr das Leben! Ohne Warum. Ermutigung zu einer spirituell-\u00f6kologischen Revolution.&nbsp;<\/li><\/ul>\n\n\n\n<p><strong>Bild<\/strong>: Daniel Wiederkehr, Erwachsenenbildner (wandelwerkstatt.ch), Projekt-Erm\u00f6glicher und Theologe, erkl\u00e4rt wichtige Punkte der Tiefen\u00f6kologie. Fotografie: Rahel Fuchs.<\/p>\n\n\n\n<figure class=\"wp-block-image size-large\"><a href=\"https:\/\/i1.wp.com\/www.stiftsforum.ch\/blog\/wp-content\/uploads\/2023\/12\/image001.png?ssl=1\"><img data-attachment-id=\"6569\" data-permalink=\"https:\/\/www.stiftsforum.ch\/blog\/?attachment_id=6569\" data-orig-file=\"https:\/\/i1.wp.com\/www.stiftsforum.ch\/blog\/wp-content\/uploads\/2023\/12\/image001.png?fit=510%2C640&amp;ssl=1\" data-orig-size=\"510,640\" data-comments-opened=\"1\" data-image-meta=\"{&quot;aperture&quot;:&quot;0&quot;,&quot;credit&quot;:&quot;&quot;,&quot;camera&quot;:&quot;&quot;,&quot;caption&quot;:&quot;&quot;,&quot;created_timestamp&quot;:&quot;0&quot;,&quot;copyright&quot;:&quot;&quot;,&quot;focal_length&quot;:&quot;0&quot;,&quot;iso&quot;:&quot;0&quot;,&quot;shutter_speed&quot;:&quot;0&quot;,&quot;title&quot;:&quot;&quot;,&quot;orientation&quot;:&quot;0&quot;}\" data-image-title=\"image001\" data-image-description=\"\" data-medium-file=\"https:\/\/i1.wp.com\/www.stiftsforum.ch\/blog\/wp-content\/uploads\/2023\/12\/image001.png?fit=239%2C300&amp;ssl=1\" data-large-file=\"https:\/\/i1.wp.com\/www.stiftsforum.ch\/blog\/wp-content\/uploads\/2023\/12\/image001.png?fit=510%2C640&amp;ssl=1\" loading=\"lazy\" width=\"510\" height=\"640\" src=\"https:\/\/i1.wp.com\/www.stiftsforum.ch\/blog\/wp-content\/uploads\/2023\/12\/image001.png?resize=510%2C640&#038;ssl=1\" alt=\"\" class=\"wp-image-6569\" srcset=\"https:\/\/i1.wp.com\/www.stiftsforum.ch\/blog\/wp-content\/uploads\/2023\/12\/image001.png?w=510&amp;ssl=1 510w, https:\/\/i1.wp.com\/www.stiftsforum.ch\/blog\/wp-content\/uploads\/2023\/12\/image001.png?resize=239%2C300&amp;ssl=1 239w\" sizes=\"(max-width: 510px) 100vw, 510px\" data-recalc-dims=\"1\" \/><\/a><figcaption>Eine Zeichnung von Dori Midnight als Geschenk an Joanna Macy. Quelle:\u00a0<a rel=\"noreferrer noopener\" href=\"https:\/\/www.joannamacy.net\/work\" target=\"_blank\">https:\/\/www.joannamacy.net\/work<\/a>, 11.12.2023, 9:15h.<\/figcaption><\/figure>\n","protected":false},"excerpt":{"rendered":"<p>von Rahel Fuchs Dies alles sind Bezeichnungen ein und derselben Prozessarbeit, die uns unterst\u00fctzt, unser Bewusstsein zu wandeln und zu<\/p>\n","protected":false},"author":1,"featured_media":6571,"comment_status":"open","ping_status":"closed","sticky":false,"template":"","format":"standard","meta":{"spay_email":"","jetpack_publicize_message":"","jetpack_is_tweetstorm":false},"categories":[3,10],"tags":[],"jetpack_featured_media_url":"https:\/\/i2.wp.com\/www.stiftsforum.ch\/blog\/wp-content\/uploads\/2023\/12\/image0-1.jpeg?fit=584%2C447&ssl=1","jetpack_publicize_connections":[],"jetpack_sharing_enabled":true,"jetpack_shortlink":"https:\/\/wp.me\/s9nzRF-report","jetpack_likes_enabled":true,"jetpack-related-posts":[{"id":4368,"url":"https:\/\/www.stiftsforum.ch\/blog\/?p=4368","url_meta":{"origin":6567,"position":0},"title":"In der Zwischenwelt von Malerei und Architektur","date":"April 13, 2021","format":false,"excerpt":"Praktikant Dr. Manuel Mayer \u00fcber Funktion und Sch\u00f6nheit von Stuckelementen in der Einsiedler Klosterkirche Man nehme Gips und Kalk und f\u00fcr die Farbgebung entsprechende Pigmente, vermenge sie und gestalte damit eine Vielzahl an m\u00f6glichen Formen: Skulpturen, Ornamente und kleine Malereien. Die Kunst der Stuckatur war und ist eine vielf\u00e4ltige k\u00fcnstlerische\u2026","rel":"","context":"In &quot;Allgemein&quot;","img":{"alt_text":"","src":"https:\/\/i2.wp.com\/www.stiftsforum.ch\/blog\/wp-content\/uploads\/2021\/04\/IMG_20210413_121930-1-scaled.jpg?fit=1200%2C900&ssl=1&resize=350%2C200","width":350,"height":200},"classes":[]},{"id":1148,"url":"https:\/\/www.stiftsforum.ch\/blog\/?p=1148","url_meta":{"origin":6567,"position":1},"title":"Charles Lewinsky: Der Wille des Volkes. Kriminalroman (2017)","date":"August 28, 2017","format":false,"excerpt":"\u00a0 Das Grundszenario ist klassisch: Ein Mann wird ermordet, die Sache wird von der Polizei vertuscht, ein Journalist ermittelt und st\u00f6sst auf eine Politaff\u00e4re mit zentralen Beteiligten an den h\u00f6chsten Stellen der Macht. Und nat\u00fcrlich darf die Femme Fatale nicht fehlen, die den Helden auf die falsche Spur schickt. Soweit\u2026","rel":"","context":"In &quot;Buchkritik&quot;","img":{"alt_text":"","src":"https:\/\/i0.wp.com\/www.stiftsforum.ch\/blog\/wp-content\/uploads\/2017\/08\/978-3-312-01037-0_21741112232-37.jpg?fit=733%2C1200&ssl=1&resize=350%2C200","width":350,"height":200},"classes":[]},{"id":5082,"url":"https:\/\/www.stiftsforum.ch\/blog\/?p=5082","url_meta":{"origin":6567,"position":2},"title":"\"Oftmals liege ich einfach im Bett und die Inspiration kommt zu mir.\"","date":"M\u00e4rz 15, 2022","format":false,"excerpt":"Wir haben Adriana Bamert interviewt. Die ehemalige Stiftssch\u00fclerin macht ein Austauschjahr in den USA und hat vor kurzem ihren zweiten Song herausgebracht.\u00a0 von Jil und Ricarda Wieso hast du deinen ersten Song herausgebracht?\u00a0Ich wollte schon l\u00e4nger starten, eigene Songs zu schreiben, war aber ehrlich gesagt z\u00f6gerlich! Dies haupts\u00e4chlich, da ich\u2026","rel":"","context":"In &quot;Allgemein&quot;","img":{"alt_text":"","src":"https:\/\/i1.wp.com\/www.stiftsforum.ch\/blog\/wp-content\/uploads\/2022\/03\/c127910b-22ea-4cfd-afbe-47f9d7edf858-1.jpg?fit=644%2C800&ssl=1&resize=350%2C200","width":350,"height":200},"classes":[]},{"id":5748,"url":"https:\/\/www.stiftsforum.ch\/blog\/?p=5748","url_meta":{"origin":6567,"position":3},"title":"Peter Weiss` Entwicklung vom sich selbst bespiegelnden zum politisch aktiven Beobachter","date":"November 29, 2022","format":false,"excerpt":"von Abaris Schild, 6c Der unzugeh\u00f6rige Beobachter: In seinen jungen Jahren verarbeitete Peter Weiss in seinen Werken stets seine eigenen Erfahrungen mit der verlogenen und ignoranten Gesellschaft und zog sich in \u201etotale Isolation\u201c zur\u00fcck. Sp\u00e4ter allerdings ver\u00f6ffentlichte er sozialistische Werke und trat in die Politik ein. Ein Blick auf sein\u2026","rel":"","context":"In &quot;Allgemein&quot;","img":{"alt_text":"","src":"https:\/\/i0.wp.com\/www.stiftsforum.ch\/blog\/wp-content\/uploads\/2022\/11\/standard_compressed_Peter_Weiss_1982.jpg?fit=1000%2C1000&ssl=1&resize=350%2C200","width":350,"height":200},"classes":[]},{"id":3859,"url":"https:\/\/www.stiftsforum.ch\/blog\/?p=3859","url_meta":{"origin":6567,"position":4},"title":"Auf den Spuren der Benediktsregel nach St. Gallen","date":"Februar 4, 2020","format":false,"excerpt":"Eine Exkursion der 6bc mit P. Thomas \u201eWillkommen im Unesco-Weltkurerbe Stiftsbezirk St. Gallen\u201c heisst es auf dem Eintrittsbillett in die aktuelle Ausstellung des Klosters St. Gallen. Gezeigt werden kostbare Exponate ab dem 9. Jahrhundert, Kuriosit\u00e4ten aus der Sammlung des fr\u00fcheren F\u00fcrstbistums (etwa ein versilberter L\u00f6ffel des Heiligen Gallus) und das\u2026","rel":"","context":"In &quot;Schulanl\u00e4sse&quot;","img":{"alt_text":"","src":"https:\/\/i1.wp.com\/www.stiftsforum.ch\/blog\/wp-content\/uploads\/2020\/02\/9.jpg?fit=800%2C450&ssl=1&resize=350%2C200","width":350,"height":200},"classes":[]},{"id":1792,"url":"https:\/\/www.stiftsforum.ch\/blog\/?p=1792","url_meta":{"origin":6567,"position":5},"title":"\"Erfolg kommt nicht von folgen\"","date":"Februar 13, 2018","format":false,"excerpt":"Er hat fast die ganze Welt gesehen, war beim Alumni-Anlass vergangene Woche aber zum ersten Mal in Einsiedeln: Andr\u00e9 L\u00fcthi, der CEO von Globetrotters, dem viertgr\u00f6ssten Reiseunternehmen der Schweiz. Wie er selbst seinen beruflichen Weg fand und warum Reisen vielmehr als Urlaubmachen ist, verriet er den Stiftssch\u00fclerinnen und Stiftssch\u00fclern bei\u2026","rel":"","context":"In &quot;Schulanl\u00e4sse&quot;","img":{"alt_text":"","src":"https:\/\/i1.wp.com\/www.stiftsforum.ch\/blog\/wp-content\/uploads\/2018\/02\/Unternehmergespr\u00e4ch-Foto.jpg?fit=800%2C450&ssl=1&resize=350%2C200","width":350,"height":200},"classes":[]}],"_links":{"self":[{"href":"https:\/\/www.stiftsforum.ch\/blog\/index.php?rest_route=\/wp\/v2\/posts\/6567"}],"collection":[{"href":"https:\/\/www.stiftsforum.ch\/blog\/index.php?rest_route=\/wp\/v2\/posts"}],"about":[{"href":"https:\/\/www.stiftsforum.ch\/blog\/index.php?rest_route=\/wp\/v2\/types\/post"}],"author":[{"embeddable":true,"href":"https:\/\/www.stiftsforum.ch\/blog\/index.php?rest_route=\/wp\/v2\/users\/1"}],"replies":[{"embeddable":true,"href":"https:\/\/www.stiftsforum.ch\/blog\/index.php?rest_route=%2Fwp%2Fv2%2Fcomments&post=6567"}],"version-history":[{"count":3,"href":"https:\/\/www.stiftsforum.ch\/blog\/index.php?rest_route=\/wp\/v2\/posts\/6567\/revisions"}],"predecessor-version":[{"id":6622,"href":"https:\/\/www.stiftsforum.ch\/blog\/index.php?rest_route=\/wp\/v2\/posts\/6567\/revisions\/6622"}],"wp:featuredmedia":[{"embeddable":true,"href":"https:\/\/www.stiftsforum.ch\/blog\/index.php?rest_route=\/wp\/v2\/media\/6571"}],"wp:attachment":[{"href":"https:\/\/www.stiftsforum.ch\/blog\/index.php?rest_route=%2Fwp%2Fv2%2Fmedia&parent=6567"}],"wp:term":[{"taxonomy":"category","embeddable":true,"href":"https:\/\/www.stiftsforum.ch\/blog\/index.php?rest_route=%2Fwp%2Fv2%2Fcategories&post=6567"},{"taxonomy":"post_tag","embeddable":true,"href":"https:\/\/www.stiftsforum.ch\/blog\/index.php?rest_route=%2Fwp%2Fv2%2Ftags&post=6567"}],"curies":[{"name":"wp","href":"https:\/\/api.w.org\/{rel}","templated":true}]}}