{"id":6575,"date":"2023-12-12T11:03:53","date_gmt":"2023-12-12T10:03:53","guid":{"rendered":"http:\/\/www.stiftsforum.ch\/blog\/?p=6575"},"modified":"2023-12-12T11:06:09","modified_gmt":"2023-12-12T10:06:09","slug":"heizen-heute-besichtigung-der-altholz-und-hackschnitzelverbrennungsanlage-der-energie-einsiedeln-ag","status":"publish","type":"post","link":"https:\/\/www.stiftsforum.ch\/blog\/?p=6575","title":{"rendered":"Heizen heute &#8211; Besichtigung der Altholz- und Hackschnitzelverbrennungsanlage der Energie Einsiedeln AG"},"content":{"rendered":"\n<p><em>von Maria Egartner<\/em><\/p>\n\n\n\n<p><strong>Wir treffen uns auf dem Areal des Holzhofs des Klosters Einsiedeln. Wir, das sind Facility Manager Marco Dettling und vier interessierte Lehrpersonen, die an diesem Tag das Modul \u201eHeizen heute\u201c im Rahmen des Nachhaltigkeitshalbtags der Stiftsschule gew\u00e4hlt haben.<\/strong><\/p>\n\n\n\n<p>Das geschnittene Holz ist in ordentlichen Lagen gestapelt, daneben erhebt sich ein modernes Geb\u00e4ude mit geometrischer Holzverkleidung, das uns Marco Dettling, der auch der fr\u00fchere Betriebsleiter der Anlage ist, als \u201eAltholzverbrennungsanlage\u201c vorstellt. Hinter einem \u00e4lteren Geb\u00e4udeteil, in dem das S\u00e4gewerk und die Hackschnitzelanlage untergebracht sind, erhebt sich auf den H\u00e4ngen des Mittelgebirges der Klosterwald, ein weitl\u00e4ufiger Mischwald mit grossen Buchenbest\u00e4nden, den das Kloster Einsiedeln, mit 960 ha einer der gr\u00f6ssten Waldbesitzer der Schweiz, sein eigen nennt.<\/p>\n\n\n\n<p><strong>Altholz als Brennmaterial<\/strong><\/p>\n\n\n\n<p>Heute interessiert uns vor allem die Heizzentrale. Sie wurde 2017 errichtet und ist Teil des Fernw\u00e4rmenetzes des Energieverbundes Einsiedeln. Mit momentan 2000 Kilowatt k\u00f6nnen bis zu 200 Haushalte mit Energie\/Warmwasser versorgt werden, derzeit sind bei einer Rechnung mit 8-10kW pro Haushalt noch gar nicht alle Kapazit\u00e4ten ausgesch\u00f6pft. Der Kessel liefert 3300 kw maximal.<\/p>\n\n\n\n<p>Eine erste \u00dcberraschung ist bereits das Heizmaterial selbst: Es ist Altholz, also zerkleinertes Holz aus Altm\u00f6beln, zum Teil beschichtet oder noch durch Metalle und andere Materialien verunreinigt. Es zeichnet sich durch eine besondere Trockenheit aus, hat einen Heizwert von 50% und kann \u00fcber das Recyclingcenter Steinauer, das das Material in der gesamten Region sammelt, g\u00fcnstig bezogen werden.<\/p>\n\n\n\n<figure class=\"wp-block-image size-large\"><a href=\"https:\/\/i2.wp.com\/www.stiftsforum.ch\/blog\/wp-content\/uploads\/2023\/12\/20231207_134537_resized.jpg?ssl=1\"><img data-attachment-id=\"6580\" data-permalink=\"https:\/\/www.stiftsforum.ch\/blog\/?attachment_id=6580\" data-orig-file=\"https:\/\/i2.wp.com\/www.stiftsforum.ch\/blog\/wp-content\/uploads\/2023\/12\/20231207_134537_resized.jpg?fit=1156%2C867&amp;ssl=1\" data-orig-size=\"1156,867\" data-comments-opened=\"1\" data-image-meta=\"{&quot;aperture&quot;:&quot;0&quot;,&quot;credit&quot;:&quot;&quot;,&quot;camera&quot;:&quot;&quot;,&quot;caption&quot;:&quot;&quot;,&quot;created_timestamp&quot;:&quot;0&quot;,&quot;copyright&quot;:&quot;&quot;,&quot;focal_length&quot;:&quot;0&quot;,&quot;iso&quot;:&quot;0&quot;,&quot;shutter_speed&quot;:&quot;0&quot;,&quot;title&quot;:&quot;&quot;,&quot;orientation&quot;:&quot;0&quot;}\" data-image-title=\"20231207_134537_resized\" data-image-description=\"\" data-medium-file=\"https:\/\/i2.wp.com\/www.stiftsforum.ch\/blog\/wp-content\/uploads\/2023\/12\/20231207_134537_resized.jpg?fit=300%2C225&amp;ssl=1\" data-large-file=\"https:\/\/i2.wp.com\/www.stiftsforum.ch\/blog\/wp-content\/uploads\/2023\/12\/20231207_134537_resized.jpg?fit=800%2C600&amp;ssl=1\" loading=\"lazy\" width=\"800\" height=\"600\" src=\"https:\/\/i2.wp.com\/www.stiftsforum.ch\/blog\/wp-content\/uploads\/2023\/12\/20231207_134537_resized-1024x768.jpg?resize=800%2C600&#038;ssl=1\" alt=\"\" class=\"wp-image-6580\" srcset=\"https:\/\/i2.wp.com\/www.stiftsforum.ch\/blog\/wp-content\/uploads\/2023\/12\/20231207_134537_resized.jpg?resize=1024%2C768&amp;ssl=1 1024w, https:\/\/i2.wp.com\/www.stiftsforum.ch\/blog\/wp-content\/uploads\/2023\/12\/20231207_134537_resized.jpg?resize=300%2C225&amp;ssl=1 300w, https:\/\/i2.wp.com\/www.stiftsforum.ch\/blog\/wp-content\/uploads\/2023\/12\/20231207_134537_resized.jpg?resize=768%2C576&amp;ssl=1 768w, https:\/\/i2.wp.com\/www.stiftsforum.ch\/blog\/wp-content\/uploads\/2023\/12\/20231207_134537_resized.jpg?w=1156&amp;ssl=1 1156w\" sizes=\"(max-width: 800px) 100vw, 800px\" data-recalc-dims=\"1\" \/><\/a><figcaption>Gesammeltes Altholz<\/figcaption><\/figure>\n\n\n\n<p>Es sind, wie immer wenn man sich mit Abfall und Recycling besch\u00e4ftigt, die \u00dcberreste unseres konsumfreudigen Lebensstils, die am Ende der Wertsch\u00f6pfungskette sichtbar werden und \u00fcbrig bleiben, nun aber in Form einer Heizanlage zumindest noch energetisch genutzt werden k\u00f6nnen. Dass dazu ein aufw\u00e4ndiges Filtersystem n\u00f6tig ist, vermutet man gleich. Im Inneren des Geb\u00e4udes kann man sich davon selbst ein Bild machen: Eine Hightechanlage aus F\u00f6rderb\u00e4ndern, Elektro- und &nbsp;Staubfiltern sowie Kontrollanlagen, die 24\/7 laufen, erwartet die interessierten Besucher im Inneren des Geb\u00e4udes. Ein mehrere Meter hoher Verbrennungsofen ist das Zentrum der Anlage; durch ein gl\u00e4sernes Guckloch kann man den Verbrennungsvorgang auch live mitverfolgen. Bei bis zu 1000 Grad, die dabei entstehen, ist die Raumtemperatur durch die Isolierung \u00fcberraschend mild. Die Giftstoffe, die aus dem Altholz gefiltert werden, werden in einer eigenen Mulde gesammelt, wobei etwa alle 1 \u00bd Monate eine Mulde zur weiteren Entsorgung anf\u00e4llt.<\/p>\n\n\n\n<p>\u00dcber eine metallene Treppe erklimmt man das obere Geschoss der Anlage und verschafft sich einen \u00dcberblick von oben. Ein kleines B\u00fcro mit Computerbildschirmen und weiteren technischen Anlagen dient als Schaltzentrale der Anlage. \u00dcber einen Dienstplan ist dort auch ersichtlich, wer jeweils f\u00fcr die Anlage zust\u00e4ndig ist.<\/p>\n\n\n\n<p><strong>Eine politische Entscheidung<\/strong><\/p>\n\n\n\n<p>F\u00fcr diese Anlage hat man auch einen Millionenbetrag in die Hand genommen, \u201eein politischer Entscheid\u201c, so Marco Dettling. Das Ziel ist es, im Bezirk m\u00f6glichst auf erneuerbare Energie zu setzen, auch mittel- und langfristig zu denken und dem Label \u201eEnergiestadt Einsiedeln\u201c gerecht zu werden. In 25-30 Jahren wird sich die Anlage auch finanziell amortisieren. Falls Altholz durch die in letzter Zeit auch an anderen Standorten wie etwa Galgenen einmal Mangelware sein, kann man die Anlage auch auf Hackschnitzel, also S\u00e4gereste der Holzverarbeitung, umstellen. Pro Baum fallen in der Verarbeitung dabei 1\/3 Reste an, die eben als Hackschnitzel weiter genutzt werden k\u00f6nnen.<\/p>\n\n\n\n<p><strong>Energie f\u00fcr 2000 R\u00e4ume<\/strong><\/p>\n\n\n\n<p>Der fr\u00fchere Betriebsleiter und heutige Leiter des Facility Managements, der auch den Aufbau der Anlage verantwortet hat, hat sich auch mit der Geschichte des (kl\u00f6sterlichen) Heizens besch\u00e4ftigt, immerhin gibt es Aufzeichnungen, die \u00fcber die Jahrtausendwende zur\u00fcck reichen. Im Zeitraum 1720-1850 hat das Kloster f\u00fcr das Heizen und den Betrieb von M\u00fchle und Werkst\u00e4tten j\u00e4hrlich 1000 Klafter, also rund 3000 Holz Ster verbraucht, eine betr\u00e4chtliche Menge f\u00fcr ein aber auch betr\u00e4chtlich grosses Haus mit 2000 Zimmern. 1920 wurde die Schwer\u00f6lheizung eingebaut, ab 1990, als die alte Anlage ihre Funktionsf\u00e4higkeit langsam einb\u00fcsste, schlug man schliesslich den nachhaltigeren Weg ein und setzte vermehrt auf Holz als Energietr\u00e4ger. Heute ist nur noch ein Reservebeh\u00e4lter mit \u00d6l in die Anlage integriert, die allerdings nur f\u00fcr den Notfall gedacht ist. Besonders grosse Energieeinsparungen brachte vor allem die Erneuerung der Fenster, die f\u00fcr mehr W\u00e4rmed\u00e4mmung im Geb\u00e4ude sorgen.<\/p>\n\n\n\n<figure class=\"wp-block-image size-large\"><a href=\"https:\/\/i0.wp.com\/www.stiftsforum.ch\/blog\/wp-content\/uploads\/2023\/12\/20231207_141635_resized.jpg?ssl=1\"><img data-attachment-id=\"6578\" data-permalink=\"https:\/\/www.stiftsforum.ch\/blog\/?attachment_id=6578\" data-orig-file=\"https:\/\/i0.wp.com\/www.stiftsforum.ch\/blog\/wp-content\/uploads\/2023\/12\/20231207_141635_resized.jpg?fit=1156%2C867&amp;ssl=1\" data-orig-size=\"1156,867\" data-comments-opened=\"1\" data-image-meta=\"{&quot;aperture&quot;:&quot;0&quot;,&quot;credit&quot;:&quot;&quot;,&quot;camera&quot;:&quot;&quot;,&quot;caption&quot;:&quot;&quot;,&quot;created_timestamp&quot;:&quot;0&quot;,&quot;copyright&quot;:&quot;&quot;,&quot;focal_length&quot;:&quot;0&quot;,&quot;iso&quot;:&quot;0&quot;,&quot;shutter_speed&quot;:&quot;0&quot;,&quot;title&quot;:&quot;&quot;,&quot;orientation&quot;:&quot;0&quot;}\" data-image-title=\"20231207_141635_resized\" data-image-description=\"\" data-medium-file=\"https:\/\/i0.wp.com\/www.stiftsforum.ch\/blog\/wp-content\/uploads\/2023\/12\/20231207_141635_resized.jpg?fit=300%2C225&amp;ssl=1\" data-large-file=\"https:\/\/i0.wp.com\/www.stiftsforum.ch\/blog\/wp-content\/uploads\/2023\/12\/20231207_141635_resized.jpg?fit=800%2C600&amp;ssl=1\" loading=\"lazy\" width=\"800\" height=\"600\" src=\"https:\/\/i1.wp.com\/www.stiftsforum.ch\/blog\/wp-content\/uploads\/2023\/12\/20231207_141635_resized-1024x768.jpg?resize=800%2C600&#038;ssl=1\" alt=\"\" class=\"wp-image-6578\" srcset=\"https:\/\/i0.wp.com\/www.stiftsforum.ch\/blog\/wp-content\/uploads\/2023\/12\/20231207_141635_resized.jpg?resize=1024%2C768&amp;ssl=1 1024w, https:\/\/i0.wp.com\/www.stiftsforum.ch\/blog\/wp-content\/uploads\/2023\/12\/20231207_141635_resized.jpg?resize=300%2C225&amp;ssl=1 300w, https:\/\/i0.wp.com\/www.stiftsforum.ch\/blog\/wp-content\/uploads\/2023\/12\/20231207_141635_resized.jpg?resize=768%2C576&amp;ssl=1 768w, https:\/\/i0.wp.com\/www.stiftsforum.ch\/blog\/wp-content\/uploads\/2023\/12\/20231207_141635_resized.jpg?w=1156&amp;ssl=1 1156w\" sizes=\"(max-width: 800px) 100vw, 800px\" data-recalc-dims=\"1\" \/><\/a><figcaption>Modernste Technik im Inneren<\/figcaption><\/figure>\n\n\n\n<p><strong>Waldhackschnitzel<\/strong><\/p>\n\n\n\n<p>In einem eigenen Geb\u00e4udeteil ist die Hackschnitzelanlage zu besichtigen. Hier ist im Silo tats\u00e4chlich reines Naturmaterial, \u201eWaldhackschnitzel\u201c unterschiedlicher Gr\u00f6sse zu sehen. Auch hier wird das Material dem Verbrennungsvorgang zugef\u00fchrt und die W\u00e4rme in eigenen Leitungen Richtung Kloster und Energieverbund transferiert. Die Schaltanlage schaut \u00fcbersichtlich und kompakt aus, fast wie bei einer Anlage in einem privaten Haushalt. Zwei Lehrpersonen hatten sich auch genau deshalb f\u00fcr die F\u00fchrung angemeldet. Sie \u00fcberlegen auch f\u00fcr das eigene Haus bzw. das Haus der Eltern eine private Hackschnitzelanlage anzuschaffen.<\/p>\n\n\n\n<figure class=\"wp-block-image size-large\"><a href=\"https:\/\/i2.wp.com\/www.stiftsforum.ch\/blog\/wp-content\/uploads\/2023\/12\/20231207_141915_resized.jpg?ssl=1\"><img data-attachment-id=\"6581\" data-permalink=\"https:\/\/www.stiftsforum.ch\/blog\/?attachment_id=6581\" data-orig-file=\"https:\/\/i2.wp.com\/www.stiftsforum.ch\/blog\/wp-content\/uploads\/2023\/12\/20231207_141915_resized.jpg?fit=1156%2C867&amp;ssl=1\" data-orig-size=\"1156,867\" data-comments-opened=\"1\" data-image-meta=\"{&quot;aperture&quot;:&quot;0&quot;,&quot;credit&quot;:&quot;&quot;,&quot;camera&quot;:&quot;&quot;,&quot;caption&quot;:&quot;&quot;,&quot;created_timestamp&quot;:&quot;0&quot;,&quot;copyright&quot;:&quot;&quot;,&quot;focal_length&quot;:&quot;0&quot;,&quot;iso&quot;:&quot;0&quot;,&quot;shutter_speed&quot;:&quot;0&quot;,&quot;title&quot;:&quot;&quot;,&quot;orientation&quot;:&quot;0&quot;}\" data-image-title=\"20231207_141915_resized\" data-image-description=\"\" data-medium-file=\"https:\/\/i2.wp.com\/www.stiftsforum.ch\/blog\/wp-content\/uploads\/2023\/12\/20231207_141915_resized.jpg?fit=300%2C225&amp;ssl=1\" data-large-file=\"https:\/\/i2.wp.com\/www.stiftsforum.ch\/blog\/wp-content\/uploads\/2023\/12\/20231207_141915_resized.jpg?fit=800%2C600&amp;ssl=1\" loading=\"lazy\" width=\"800\" height=\"600\" src=\"https:\/\/i0.wp.com\/www.stiftsforum.ch\/blog\/wp-content\/uploads\/2023\/12\/20231207_141915_resized-1024x768.jpg?resize=800%2C600&#038;ssl=1\" alt=\"\" class=\"wp-image-6581\" srcset=\"https:\/\/i2.wp.com\/www.stiftsforum.ch\/blog\/wp-content\/uploads\/2023\/12\/20231207_141915_resized.jpg?resize=1024%2C768&amp;ssl=1 1024w, https:\/\/i2.wp.com\/www.stiftsforum.ch\/blog\/wp-content\/uploads\/2023\/12\/20231207_141915_resized.jpg?resize=300%2C225&amp;ssl=1 300w, https:\/\/i2.wp.com\/www.stiftsforum.ch\/blog\/wp-content\/uploads\/2023\/12\/20231207_141915_resized.jpg?resize=768%2C576&amp;ssl=1 768w, https:\/\/i2.wp.com\/www.stiftsforum.ch\/blog\/wp-content\/uploads\/2023\/12\/20231207_141915_resized.jpg?w=1156&amp;ssl=1 1156w\" sizes=\"(max-width: 800px) 100vw, 800px\" data-recalc-dims=\"1\" \/><\/a><figcaption>Waldhackschnitzel<\/figcaption><\/figure>\n\n\n\n<p><strong>Energiestadt Einsiedeln<\/strong><\/p>\n\n\n\n<p>Wie schaut also der energetische Weg in die Zukunft aus? Wie auch bei anderen Wertstoffen gilt es zun\u00e4chst Energie einzusparen, etwa durch W\u00e4rmed\u00e4mmung und jene Energie, die dennoch n\u00f6tig ist, m\u00f6glich durch erneuerbare Energiequellen zu generieren. Im Fall von Altholz ist dabei eine besondere technische Expertise n\u00f6tig, wie uns diese F\u00fchrung sehr deutlich vor Augen f\u00fchrte.<\/p>\n\n\n\n<p>Das Kloster und auch der Bezirk wollen aber weiterhin diese Linie verfolgen. Immerhin darf sich Einsiedeln seit 2014 \u201eEnergiestadt Einsiedeln\u201c nennen. \u00abDieses ist eine Auszeichnung f\u00fcr St\u00e4dte und Gemeinden, die eine nachhaltige Energiepolitik vorleben und umsetzen. Energiest\u00e4dte f\u00f6rdern erneuerbare Energien, umweltvertr\u00e4gliche Mobilit\u00e4t und setzen auf eine effiziente Nutzung der Ressourcen\u00bb, heisst es dazu auf der Homepage der Gemeinde. Das Kloster hat die Idee des Energieverbundes dabei von Anfang an mitgetragen.<br><br><\/p>\n\n\n\n<p><a href=\"https:\/\/www.einsiedeln.ch\/verwaltung\/planen-bauen-umwelt-energie\/energiestadt\">Energiestadt | Bezirk Einsiedeln<\/a><\/p>\n\n\n\n<p><a href=\"https:\/\/www.energate-messenger.ch\/news\/178909\/ebm-baut-neue-heizzentrale-in-einsiedeln\">EBM baut neue Heizzentrale in Einsiedeln &#8211; energate messenger Schweiz (energate-messenger.ch)<\/a><\/p>\n\n\n\n<div data-carousel-extra='{\"blog_id\":1,\"permalink\":\"https:\\\/\\\/www.stiftsforum.ch\\\/blog\\\/?p=6575\"}' class=\"wp-block-jetpack-tiled-gallery aligncenter is-style-rectangular\"><div data-carousel-extra='{\"blog_id\":1,\"permalink\":\"https:\\\/\\\/www.stiftsforum.ch\\\/blog\\\/?p=6575\"}' class=\"tiled-gallery__gallery\"><div data-carousel-extra='{\"blog_id\":1,\"permalink\":\"https:\\\/\\\/www.stiftsforum.ch\\\/blog\\\/?p=6575\"}' class=\"tiled-gallery__row\"><div data-carousel-extra='{\"blog_id\":1,\"permalink\":\"https:\\\/\\\/www.stiftsforum.ch\\\/blog\\\/?p=6575\"}' class=\"tiled-gallery__col\" style=\"flex-basis:66.74546669006041%\"><figure class=\"tiled-gallery__item\"><img data-attachment-id=\"6583\" data-permalink=\"https:\/\/www.stiftsforum.ch\/blog\/?attachment_id=6583\" data-orig-file=\"https:\/\/i1.wp.com\/www.stiftsforum.ch\/blog\/wp-content\/uploads\/2023\/12\/20231207_135357_resized.jpg?fit=1156%2C867&amp;ssl=1\" data-orig-size=\"1156,867\" data-comments-opened=\"1\" data-image-meta=\"{&quot;aperture&quot;:&quot;0&quot;,&quot;credit&quot;:&quot;&quot;,&quot;camera&quot;:&quot;&quot;,&quot;caption&quot;:&quot;&quot;,&quot;created_timestamp&quot;:&quot;0&quot;,&quot;copyright&quot;:&quot;&quot;,&quot;focal_length&quot;:&quot;0&quot;,&quot;iso&quot;:&quot;0&quot;,&quot;shutter_speed&quot;:&quot;0&quot;,&quot;title&quot;:&quot;&quot;,&quot;orientation&quot;:&quot;0&quot;}\" data-image-title=\"20231207_135357_resized\" data-image-description=\"\" data-medium-file=\"https:\/\/i1.wp.com\/www.stiftsforum.ch\/blog\/wp-content\/uploads\/2023\/12\/20231207_135357_resized.jpg?fit=300%2C225&amp;ssl=1\" data-large-file=\"https:\/\/i1.wp.com\/www.stiftsforum.ch\/blog\/wp-content\/uploads\/2023\/12\/20231207_135357_resized.jpg?fit=800%2C600&amp;ssl=1\" data-attachment-id=\"6583\" data-permalink=\"https:\/\/www.stiftsforum.ch\/blog\/?attachment_id=6583\" data-orig-file=\"https:\/\/i1.wp.com\/www.stiftsforum.ch\/blog\/wp-content\/uploads\/2023\/12\/20231207_135357_resized.jpg?fit=1156%2C867&amp;ssl=1\" data-orig-size=\"1156,867\" data-comments-opened=\"1\" data-image-meta=\"{&quot;aperture&quot;:&quot;0&quot;,&quot;credit&quot;:&quot;&quot;,&quot;camera&quot;:&quot;&quot;,&quot;caption&quot;:&quot;&quot;,&quot;created_timestamp&quot;:&quot;0&quot;,&quot;copyright&quot;:&quot;&quot;,&quot;focal_length&quot;:&quot;0&quot;,&quot;iso&quot;:&quot;0&quot;,&quot;shutter_speed&quot;:&quot;0&quot;,&quot;title&quot;:&quot;&quot;,&quot;orientation&quot;:&quot;0&quot;}\" data-image-title=\"20231207_135357_resized\" data-image-description=\"\" data-medium-file=\"https:\/\/i1.wp.com\/www.stiftsforum.ch\/blog\/wp-content\/uploads\/2023\/12\/20231207_135357_resized.jpg?fit=300%2C225&amp;ssl=1\" data-large-file=\"https:\/\/i1.wp.com\/www.stiftsforum.ch\/blog\/wp-content\/uploads\/2023\/12\/20231207_135357_resized.jpg?fit=800%2C600&amp;ssl=1\" srcset=\"https:\/\/i0.wp.com\/www.stiftsforum.ch\/blog\/wp-content\/uploads\/2023\/12\/20231207_135357_resized.jpg?strip=info&#038;w=600&#038;ssl=1 600w,https:\/\/i0.wp.com\/www.stiftsforum.ch\/blog\/wp-content\/uploads\/2023\/12\/20231207_135357_resized.jpg?strip=info&#038;w=867&#038;ssl=1 867w\" alt=\"\" data-height=\"867\" data-id=\"6583\" data-link=\"https:\/\/www.stiftsforum.ch\/blog\/?attachment_id=6583\" data-url=\"https:\/\/www.stiftsforum.ch\/blog\/wp-content\/uploads\/2023\/12\/20231207_135357_resized.jpg\" data-width=\"1156\" src=\"https:\/\/i0.wp.com\/www.stiftsforum.ch\/blog\/wp-content\/uploads\/2023\/12\/20231207_135357_resized.jpg?ssl=1\" layout=\"responsive\"\/><\/figure><\/div><div data-carousel-extra='{\"blog_id\":1,\"permalink\":\"https:\\\/\\\/www.stiftsforum.ch\\\/blog\\\/?p=6575\"}' class=\"tiled-gallery__col\" style=\"flex-basis:33.25453330993958%\"><figure class=\"tiled-gallery__item\"><img data-attachment-id=\"6584\" data-permalink=\"https:\/\/www.stiftsforum.ch\/blog\/?attachment_id=6584\" data-orig-file=\"https:\/\/i2.wp.com\/www.stiftsforum.ch\/blog\/wp-content\/uploads\/2023\/12\/20231207_135340_resized.jpg?fit=1156%2C867&amp;ssl=1\" data-orig-size=\"1156,867\" data-comments-opened=\"1\" data-image-meta=\"{&quot;aperture&quot;:&quot;0&quot;,&quot;credit&quot;:&quot;&quot;,&quot;camera&quot;:&quot;&quot;,&quot;caption&quot;:&quot;&quot;,&quot;created_timestamp&quot;:&quot;0&quot;,&quot;copyright&quot;:&quot;&quot;,&quot;focal_length&quot;:&quot;0&quot;,&quot;iso&quot;:&quot;0&quot;,&quot;shutter_speed&quot;:&quot;0&quot;,&quot;title&quot;:&quot;&quot;,&quot;orientation&quot;:&quot;0&quot;}\" data-image-title=\"20231207_135340_resized\" data-image-description=\"\" data-medium-file=\"https:\/\/i2.wp.com\/www.stiftsforum.ch\/blog\/wp-content\/uploads\/2023\/12\/20231207_135340_resized.jpg?fit=300%2C225&amp;ssl=1\" data-large-file=\"https:\/\/i2.wp.com\/www.stiftsforum.ch\/blog\/wp-content\/uploads\/2023\/12\/20231207_135340_resized.jpg?fit=800%2C600&amp;ssl=1\" data-attachment-id=\"6584\" data-permalink=\"https:\/\/www.stiftsforum.ch\/blog\/?attachment_id=6584\" data-orig-file=\"https:\/\/i2.wp.com\/www.stiftsforum.ch\/blog\/wp-content\/uploads\/2023\/12\/20231207_135340_resized.jpg?fit=1156%2C867&amp;ssl=1\" data-orig-size=\"1156,867\" data-comments-opened=\"1\" data-image-meta=\"{&quot;aperture&quot;:&quot;0&quot;,&quot;credit&quot;:&quot;&quot;,&quot;camera&quot;:&quot;&quot;,&quot;caption&quot;:&quot;&quot;,&quot;created_timestamp&quot;:&quot;0&quot;,&quot;copyright&quot;:&quot;&quot;,&quot;focal_length&quot;:&quot;0&quot;,&quot;iso&quot;:&quot;0&quot;,&quot;shutter_speed&quot;:&quot;0&quot;,&quot;title&quot;:&quot;&quot;,&quot;orientation&quot;:&quot;0&quot;}\" data-image-title=\"20231207_135340_resized\" data-image-description=\"\" data-medium-file=\"https:\/\/i2.wp.com\/www.stiftsforum.ch\/blog\/wp-content\/uploads\/2023\/12\/20231207_135340_resized.jpg?fit=300%2C225&amp;ssl=1\" data-large-file=\"https:\/\/i2.wp.com\/www.stiftsforum.ch\/blog\/wp-content\/uploads\/2023\/12\/20231207_135340_resized.jpg?fit=800%2C600&amp;ssl=1\" srcset=\"https:\/\/i0.wp.com\/www.stiftsforum.ch\/blog\/wp-content\/uploads\/2023\/12\/20231207_135340_resized.jpg?strip=info&#038;w=600&#038;ssl=1 600w,https:\/\/i0.wp.com\/www.stiftsforum.ch\/blog\/wp-content\/uploads\/2023\/12\/20231207_135340_resized.jpg?strip=info&#038;w=867&#038;ssl=1 867w\" alt=\"\" data-height=\"867\" data-id=\"6584\" data-link=\"https:\/\/www.stiftsforum.ch\/blog\/?attachment_id=6584\" data-url=\"https:\/\/www.stiftsforum.ch\/blog\/wp-content\/uploads\/2023\/12\/20231207_135340_resized.jpg\" data-width=\"1156\" src=\"https:\/\/i0.wp.com\/www.stiftsforum.ch\/blog\/wp-content\/uploads\/2023\/12\/20231207_135340_resized.jpg?ssl=1\" layout=\"responsive\"\/><\/figure><figure class=\"tiled-gallery__item\"><img data-attachment-id=\"6585\" data-permalink=\"https:\/\/www.stiftsforum.ch\/blog\/?attachment_id=6585\" data-orig-file=\"https:\/\/i0.wp.com\/www.stiftsforum.ch\/blog\/wp-content\/uploads\/2023\/12\/20231207_135414_resized.jpg?fit=1156%2C867&amp;ssl=1\" data-orig-size=\"1156,867\" data-comments-opened=\"1\" data-image-meta=\"{&quot;aperture&quot;:&quot;0&quot;,&quot;credit&quot;:&quot;&quot;,&quot;camera&quot;:&quot;&quot;,&quot;caption&quot;:&quot;&quot;,&quot;created_timestamp&quot;:&quot;0&quot;,&quot;copyright&quot;:&quot;&quot;,&quot;focal_length&quot;:&quot;0&quot;,&quot;iso&quot;:&quot;0&quot;,&quot;shutter_speed&quot;:&quot;0&quot;,&quot;title&quot;:&quot;&quot;,&quot;orientation&quot;:&quot;0&quot;}\" data-image-title=\"20231207_135414_resized\" data-image-description=\"\" data-medium-file=\"https:\/\/i0.wp.com\/www.stiftsforum.ch\/blog\/wp-content\/uploads\/2023\/12\/20231207_135414_resized.jpg?fit=300%2C225&amp;ssl=1\" data-large-file=\"https:\/\/i0.wp.com\/www.stiftsforum.ch\/blog\/wp-content\/uploads\/2023\/12\/20231207_135414_resized.jpg?fit=800%2C600&amp;ssl=1\" data-attachment-id=\"6585\" data-permalink=\"https:\/\/www.stiftsforum.ch\/blog\/?attachment_id=6585\" data-orig-file=\"https:\/\/i0.wp.com\/www.stiftsforum.ch\/blog\/wp-content\/uploads\/2023\/12\/20231207_135414_resized.jpg?fit=1156%2C867&amp;ssl=1\" data-orig-size=\"1156,867\" data-comments-opened=\"1\" data-image-meta=\"{&quot;aperture&quot;:&quot;0&quot;,&quot;credit&quot;:&quot;&quot;,&quot;camera&quot;:&quot;&quot;,&quot;caption&quot;:&quot;&quot;,&quot;created_timestamp&quot;:&quot;0&quot;,&quot;copyright&quot;:&quot;&quot;,&quot;focal_length&quot;:&quot;0&quot;,&quot;iso&quot;:&quot;0&quot;,&quot;shutter_speed&quot;:&quot;0&quot;,&quot;title&quot;:&quot;&quot;,&quot;orientation&quot;:&quot;0&quot;}\" data-image-title=\"20231207_135414_resized\" data-image-description=\"\" data-medium-file=\"https:\/\/i0.wp.com\/www.stiftsforum.ch\/blog\/wp-content\/uploads\/2023\/12\/20231207_135414_resized.jpg?fit=300%2C225&amp;ssl=1\" data-large-file=\"https:\/\/i0.wp.com\/www.stiftsforum.ch\/blog\/wp-content\/uploads\/2023\/12\/20231207_135414_resized.jpg?fit=800%2C600&amp;ssl=1\" srcset=\"https:\/\/i0.wp.com\/www.stiftsforum.ch\/blog\/wp-content\/uploads\/2023\/12\/20231207_135414_resized.jpg?strip=info&#038;w=600&#038;ssl=1 600w,https:\/\/i0.wp.com\/www.stiftsforum.ch\/blog\/wp-content\/uploads\/2023\/12\/20231207_135414_resized.jpg?strip=info&#038;w=867&#038;ssl=1 867w\" alt=\"\" data-height=\"867\" data-id=\"6585\" data-link=\"https:\/\/www.stiftsforum.ch\/blog\/?attachment_id=6585\" data-url=\"https:\/\/www.stiftsforum.ch\/blog\/wp-content\/uploads\/2023\/12\/20231207_135414_resized.jpg\" data-width=\"1156\" src=\"https:\/\/i0.wp.com\/www.stiftsforum.ch\/blog\/wp-content\/uploads\/2023\/12\/20231207_135414_resized.jpg?ssl=1\" layout=\"responsive\"\/><\/figure><\/div><\/div><div data-carousel-extra='{\"blog_id\":1,\"permalink\":\"https:\\\/\\\/www.stiftsforum.ch\\\/blog\\\/?p=6575\"}' class=\"tiled-gallery__row\"><div data-carousel-extra='{\"blog_id\":1,\"permalink\":\"https:\\\/\\\/www.stiftsforum.ch\\\/blog\\\/?p=6575\"}' class=\"tiled-gallery__col\" style=\"flex-basis:33.33333333333333%\"><figure class=\"tiled-gallery__item\"><img data-attachment-id=\"6586\" data-permalink=\"https:\/\/www.stiftsforum.ch\/blog\/?attachment_id=6586\" data-orig-file=\"https:\/\/i1.wp.com\/www.stiftsforum.ch\/blog\/wp-content\/uploads\/2023\/12\/20231207_135442_resized.jpg?fit=1156%2C867&amp;ssl=1\" data-orig-size=\"1156,867\" data-comments-opened=\"1\" data-image-meta=\"{&quot;aperture&quot;:&quot;0&quot;,&quot;credit&quot;:&quot;&quot;,&quot;camera&quot;:&quot;&quot;,&quot;caption&quot;:&quot;&quot;,&quot;created_timestamp&quot;:&quot;0&quot;,&quot;copyright&quot;:&quot;&quot;,&quot;focal_length&quot;:&quot;0&quot;,&quot;iso&quot;:&quot;0&quot;,&quot;shutter_speed&quot;:&quot;0&quot;,&quot;title&quot;:&quot;&quot;,&quot;orientation&quot;:&quot;0&quot;}\" data-image-title=\"20231207_135442_resized\" data-image-description=\"\" data-medium-file=\"https:\/\/i1.wp.com\/www.stiftsforum.ch\/blog\/wp-content\/uploads\/2023\/12\/20231207_135442_resized.jpg?fit=300%2C225&amp;ssl=1\" data-large-file=\"https:\/\/i1.wp.com\/www.stiftsforum.ch\/blog\/wp-content\/uploads\/2023\/12\/20231207_135442_resized.jpg?fit=800%2C600&amp;ssl=1\" data-attachment-id=\"6586\" data-permalink=\"https:\/\/www.stiftsforum.ch\/blog\/?attachment_id=6586\" data-orig-file=\"https:\/\/i1.wp.com\/www.stiftsforum.ch\/blog\/wp-content\/uploads\/2023\/12\/20231207_135442_resized.jpg?fit=1156%2C867&amp;ssl=1\" data-orig-size=\"1156,867\" data-comments-opened=\"1\" data-image-meta=\"{&quot;aperture&quot;:&quot;0&quot;,&quot;credit&quot;:&quot;&quot;,&quot;camera&quot;:&quot;&quot;,&quot;caption&quot;:&quot;&quot;,&quot;created_timestamp&quot;:&quot;0&quot;,&quot;copyright&quot;:&quot;&quot;,&quot;focal_length&quot;:&quot;0&quot;,&quot;iso&quot;:&quot;0&quot;,&quot;shutter_speed&quot;:&quot;0&quot;,&quot;title&quot;:&quot;&quot;,&quot;orientation&quot;:&quot;0&quot;}\" data-image-title=\"20231207_135442_resized\" data-image-description=\"\" data-medium-file=\"https:\/\/i1.wp.com\/www.stiftsforum.ch\/blog\/wp-content\/uploads\/2023\/12\/20231207_135442_resized.jpg?fit=300%2C225&amp;ssl=1\" data-large-file=\"https:\/\/i1.wp.com\/www.stiftsforum.ch\/blog\/wp-content\/uploads\/2023\/12\/20231207_135442_resized.jpg?fit=800%2C600&amp;ssl=1\" srcset=\"https:\/\/i2.wp.com\/www.stiftsforum.ch\/blog\/wp-content\/uploads\/2023\/12\/20231207_135442_resized.jpg?strip=info&#038;w=600&#038;ssl=1 600w,https:\/\/i2.wp.com\/www.stiftsforum.ch\/blog\/wp-content\/uploads\/2023\/12\/20231207_135442_resized.jpg?strip=info&#038;w=867&#038;ssl=1 867w\" alt=\"\" data-height=\"867\" data-id=\"6586\" data-link=\"https:\/\/www.stiftsforum.ch\/blog\/?attachment_id=6586\" data-url=\"https:\/\/www.stiftsforum.ch\/blog\/wp-content\/uploads\/2023\/12\/20231207_135442_resized.jpg\" data-width=\"1156\" src=\"https:\/\/i2.wp.com\/www.stiftsforum.ch\/blog\/wp-content\/uploads\/2023\/12\/20231207_135442_resized.jpg?ssl=1\" layout=\"responsive\"\/><\/figure><\/div><div data-carousel-extra='{\"blog_id\":1,\"permalink\":\"https:\\\/\\\/www.stiftsforum.ch\\\/blog\\\/?p=6575\"}' class=\"tiled-gallery__col\" style=\"flex-basis:33.33333333333333%\"><figure class=\"tiled-gallery__item\"><img data-attachment-id=\"6587\" data-permalink=\"https:\/\/www.stiftsforum.ch\/blog\/?attachment_id=6587\" data-orig-file=\"https:\/\/i0.wp.com\/www.stiftsforum.ch\/blog\/wp-content\/uploads\/2023\/12\/20231207_135651_resized.jpg?fit=1156%2C867&amp;ssl=1\" data-orig-size=\"1156,867\" data-comments-opened=\"1\" data-image-meta=\"{&quot;aperture&quot;:&quot;0&quot;,&quot;credit&quot;:&quot;&quot;,&quot;camera&quot;:&quot;&quot;,&quot;caption&quot;:&quot;&quot;,&quot;created_timestamp&quot;:&quot;0&quot;,&quot;copyright&quot;:&quot;&quot;,&quot;focal_length&quot;:&quot;0&quot;,&quot;iso&quot;:&quot;0&quot;,&quot;shutter_speed&quot;:&quot;0&quot;,&quot;title&quot;:&quot;&quot;,&quot;orientation&quot;:&quot;0&quot;}\" data-image-title=\"20231207_135651_resized\" data-image-description=\"\" data-medium-file=\"https:\/\/i0.wp.com\/www.stiftsforum.ch\/blog\/wp-content\/uploads\/2023\/12\/20231207_135651_resized.jpg?fit=300%2C225&amp;ssl=1\" data-large-file=\"https:\/\/i0.wp.com\/www.stiftsforum.ch\/blog\/wp-content\/uploads\/2023\/12\/20231207_135651_resized.jpg?fit=800%2C600&amp;ssl=1\" data-attachment-id=\"6587\" data-permalink=\"https:\/\/www.stiftsforum.ch\/blog\/?attachment_id=6587\" data-orig-file=\"https:\/\/i0.wp.com\/www.stiftsforum.ch\/blog\/wp-content\/uploads\/2023\/12\/20231207_135651_resized.jpg?fit=1156%2C867&amp;ssl=1\" data-orig-size=\"1156,867\" data-comments-opened=\"1\" data-image-meta=\"{&quot;aperture&quot;:&quot;0&quot;,&quot;credit&quot;:&quot;&quot;,&quot;camera&quot;:&quot;&quot;,&quot;caption&quot;:&quot;&quot;,&quot;created_timestamp&quot;:&quot;0&quot;,&quot;copyright&quot;:&quot;&quot;,&quot;focal_length&quot;:&quot;0&quot;,&quot;iso&quot;:&quot;0&quot;,&quot;shutter_speed&quot;:&quot;0&quot;,&quot;title&quot;:&quot;&quot;,&quot;orientation&quot;:&quot;0&quot;}\" data-image-title=\"20231207_135651_resized\" data-image-description=\"\" data-medium-file=\"https:\/\/i0.wp.com\/www.stiftsforum.ch\/blog\/wp-content\/uploads\/2023\/12\/20231207_135651_resized.jpg?fit=300%2C225&amp;ssl=1\" data-large-file=\"https:\/\/i0.wp.com\/www.stiftsforum.ch\/blog\/wp-content\/uploads\/2023\/12\/20231207_135651_resized.jpg?fit=800%2C600&amp;ssl=1\" srcset=\"https:\/\/i0.wp.com\/www.stiftsforum.ch\/blog\/wp-content\/uploads\/2023\/12\/20231207_135651_resized.jpg?strip=info&#038;w=600&#038;ssl=1 600w,https:\/\/i0.wp.com\/www.stiftsforum.ch\/blog\/wp-content\/uploads\/2023\/12\/20231207_135651_resized.jpg?strip=info&#038;w=867&#038;ssl=1 867w\" alt=\"\" data-height=\"867\" data-id=\"6587\" data-link=\"https:\/\/www.stiftsforum.ch\/blog\/?attachment_id=6587\" data-url=\"https:\/\/www.stiftsforum.ch\/blog\/wp-content\/uploads\/2023\/12\/20231207_135651_resized.jpg\" data-width=\"1156\" src=\"https:\/\/i0.wp.com\/www.stiftsforum.ch\/blog\/wp-content\/uploads\/2023\/12\/20231207_135651_resized.jpg?ssl=1\" layout=\"responsive\"\/><\/figure><\/div><div data-carousel-extra='{\"blog_id\":1,\"permalink\":\"https:\\\/\\\/www.stiftsforum.ch\\\/blog\\\/?p=6575\"}' class=\"tiled-gallery__col\" style=\"flex-basis:33.33333333333333%\"><figure class=\"tiled-gallery__item\"><img data-attachment-id=\"6588\" data-permalink=\"https:\/\/www.stiftsforum.ch\/blog\/?attachment_id=6588\" data-orig-file=\"https:\/\/i2.wp.com\/www.stiftsforum.ch\/blog\/wp-content\/uploads\/2023\/12\/20231207_135806_resized-1.jpg?fit=1156%2C867&amp;ssl=1\" data-orig-size=\"1156,867\" data-comments-opened=\"1\" data-image-meta=\"{&quot;aperture&quot;:&quot;0&quot;,&quot;credit&quot;:&quot;&quot;,&quot;camera&quot;:&quot;&quot;,&quot;caption&quot;:&quot;&quot;,&quot;created_timestamp&quot;:&quot;0&quot;,&quot;copyright&quot;:&quot;&quot;,&quot;focal_length&quot;:&quot;0&quot;,&quot;iso&quot;:&quot;0&quot;,&quot;shutter_speed&quot;:&quot;0&quot;,&quot;title&quot;:&quot;&quot;,&quot;orientation&quot;:&quot;0&quot;}\" data-image-title=\"20231207_135806_resized-1\" data-image-description=\"\" data-medium-file=\"https:\/\/i2.wp.com\/www.stiftsforum.ch\/blog\/wp-content\/uploads\/2023\/12\/20231207_135806_resized-1.jpg?fit=300%2C225&amp;ssl=1\" data-large-file=\"https:\/\/i2.wp.com\/www.stiftsforum.ch\/blog\/wp-content\/uploads\/2023\/12\/20231207_135806_resized-1.jpg?fit=800%2C600&amp;ssl=1\" data-attachment-id=\"6588\" data-permalink=\"https:\/\/www.stiftsforum.ch\/blog\/?attachment_id=6588\" data-orig-file=\"https:\/\/i2.wp.com\/www.stiftsforum.ch\/blog\/wp-content\/uploads\/2023\/12\/20231207_135806_resized-1.jpg?fit=1156%2C867&amp;ssl=1\" data-orig-size=\"1156,867\" data-comments-opened=\"1\" data-image-meta=\"{&quot;aperture&quot;:&quot;0&quot;,&quot;credit&quot;:&quot;&quot;,&quot;camera&quot;:&quot;&quot;,&quot;caption&quot;:&quot;&quot;,&quot;created_timestamp&quot;:&quot;0&quot;,&quot;copyright&quot;:&quot;&quot;,&quot;focal_length&quot;:&quot;0&quot;,&quot;iso&quot;:&quot;0&quot;,&quot;shutter_speed&quot;:&quot;0&quot;,&quot;title&quot;:&quot;&quot;,&quot;orientation&quot;:&quot;0&quot;}\" data-image-title=\"20231207_135806_resized-1\" data-image-description=\"\" data-medium-file=\"https:\/\/i2.wp.com\/www.stiftsforum.ch\/blog\/wp-content\/uploads\/2023\/12\/20231207_135806_resized-1.jpg?fit=300%2C225&amp;ssl=1\" data-large-file=\"https:\/\/i2.wp.com\/www.stiftsforum.ch\/blog\/wp-content\/uploads\/2023\/12\/20231207_135806_resized-1.jpg?fit=800%2C600&amp;ssl=1\" srcset=\"https:\/\/i0.wp.com\/www.stiftsforum.ch\/blog\/wp-content\/uploads\/2023\/12\/20231207_135806_resized-1.jpg?strip=info&#038;w=600&#038;ssl=1 600w,https:\/\/i0.wp.com\/www.stiftsforum.ch\/blog\/wp-content\/uploads\/2023\/12\/20231207_135806_resized-1.jpg?strip=info&#038;w=867&#038;ssl=1 867w\" alt=\"\" data-height=\"867\" data-id=\"6588\" data-link=\"https:\/\/www.stiftsforum.ch\/blog\/?attachment_id=6588\" data-url=\"https:\/\/www.stiftsforum.ch\/blog\/wp-content\/uploads\/2023\/12\/20231207_135806_resized-1.jpg\" data-width=\"1156\" src=\"https:\/\/i0.wp.com\/www.stiftsforum.ch\/blog\/wp-content\/uploads\/2023\/12\/20231207_135806_resized-1.jpg?ssl=1\" layout=\"responsive\"\/><\/figure><\/div><\/div><div data-carousel-extra='{\"blog_id\":1,\"permalink\":\"https:\\\/\\\/www.stiftsforum.ch\\\/blog\\\/?p=6575\"}' class=\"tiled-gallery__row\"><div data-carousel-extra='{\"blog_id\":1,\"permalink\":\"https:\\\/\\\/www.stiftsforum.ch\\\/blog\\\/?p=6575\"}' class=\"tiled-gallery__col\" style=\"flex-basis:33.25453330993958%\"><figure class=\"tiled-gallery__item\"><img data-attachment-id=\"6589\" data-permalink=\"https:\/\/www.stiftsforum.ch\/blog\/?attachment_id=6589\" data-orig-file=\"https:\/\/i0.wp.com\/www.stiftsforum.ch\/blog\/wp-content\/uploads\/2023\/12\/20231207_135913_resized-1.jpg?fit=1156%2C867&amp;ssl=1\" data-orig-size=\"1156,867\" data-comments-opened=\"1\" data-image-meta=\"{&quot;aperture&quot;:&quot;0&quot;,&quot;credit&quot;:&quot;&quot;,&quot;camera&quot;:&quot;&quot;,&quot;caption&quot;:&quot;&quot;,&quot;created_timestamp&quot;:&quot;0&quot;,&quot;copyright&quot;:&quot;&quot;,&quot;focal_length&quot;:&quot;0&quot;,&quot;iso&quot;:&quot;0&quot;,&quot;shutter_speed&quot;:&quot;0&quot;,&quot;title&quot;:&quot;&quot;,&quot;orientation&quot;:&quot;0&quot;}\" data-image-title=\"20231207_135913_resized-1\" data-image-description=\"\" data-medium-file=\"https:\/\/i0.wp.com\/www.stiftsforum.ch\/blog\/wp-content\/uploads\/2023\/12\/20231207_135913_resized-1.jpg?fit=300%2C225&amp;ssl=1\" data-large-file=\"https:\/\/i0.wp.com\/www.stiftsforum.ch\/blog\/wp-content\/uploads\/2023\/12\/20231207_135913_resized-1.jpg?fit=800%2C600&amp;ssl=1\" data-attachment-id=\"6589\" data-permalink=\"https:\/\/www.stiftsforum.ch\/blog\/?attachment_id=6589\" data-orig-file=\"https:\/\/i0.wp.com\/www.stiftsforum.ch\/blog\/wp-content\/uploads\/2023\/12\/20231207_135913_resized-1.jpg?fit=1156%2C867&amp;ssl=1\" data-orig-size=\"1156,867\" data-comments-opened=\"1\" data-image-meta=\"{&quot;aperture&quot;:&quot;0&quot;,&quot;credit&quot;:&quot;&quot;,&quot;camera&quot;:&quot;&quot;,&quot;caption&quot;:&quot;&quot;,&quot;created_timestamp&quot;:&quot;0&quot;,&quot;copyright&quot;:&quot;&quot;,&quot;focal_length&quot;:&quot;0&quot;,&quot;iso&quot;:&quot;0&quot;,&quot;shutter_speed&quot;:&quot;0&quot;,&quot;title&quot;:&quot;&quot;,&quot;orientation&quot;:&quot;0&quot;}\" data-image-title=\"20231207_135913_resized-1\" data-image-description=\"\" data-medium-file=\"https:\/\/i0.wp.com\/www.stiftsforum.ch\/blog\/wp-content\/uploads\/2023\/12\/20231207_135913_resized-1.jpg?fit=300%2C225&amp;ssl=1\" data-large-file=\"https:\/\/i0.wp.com\/www.stiftsforum.ch\/blog\/wp-content\/uploads\/2023\/12\/20231207_135913_resized-1.jpg?fit=800%2C600&amp;ssl=1\" srcset=\"https:\/\/i2.wp.com\/www.stiftsforum.ch\/blog\/wp-content\/uploads\/2023\/12\/20231207_135913_resized-1.jpg?strip=info&#038;w=600&#038;ssl=1 600w,https:\/\/i2.wp.com\/www.stiftsforum.ch\/blog\/wp-content\/uploads\/2023\/12\/20231207_135913_resized-1.jpg?strip=info&#038;w=867&#038;ssl=1 867w\" alt=\"\" data-height=\"867\" data-id=\"6589\" data-link=\"https:\/\/www.stiftsforum.ch\/blog\/?attachment_id=6589\" data-url=\"https:\/\/www.stiftsforum.ch\/blog\/wp-content\/uploads\/2023\/12\/20231207_135913_resized-1.jpg\" data-width=\"1156\" src=\"https:\/\/i2.wp.com\/www.stiftsforum.ch\/blog\/wp-content\/uploads\/2023\/12\/20231207_135913_resized-1.jpg?ssl=1\" layout=\"responsive\"\/><\/figure><figure class=\"tiled-gallery__item\"><img data-attachment-id=\"6590\" data-permalink=\"https:\/\/www.stiftsforum.ch\/blog\/?attachment_id=6590\" data-orig-file=\"https:\/\/i1.wp.com\/www.stiftsforum.ch\/blog\/wp-content\/uploads\/2023\/12\/20231207_135918_resized.jpg?fit=1156%2C867&amp;ssl=1\" data-orig-size=\"1156,867\" data-comments-opened=\"1\" data-image-meta=\"{&quot;aperture&quot;:&quot;0&quot;,&quot;credit&quot;:&quot;&quot;,&quot;camera&quot;:&quot;&quot;,&quot;caption&quot;:&quot;&quot;,&quot;created_timestamp&quot;:&quot;0&quot;,&quot;copyright&quot;:&quot;&quot;,&quot;focal_length&quot;:&quot;0&quot;,&quot;iso&quot;:&quot;0&quot;,&quot;shutter_speed&quot;:&quot;0&quot;,&quot;title&quot;:&quot;&quot;,&quot;orientation&quot;:&quot;0&quot;}\" data-image-title=\"20231207_135918_resized\" data-image-description=\"\" data-medium-file=\"https:\/\/i1.wp.com\/www.stiftsforum.ch\/blog\/wp-content\/uploads\/2023\/12\/20231207_135918_resized.jpg?fit=300%2C225&amp;ssl=1\" data-large-file=\"https:\/\/i1.wp.com\/www.stiftsforum.ch\/blog\/wp-content\/uploads\/2023\/12\/20231207_135918_resized.jpg?fit=800%2C600&amp;ssl=1\" data-attachment-id=\"6590\" data-permalink=\"https:\/\/www.stiftsforum.ch\/blog\/?attachment_id=6590\" data-orig-file=\"https:\/\/i1.wp.com\/www.stiftsforum.ch\/blog\/wp-content\/uploads\/2023\/12\/20231207_135918_resized.jpg?fit=1156%2C867&amp;ssl=1\" data-orig-size=\"1156,867\" data-comments-opened=\"1\" data-image-meta=\"{&quot;aperture&quot;:&quot;0&quot;,&quot;credit&quot;:&quot;&quot;,&quot;camera&quot;:&quot;&quot;,&quot;caption&quot;:&quot;&quot;,&quot;created_timestamp&quot;:&quot;0&quot;,&quot;copyright&quot;:&quot;&quot;,&quot;focal_length&quot;:&quot;0&quot;,&quot;iso&quot;:&quot;0&quot;,&quot;shutter_speed&quot;:&quot;0&quot;,&quot;title&quot;:&quot;&quot;,&quot;orientation&quot;:&quot;0&quot;}\" data-image-title=\"20231207_135918_resized\" data-image-description=\"\" data-medium-file=\"https:\/\/i1.wp.com\/www.stiftsforum.ch\/blog\/wp-content\/uploads\/2023\/12\/20231207_135918_resized.jpg?fit=300%2C225&amp;ssl=1\" data-large-file=\"https:\/\/i1.wp.com\/www.stiftsforum.ch\/blog\/wp-content\/uploads\/2023\/12\/20231207_135918_resized.jpg?fit=800%2C600&amp;ssl=1\" srcset=\"https:\/\/i0.wp.com\/www.stiftsforum.ch\/blog\/wp-content\/uploads\/2023\/12\/20231207_135918_resized.jpg?strip=info&#038;w=600&#038;ssl=1 600w,https:\/\/i0.wp.com\/www.stiftsforum.ch\/blog\/wp-content\/uploads\/2023\/12\/20231207_135918_resized.jpg?strip=info&#038;w=867&#038;ssl=1 867w\" alt=\"\" data-height=\"867\" data-id=\"6590\" data-link=\"https:\/\/www.stiftsforum.ch\/blog\/?attachment_id=6590\" data-url=\"https:\/\/www.stiftsforum.ch\/blog\/wp-content\/uploads\/2023\/12\/20231207_135918_resized.jpg\" data-width=\"1156\" src=\"https:\/\/i0.wp.com\/www.stiftsforum.ch\/blog\/wp-content\/uploads\/2023\/12\/20231207_135918_resized.jpg?ssl=1\" layout=\"responsive\"\/><\/figure><\/div><div data-carousel-extra='{\"blog_id\":1,\"permalink\":\"https:\\\/\\\/www.stiftsforum.ch\\\/blog\\\/?p=6575\"}' class=\"tiled-gallery__col\" style=\"flex-basis:66.74546669006041%\"><figure class=\"tiled-gallery__item\"><img data-attachment-id=\"6591\" data-permalink=\"https:\/\/www.stiftsforum.ch\/blog\/?attachment_id=6591\" data-orig-file=\"https:\/\/i2.wp.com\/www.stiftsforum.ch\/blog\/wp-content\/uploads\/2023\/12\/20231207_140345_resized.jpg?fit=1156%2C867&amp;ssl=1\" data-orig-size=\"1156,867\" data-comments-opened=\"1\" data-image-meta=\"{&quot;aperture&quot;:&quot;0&quot;,&quot;credit&quot;:&quot;&quot;,&quot;camera&quot;:&quot;&quot;,&quot;caption&quot;:&quot;&quot;,&quot;created_timestamp&quot;:&quot;0&quot;,&quot;copyright&quot;:&quot;&quot;,&quot;focal_length&quot;:&quot;0&quot;,&quot;iso&quot;:&quot;0&quot;,&quot;shutter_speed&quot;:&quot;0&quot;,&quot;title&quot;:&quot;&quot;,&quot;orientation&quot;:&quot;0&quot;}\" data-image-title=\"20231207_140345_resized\" data-image-description=\"\" data-medium-file=\"https:\/\/i2.wp.com\/www.stiftsforum.ch\/blog\/wp-content\/uploads\/2023\/12\/20231207_140345_resized.jpg?fit=300%2C225&amp;ssl=1\" data-large-file=\"https:\/\/i2.wp.com\/www.stiftsforum.ch\/blog\/wp-content\/uploads\/2023\/12\/20231207_140345_resized.jpg?fit=800%2C600&amp;ssl=1\" data-attachment-id=\"6591\" data-permalink=\"https:\/\/www.stiftsforum.ch\/blog\/?attachment_id=6591\" data-orig-file=\"https:\/\/i2.wp.com\/www.stiftsforum.ch\/blog\/wp-content\/uploads\/2023\/12\/20231207_140345_resized.jpg?fit=1156%2C867&amp;ssl=1\" data-orig-size=\"1156,867\" data-comments-opened=\"1\" data-image-meta=\"{&quot;aperture&quot;:&quot;0&quot;,&quot;credit&quot;:&quot;&quot;,&quot;camera&quot;:&quot;&quot;,&quot;caption&quot;:&quot;&quot;,&quot;created_timestamp&quot;:&quot;0&quot;,&quot;copyright&quot;:&quot;&quot;,&quot;focal_length&quot;:&quot;0&quot;,&quot;iso&quot;:&quot;0&quot;,&quot;shutter_speed&quot;:&quot;0&quot;,&quot;title&quot;:&quot;&quot;,&quot;orientation&quot;:&quot;0&quot;}\" data-image-title=\"20231207_140345_resized\" data-image-description=\"\" data-medium-file=\"https:\/\/i2.wp.com\/www.stiftsforum.ch\/blog\/wp-content\/uploads\/2023\/12\/20231207_140345_resized.jpg?fit=300%2C225&amp;ssl=1\" data-large-file=\"https:\/\/i2.wp.com\/www.stiftsforum.ch\/blog\/wp-content\/uploads\/2023\/12\/20231207_140345_resized.jpg?fit=800%2C600&amp;ssl=1\" srcset=\"https:\/\/i2.wp.com\/www.stiftsforum.ch\/blog\/wp-content\/uploads\/2023\/12\/20231207_140345_resized.jpg?strip=info&#038;w=600&#038;ssl=1 600w,https:\/\/i2.wp.com\/www.stiftsforum.ch\/blog\/wp-content\/uploads\/2023\/12\/20231207_140345_resized.jpg?strip=info&#038;w=867&#038;ssl=1 867w\" alt=\"\" data-height=\"867\" data-id=\"6591\" data-link=\"https:\/\/www.stiftsforum.ch\/blog\/?attachment_id=6591\" data-url=\"https:\/\/www.stiftsforum.ch\/blog\/wp-content\/uploads\/2023\/12\/20231207_140345_resized.jpg\" data-width=\"1156\" src=\"https:\/\/i2.wp.com\/www.stiftsforum.ch\/blog\/wp-content\/uploads\/2023\/12\/20231207_140345_resized.jpg?ssl=1\" layout=\"responsive\"\/><\/figure><\/div><\/div><div data-carousel-extra='{\"blog_id\":1,\"permalink\":\"https:\\\/\\\/www.stiftsforum.ch\\\/blog\\\/?p=6575\"}' class=\"tiled-gallery__row\"><div data-carousel-extra='{\"blog_id\":1,\"permalink\":\"https:\\\/\\\/www.stiftsforum.ch\\\/blog\\\/?p=6575\"}' class=\"tiled-gallery__col\" style=\"flex-basis:50%\"><figure class=\"tiled-gallery__item\"><img data-attachment-id=\"6592\" data-permalink=\"https:\/\/www.stiftsforum.ch\/blog\/?attachment_id=6592\" data-orig-file=\"https:\/\/i2.wp.com\/www.stiftsforum.ch\/blog\/wp-content\/uploads\/2023\/12\/20231207_140351_resized.jpg?fit=1156%2C867&amp;ssl=1\" data-orig-size=\"1156,867\" data-comments-opened=\"1\" data-image-meta=\"{&quot;aperture&quot;:&quot;0&quot;,&quot;credit&quot;:&quot;&quot;,&quot;camera&quot;:&quot;&quot;,&quot;caption&quot;:&quot;&quot;,&quot;created_timestamp&quot;:&quot;0&quot;,&quot;copyright&quot;:&quot;&quot;,&quot;focal_length&quot;:&quot;0&quot;,&quot;iso&quot;:&quot;0&quot;,&quot;shutter_speed&quot;:&quot;0&quot;,&quot;title&quot;:&quot;&quot;,&quot;orientation&quot;:&quot;0&quot;}\" data-image-title=\"20231207_140351_resized\" data-image-description=\"\" data-medium-file=\"https:\/\/i2.wp.com\/www.stiftsforum.ch\/blog\/wp-content\/uploads\/2023\/12\/20231207_140351_resized.jpg?fit=300%2C225&amp;ssl=1\" data-large-file=\"https:\/\/i2.wp.com\/www.stiftsforum.ch\/blog\/wp-content\/uploads\/2023\/12\/20231207_140351_resized.jpg?fit=800%2C600&amp;ssl=1\" data-attachment-id=\"6592\" data-permalink=\"https:\/\/www.stiftsforum.ch\/blog\/?attachment_id=6592\" data-orig-file=\"https:\/\/i2.wp.com\/www.stiftsforum.ch\/blog\/wp-content\/uploads\/2023\/12\/20231207_140351_resized.jpg?fit=1156%2C867&amp;ssl=1\" data-orig-size=\"1156,867\" data-comments-opened=\"1\" data-image-meta=\"{&quot;aperture&quot;:&quot;0&quot;,&quot;credit&quot;:&quot;&quot;,&quot;camera&quot;:&quot;&quot;,&quot;caption&quot;:&quot;&quot;,&quot;created_timestamp&quot;:&quot;0&quot;,&quot;copyright&quot;:&quot;&quot;,&quot;focal_length&quot;:&quot;0&quot;,&quot;iso&quot;:&quot;0&quot;,&quot;shutter_speed&quot;:&quot;0&quot;,&quot;title&quot;:&quot;&quot;,&quot;orientation&quot;:&quot;0&quot;}\" data-image-title=\"20231207_140351_resized\" data-image-description=\"\" data-medium-file=\"https:\/\/i2.wp.com\/www.stiftsforum.ch\/blog\/wp-content\/uploads\/2023\/12\/20231207_140351_resized.jpg?fit=300%2C225&amp;ssl=1\" data-large-file=\"https:\/\/i2.wp.com\/www.stiftsforum.ch\/blog\/wp-content\/uploads\/2023\/12\/20231207_140351_resized.jpg?fit=800%2C600&amp;ssl=1\" srcset=\"https:\/\/i1.wp.com\/www.stiftsforum.ch\/blog\/wp-content\/uploads\/2023\/12\/20231207_140351_resized.jpg?strip=info&#038;w=600&#038;ssl=1 600w,https:\/\/i1.wp.com\/www.stiftsforum.ch\/blog\/wp-content\/uploads\/2023\/12\/20231207_140351_resized.jpg?strip=info&#038;w=867&#038;ssl=1 867w\" alt=\"\" data-height=\"867\" data-id=\"6592\" data-link=\"https:\/\/www.stiftsforum.ch\/blog\/?attachment_id=6592\" data-url=\"https:\/\/www.stiftsforum.ch\/blog\/wp-content\/uploads\/2023\/12\/20231207_140351_resized.jpg\" data-width=\"1156\" src=\"https:\/\/i1.wp.com\/www.stiftsforum.ch\/blog\/wp-content\/uploads\/2023\/12\/20231207_140351_resized.jpg?ssl=1\" layout=\"responsive\"\/><\/figure><\/div><div data-carousel-extra='{\"blog_id\":1,\"permalink\":\"https:\\\/\\\/www.stiftsforum.ch\\\/blog\\\/?p=6575\"}' class=\"tiled-gallery__col\" style=\"flex-basis:50%\"><figure class=\"tiled-gallery__item\"><img data-attachment-id=\"6593\" data-permalink=\"https:\/\/www.stiftsforum.ch\/blog\/?attachment_id=6593\" data-orig-file=\"https:\/\/i0.wp.com\/www.stiftsforum.ch\/blog\/wp-content\/uploads\/2023\/12\/20231207_140803_resized.jpg?fit=1156%2C867&amp;ssl=1\" data-orig-size=\"1156,867\" data-comments-opened=\"1\" data-image-meta=\"{&quot;aperture&quot;:&quot;0&quot;,&quot;credit&quot;:&quot;&quot;,&quot;camera&quot;:&quot;&quot;,&quot;caption&quot;:&quot;&quot;,&quot;created_timestamp&quot;:&quot;0&quot;,&quot;copyright&quot;:&quot;&quot;,&quot;focal_length&quot;:&quot;0&quot;,&quot;iso&quot;:&quot;0&quot;,&quot;shutter_speed&quot;:&quot;0&quot;,&quot;title&quot;:&quot;&quot;,&quot;orientation&quot;:&quot;0&quot;}\" data-image-title=\"20231207_140803_resized\" data-image-description=\"\" data-medium-file=\"https:\/\/i0.wp.com\/www.stiftsforum.ch\/blog\/wp-content\/uploads\/2023\/12\/20231207_140803_resized.jpg?fit=300%2C225&amp;ssl=1\" data-large-file=\"https:\/\/i0.wp.com\/www.stiftsforum.ch\/blog\/wp-content\/uploads\/2023\/12\/20231207_140803_resized.jpg?fit=800%2C600&amp;ssl=1\" data-attachment-id=\"6593\" data-permalink=\"https:\/\/www.stiftsforum.ch\/blog\/?attachment_id=6593\" data-orig-file=\"https:\/\/i0.wp.com\/www.stiftsforum.ch\/blog\/wp-content\/uploads\/2023\/12\/20231207_140803_resized.jpg?fit=1156%2C867&amp;ssl=1\" data-orig-size=\"1156,867\" data-comments-opened=\"1\" data-image-meta=\"{&quot;aperture&quot;:&quot;0&quot;,&quot;credit&quot;:&quot;&quot;,&quot;camera&quot;:&quot;&quot;,&quot;caption&quot;:&quot;&quot;,&quot;created_timestamp&quot;:&quot;0&quot;,&quot;copyright&quot;:&quot;&quot;,&quot;focal_length&quot;:&quot;0&quot;,&quot;iso&quot;:&quot;0&quot;,&quot;shutter_speed&quot;:&quot;0&quot;,&quot;title&quot;:&quot;&quot;,&quot;orientation&quot;:&quot;0&quot;}\" data-image-title=\"20231207_140803_resized\" data-image-description=\"\" data-medium-file=\"https:\/\/i0.wp.com\/www.stiftsforum.ch\/blog\/wp-content\/uploads\/2023\/12\/20231207_140803_resized.jpg?fit=300%2C225&amp;ssl=1\" data-large-file=\"https:\/\/i0.wp.com\/www.stiftsforum.ch\/blog\/wp-content\/uploads\/2023\/12\/20231207_140803_resized.jpg?fit=800%2C600&amp;ssl=1\" srcset=\"https:\/\/i1.wp.com\/www.stiftsforum.ch\/blog\/wp-content\/uploads\/2023\/12\/20231207_140803_resized.jpg?strip=info&#038;w=600&#038;ssl=1 600w,https:\/\/i1.wp.com\/www.stiftsforum.ch\/blog\/wp-content\/uploads\/2023\/12\/20231207_140803_resized.jpg?strip=info&#038;w=867&#038;ssl=1 867w\" alt=\"\" data-height=\"867\" data-id=\"6593\" data-link=\"https:\/\/www.stiftsforum.ch\/blog\/?attachment_id=6593\" data-url=\"https:\/\/www.stiftsforum.ch\/blog\/wp-content\/uploads\/2023\/12\/20231207_140803_resized.jpg\" data-width=\"1156\" src=\"https:\/\/i1.wp.com\/www.stiftsforum.ch\/blog\/wp-content\/uploads\/2023\/12\/20231207_140803_resized.jpg?ssl=1\" layout=\"responsive\"\/><\/figure><\/div><\/div><div data-carousel-extra='{\"blog_id\":1,\"permalink\":\"https:\\\/\\\/www.stiftsforum.ch\\\/blog\\\/?p=6575\"}' class=\"tiled-gallery__row\"><div data-carousel-extra='{\"blog_id\":1,\"permalink\":\"https:\\\/\\\/www.stiftsforum.ch\\\/blog\\\/?p=6575\"}' class=\"tiled-gallery__col\" style=\"flex-basis:66.74546669006041%\"><figure class=\"tiled-gallery__item\"><img data-attachment-id=\"6594\" data-permalink=\"https:\/\/www.stiftsforum.ch\/blog\/?attachment_id=6594\" data-orig-file=\"https:\/\/i1.wp.com\/www.stiftsforum.ch\/blog\/wp-content\/uploads\/2023\/12\/20231207_140810_resized.jpg?fit=1156%2C867&amp;ssl=1\" data-orig-size=\"1156,867\" data-comments-opened=\"1\" data-image-meta=\"{&quot;aperture&quot;:&quot;0&quot;,&quot;credit&quot;:&quot;&quot;,&quot;camera&quot;:&quot;&quot;,&quot;caption&quot;:&quot;&quot;,&quot;created_timestamp&quot;:&quot;0&quot;,&quot;copyright&quot;:&quot;&quot;,&quot;focal_length&quot;:&quot;0&quot;,&quot;iso&quot;:&quot;0&quot;,&quot;shutter_speed&quot;:&quot;0&quot;,&quot;title&quot;:&quot;&quot;,&quot;orientation&quot;:&quot;0&quot;}\" data-image-title=\"20231207_140810_resized\" data-image-description=\"\" data-medium-file=\"https:\/\/i1.wp.com\/www.stiftsforum.ch\/blog\/wp-content\/uploads\/2023\/12\/20231207_140810_resized.jpg?fit=300%2C225&amp;ssl=1\" data-large-file=\"https:\/\/i1.wp.com\/www.stiftsforum.ch\/blog\/wp-content\/uploads\/2023\/12\/20231207_140810_resized.jpg?fit=800%2C600&amp;ssl=1\" data-attachment-id=\"6594\" data-permalink=\"https:\/\/www.stiftsforum.ch\/blog\/?attachment_id=6594\" data-orig-file=\"https:\/\/i1.wp.com\/www.stiftsforum.ch\/blog\/wp-content\/uploads\/2023\/12\/20231207_140810_resized.jpg?fit=1156%2C867&amp;ssl=1\" data-orig-size=\"1156,867\" data-comments-opened=\"1\" data-image-meta=\"{&quot;aperture&quot;:&quot;0&quot;,&quot;credit&quot;:&quot;&quot;,&quot;camera&quot;:&quot;&quot;,&quot;caption&quot;:&quot;&quot;,&quot;created_timestamp&quot;:&quot;0&quot;,&quot;copyright&quot;:&quot;&quot;,&quot;focal_length&quot;:&quot;0&quot;,&quot;iso&quot;:&quot;0&quot;,&quot;shutter_speed&quot;:&quot;0&quot;,&quot;title&quot;:&quot;&quot;,&quot;orientation&quot;:&quot;0&quot;}\" data-image-title=\"20231207_140810_resized\" data-image-description=\"\" data-medium-file=\"https:\/\/i1.wp.com\/www.stiftsforum.ch\/blog\/wp-content\/uploads\/2023\/12\/20231207_140810_resized.jpg?fit=300%2C225&amp;ssl=1\" data-large-file=\"https:\/\/i1.wp.com\/www.stiftsforum.ch\/blog\/wp-content\/uploads\/2023\/12\/20231207_140810_resized.jpg?fit=800%2C600&amp;ssl=1\" srcset=\"https:\/\/i1.wp.com\/www.stiftsforum.ch\/blog\/wp-content\/uploads\/2023\/12\/20231207_140810_resized.jpg?strip=info&#038;w=600&#038;ssl=1 600w,https:\/\/i1.wp.com\/www.stiftsforum.ch\/blog\/wp-content\/uploads\/2023\/12\/20231207_140810_resized.jpg?strip=info&#038;w=867&#038;ssl=1 867w\" alt=\"\" data-height=\"867\" data-id=\"6594\" data-link=\"https:\/\/www.stiftsforum.ch\/blog\/?attachment_id=6594\" data-url=\"https:\/\/www.stiftsforum.ch\/blog\/wp-content\/uploads\/2023\/12\/20231207_140810_resized.jpg\" data-width=\"1156\" src=\"https:\/\/i1.wp.com\/www.stiftsforum.ch\/blog\/wp-content\/uploads\/2023\/12\/20231207_140810_resized.jpg?ssl=1\" layout=\"responsive\"\/><\/figure><\/div><div data-carousel-extra='{\"blog_id\":1,\"permalink\":\"https:\\\/\\\/www.stiftsforum.ch\\\/blog\\\/?p=6575\"}' class=\"tiled-gallery__col\" style=\"flex-basis:33.25453330993958%\"><figure class=\"tiled-gallery__item\"><img data-attachment-id=\"6595\" data-permalink=\"https:\/\/www.stiftsforum.ch\/blog\/?attachment_id=6595\" data-orig-file=\"https:\/\/i2.wp.com\/www.stiftsforum.ch\/blog\/wp-content\/uploads\/2023\/12\/20231207_140830_resized.jpg?fit=1156%2C867&amp;ssl=1\" data-orig-size=\"1156,867\" data-comments-opened=\"1\" data-image-meta=\"{&quot;aperture&quot;:&quot;0&quot;,&quot;credit&quot;:&quot;&quot;,&quot;camera&quot;:&quot;&quot;,&quot;caption&quot;:&quot;&quot;,&quot;created_timestamp&quot;:&quot;0&quot;,&quot;copyright&quot;:&quot;&quot;,&quot;focal_length&quot;:&quot;0&quot;,&quot;iso&quot;:&quot;0&quot;,&quot;shutter_speed&quot;:&quot;0&quot;,&quot;title&quot;:&quot;&quot;,&quot;orientation&quot;:&quot;0&quot;}\" data-image-title=\"20231207_140830_resized\" data-image-description=\"\" data-medium-file=\"https:\/\/i2.wp.com\/www.stiftsforum.ch\/blog\/wp-content\/uploads\/2023\/12\/20231207_140830_resized.jpg?fit=300%2C225&amp;ssl=1\" data-large-file=\"https:\/\/i2.wp.com\/www.stiftsforum.ch\/blog\/wp-content\/uploads\/2023\/12\/20231207_140830_resized.jpg?fit=800%2C600&amp;ssl=1\" data-attachment-id=\"6595\" data-permalink=\"https:\/\/www.stiftsforum.ch\/blog\/?attachment_id=6595\" data-orig-file=\"https:\/\/i2.wp.com\/www.stiftsforum.ch\/blog\/wp-content\/uploads\/2023\/12\/20231207_140830_resized.jpg?fit=1156%2C867&amp;ssl=1\" data-orig-size=\"1156,867\" data-comments-opened=\"1\" data-image-meta=\"{&quot;aperture&quot;:&quot;0&quot;,&quot;credit&quot;:&quot;&quot;,&quot;camera&quot;:&quot;&quot;,&quot;caption&quot;:&quot;&quot;,&quot;created_timestamp&quot;:&quot;0&quot;,&quot;copyright&quot;:&quot;&quot;,&quot;focal_length&quot;:&quot;0&quot;,&quot;iso&quot;:&quot;0&quot;,&quot;shutter_speed&quot;:&quot;0&quot;,&quot;title&quot;:&quot;&quot;,&quot;orientation&quot;:&quot;0&quot;}\" data-image-title=\"20231207_140830_resized\" data-image-description=\"\" data-medium-file=\"https:\/\/i2.wp.com\/www.stiftsforum.ch\/blog\/wp-content\/uploads\/2023\/12\/20231207_140830_resized.jpg?fit=300%2C225&amp;ssl=1\" data-large-file=\"https:\/\/i2.wp.com\/www.stiftsforum.ch\/blog\/wp-content\/uploads\/2023\/12\/20231207_140830_resized.jpg?fit=800%2C600&amp;ssl=1\" srcset=\"https:\/\/i1.wp.com\/www.stiftsforum.ch\/blog\/wp-content\/uploads\/2023\/12\/20231207_140830_resized.jpg?strip=info&#038;w=600&#038;ssl=1 600w,https:\/\/i1.wp.com\/www.stiftsforum.ch\/blog\/wp-content\/uploads\/2023\/12\/20231207_140830_resized.jpg?strip=info&#038;w=867&#038;ssl=1 867w\" alt=\"\" data-height=\"867\" data-id=\"6595\" data-link=\"https:\/\/www.stiftsforum.ch\/blog\/?attachment_id=6595\" data-url=\"https:\/\/www.stiftsforum.ch\/blog\/wp-content\/uploads\/2023\/12\/20231207_140830_resized.jpg\" data-width=\"1156\" src=\"https:\/\/i1.wp.com\/www.stiftsforum.ch\/blog\/wp-content\/uploads\/2023\/12\/20231207_140830_resized.jpg?ssl=1\" layout=\"responsive\"\/><\/figure><figure class=\"tiled-gallery__item\"><img data-attachment-id=\"6596\" data-permalink=\"https:\/\/www.stiftsforum.ch\/blog\/?attachment_id=6596\" data-orig-file=\"https:\/\/i1.wp.com\/www.stiftsforum.ch\/blog\/wp-content\/uploads\/2023\/12\/20231207_140832_resized.jpg?fit=1156%2C867&amp;ssl=1\" data-orig-size=\"1156,867\" data-comments-opened=\"1\" data-image-meta=\"{&quot;aperture&quot;:&quot;0&quot;,&quot;credit&quot;:&quot;&quot;,&quot;camera&quot;:&quot;&quot;,&quot;caption&quot;:&quot;&quot;,&quot;created_timestamp&quot;:&quot;0&quot;,&quot;copyright&quot;:&quot;&quot;,&quot;focal_length&quot;:&quot;0&quot;,&quot;iso&quot;:&quot;0&quot;,&quot;shutter_speed&quot;:&quot;0&quot;,&quot;title&quot;:&quot;&quot;,&quot;orientation&quot;:&quot;0&quot;}\" data-image-title=\"20231207_140832_resized\" data-image-description=\"\" data-medium-file=\"https:\/\/i1.wp.com\/www.stiftsforum.ch\/blog\/wp-content\/uploads\/2023\/12\/20231207_140832_resized.jpg?fit=300%2C225&amp;ssl=1\" data-large-file=\"https:\/\/i1.wp.com\/www.stiftsforum.ch\/blog\/wp-content\/uploads\/2023\/12\/20231207_140832_resized.jpg?fit=800%2C600&amp;ssl=1\" data-attachment-id=\"6596\" data-permalink=\"https:\/\/www.stiftsforum.ch\/blog\/?attachment_id=6596\" data-orig-file=\"https:\/\/i1.wp.com\/www.stiftsforum.ch\/blog\/wp-content\/uploads\/2023\/12\/20231207_140832_resized.jpg?fit=1156%2C867&amp;ssl=1\" data-orig-size=\"1156,867\" data-comments-opened=\"1\" data-image-meta=\"{&quot;aperture&quot;:&quot;0&quot;,&quot;credit&quot;:&quot;&quot;,&quot;camera&quot;:&quot;&quot;,&quot;caption&quot;:&quot;&quot;,&quot;created_timestamp&quot;:&quot;0&quot;,&quot;copyright&quot;:&quot;&quot;,&quot;focal_length&quot;:&quot;0&quot;,&quot;iso&quot;:&quot;0&quot;,&quot;shutter_speed&quot;:&quot;0&quot;,&quot;title&quot;:&quot;&quot;,&quot;orientation&quot;:&quot;0&quot;}\" data-image-title=\"20231207_140832_resized\" data-image-description=\"\" data-medium-file=\"https:\/\/i1.wp.com\/www.stiftsforum.ch\/blog\/wp-content\/uploads\/2023\/12\/20231207_140832_resized.jpg?fit=300%2C225&amp;ssl=1\" data-large-file=\"https:\/\/i1.wp.com\/www.stiftsforum.ch\/blog\/wp-content\/uploads\/2023\/12\/20231207_140832_resized.jpg?fit=800%2C600&amp;ssl=1\" srcset=\"https:\/\/i1.wp.com\/www.stiftsforum.ch\/blog\/wp-content\/uploads\/2023\/12\/20231207_140832_resized.jpg?strip=info&#038;w=600&#038;ssl=1 600w,https:\/\/i1.wp.com\/www.stiftsforum.ch\/blog\/wp-content\/uploads\/2023\/12\/20231207_140832_resized.jpg?strip=info&#038;w=867&#038;ssl=1 867w\" alt=\"\" data-height=\"867\" data-id=\"6596\" data-link=\"https:\/\/www.stiftsforum.ch\/blog\/?attachment_id=6596\" data-url=\"https:\/\/www.stiftsforum.ch\/blog\/wp-content\/uploads\/2023\/12\/20231207_140832_resized.jpg\" data-width=\"1156\" src=\"https:\/\/i1.wp.com\/www.stiftsforum.ch\/blog\/wp-content\/uploads\/2023\/12\/20231207_140832_resized.jpg?ssl=1\" layout=\"responsive\"\/><\/figure><\/div><\/div><div data-carousel-extra='{\"blog_id\":1,\"permalink\":\"https:\\\/\\\/www.stiftsforum.ch\\\/blog\\\/?p=6575\"}' class=\"tiled-gallery__row\"><div data-carousel-extra='{\"blog_id\":1,\"permalink\":\"https:\\\/\\\/www.stiftsforum.ch\\\/blog\\\/?p=6575\"}' class=\"tiled-gallery__col\" style=\"flex-basis:100%\"><figure class=\"tiled-gallery__item\"><img data-attachment-id=\"6597\" data-permalink=\"https:\/\/www.stiftsforum.ch\/blog\/?attachment_id=6597\" data-orig-file=\"https:\/\/i0.wp.com\/www.stiftsforum.ch\/blog\/wp-content\/uploads\/2023\/12\/20231207_141350_resized.jpg?fit=1156%2C867&amp;ssl=1\" data-orig-size=\"1156,867\" data-comments-opened=\"1\" data-image-meta=\"{&quot;aperture&quot;:&quot;0&quot;,&quot;credit&quot;:&quot;&quot;,&quot;camera&quot;:&quot;&quot;,&quot;caption&quot;:&quot;&quot;,&quot;created_timestamp&quot;:&quot;0&quot;,&quot;copyright&quot;:&quot;&quot;,&quot;focal_length&quot;:&quot;0&quot;,&quot;iso&quot;:&quot;0&quot;,&quot;shutter_speed&quot;:&quot;0&quot;,&quot;title&quot;:&quot;&quot;,&quot;orientation&quot;:&quot;0&quot;}\" data-image-title=\"20231207_141350_resized\" data-image-description=\"\" data-medium-file=\"https:\/\/i0.wp.com\/www.stiftsforum.ch\/blog\/wp-content\/uploads\/2023\/12\/20231207_141350_resized.jpg?fit=300%2C225&amp;ssl=1\" data-large-file=\"https:\/\/i0.wp.com\/www.stiftsforum.ch\/blog\/wp-content\/uploads\/2023\/12\/20231207_141350_resized.jpg?fit=800%2C600&amp;ssl=1\" data-attachment-id=\"6597\" data-permalink=\"https:\/\/www.stiftsforum.ch\/blog\/?attachment_id=6597\" data-orig-file=\"https:\/\/i0.wp.com\/www.stiftsforum.ch\/blog\/wp-content\/uploads\/2023\/12\/20231207_141350_resized.jpg?fit=1156%2C867&amp;ssl=1\" data-orig-size=\"1156,867\" data-comments-opened=\"1\" data-image-meta=\"{&quot;aperture&quot;:&quot;0&quot;,&quot;credit&quot;:&quot;&quot;,&quot;camera&quot;:&quot;&quot;,&quot;caption&quot;:&quot;&quot;,&quot;created_timestamp&quot;:&quot;0&quot;,&quot;copyright&quot;:&quot;&quot;,&quot;focal_length&quot;:&quot;0&quot;,&quot;iso&quot;:&quot;0&quot;,&quot;shutter_speed&quot;:&quot;0&quot;,&quot;title&quot;:&quot;&quot;,&quot;orientation&quot;:&quot;0&quot;}\" data-image-title=\"20231207_141350_resized\" data-image-description=\"\" data-medium-file=\"https:\/\/i0.wp.com\/www.stiftsforum.ch\/blog\/wp-content\/uploads\/2023\/12\/20231207_141350_resized.jpg?fit=300%2C225&amp;ssl=1\" data-large-file=\"https:\/\/i0.wp.com\/www.stiftsforum.ch\/blog\/wp-content\/uploads\/2023\/12\/20231207_141350_resized.jpg?fit=800%2C600&amp;ssl=1\" srcset=\"https:\/\/i0.wp.com\/www.stiftsforum.ch\/blog\/wp-content\/uploads\/2023\/12\/20231207_141350_resized.jpg?strip=info&#038;w=600&#038;ssl=1 600w,https:\/\/i0.wp.com\/www.stiftsforum.ch\/blog\/wp-content\/uploads\/2023\/12\/20231207_141350_resized.jpg?strip=info&#038;w=867&#038;ssl=1 867w\" alt=\"\" data-height=\"867\" data-id=\"6597\" data-link=\"https:\/\/www.stiftsforum.ch\/blog\/?attachment_id=6597\" data-url=\"https:\/\/www.stiftsforum.ch\/blog\/wp-content\/uploads\/2023\/12\/20231207_141350_resized.jpg\" data-width=\"1156\" src=\"https:\/\/i0.wp.com\/www.stiftsforum.ch\/blog\/wp-content\/uploads\/2023\/12\/20231207_141350_resized.jpg?ssl=1\" layout=\"responsive\"\/><\/figure><\/div><\/div><\/div><\/div>\n","protected":false},"excerpt":{"rendered":"<p>von Maria Egartner Wir treffen uns auf dem Areal des Holzhofs des Klosters Einsiedeln. Wir, das sind Facility Manager Marco<\/p>\n","protected":false},"author":1,"featured_media":6579,"comment_status":"open","ping_status":"closed","sticky":false,"template":"","format":"standard","meta":{"spay_email":"","jetpack_publicize_message":"","jetpack_is_tweetstorm":false},"categories":[3,10,78],"tags":[],"jetpack_featured_media_url":"https:\/\/i0.wp.com\/www.stiftsforum.ch\/blog\/wp-content\/uploads\/2023\/12\/20231207_134740_resized.jpg?fit=1156%2C867&ssl=1","jetpack_publicize_connections":[],"jetpack_sharing_enabled":true,"jetpack_shortlink":"https:\/\/wp.me\/p9nzRF-1I3","jetpack_likes_enabled":true,"jetpack-related-posts":[{"id":3984,"url":"https:\/\/www.stiftsforum.ch\/blog\/?p=3984","url_meta":{"origin":6575,"position":0},"title":"Ausculta! Die Einsiedler Glocken","date":"November 26, 2020","format":false,"excerpt":"Die Schulseelsorge w\u00e4hlte f\u00fcr das aktuelle Schuljahr das Motto \u00abAusculta. H\u00f6r hin\u00bb. Latein- und Griechischlehrer Francesco De Vecchi wurde dabei auf den Klang der kl\u00f6sterlichen Glocken aufmerksam. Ein Sch\u00fcler der 1.Klasse hatte sich bei ihm nach der Funktionsweise derselben erkundigt und so begab sich Herr De Vecchi auf die Suche\u2026","rel":"","context":"In &quot;Allgemein&quot;","img":{"alt_text":"","src":"https:\/\/i1.wp.com\/www.stiftsforum.ch\/blog\/wp-content\/uploads\/2020\/11\/Glocken.jpg?fit=944%2C1200&ssl=1&resize=350%2C200","width":350,"height":200},"classes":[]},{"id":6549,"url":"https:\/\/www.stiftsforum.ch\/blog\/?p=6549","url_meta":{"origin":6575,"position":1},"title":"G\u00fcsel? Wertstoffe!","date":"Dezember 8, 2023","format":false,"excerpt":"Ein Einblick ins Steinauer-Entsorgungscenter Kompetent f\u00fchrte Gesch\u00e4ftsleitungsmitglied Christian Hitz-Steinauer unsere kleine Lehrpersonendelegation durch das Gel\u00e4nde des Steinauer-Entsorgungscenters und zeigte eindr\u00fccklich auf, dass das, was von uns weggeschmissen wird, eben nicht einfach \u201eG\u00fcsel\u201c ist, sondern aus Wertstoffen besteht, die in den allermeisten F\u00e4llen mit finanziellem Gewinn einem neuen Zweck zugef\u00fchrt werden\u2026","rel":"","context":"In &quot;Allgemein&quot;","img":{"alt_text":"","src":"https:\/\/i1.wp.com\/www.stiftsforum.ch\/blog\/wp-content\/uploads\/2023\/12\/Steinauer-scaled.jpg?fit=1200%2C900&ssl=1&resize=350%2C200","width":350,"height":200},"classes":[]},{"id":6331,"url":"https:\/\/www.stiftsforum.ch\/blog\/?p=6331","url_meta":{"origin":6575,"position":2},"title":"Der Recycling-Report","date":"Juni 6, 2023","format":false,"excerpt":"von Francesco De Vecchi In der Schweiz recycelt man angeblich viel, heisst es. Stimmt das \u00fcberhaupt im konkreten Alltag? Im Rahmen meiner Teilhabe an der \u00abNachhaltigkeitsgruppe\u00bb will ich wissen, was mit dem Abfall passiert, den ich t\u00e4glich an der lieben Stiftsschule \u201aproduziere\u2018, wie man sagt. Also habe ich ein paar\u2026","rel":"","context":"In &quot;Allgemein&quot;","img":{"alt_text":"","src":"https:\/\/i0.wp.com\/www.stiftsforum.ch\/blog\/wp-content\/uploads\/2023\/06\/image-1.jpeg?fit=1200%2C900&ssl=1&resize=350%2C200","width":350,"height":200},"classes":[]},{"id":3859,"url":"https:\/\/www.stiftsforum.ch\/blog\/?p=3859","url_meta":{"origin":6575,"position":3},"title":"Auf den Spuren der Benediktsregel nach St. Gallen","date":"Februar 4, 2020","format":false,"excerpt":"Eine Exkursion der 6bc mit P. Thomas \u201eWillkommen im Unesco-Weltkurerbe Stiftsbezirk St. Gallen\u201c heisst es auf dem Eintrittsbillett in die aktuelle Ausstellung des Klosters St. Gallen. Gezeigt werden kostbare Exponate ab dem 9. Jahrhundert, Kuriosit\u00e4ten aus der Sammlung des fr\u00fcheren F\u00fcrstbistums (etwa ein versilberter L\u00f6ffel des Heiligen Gallus) und das\u2026","rel":"","context":"In &quot;Schulanl\u00e4sse&quot;","img":{"alt_text":"","src":"https:\/\/i1.wp.com\/www.stiftsforum.ch\/blog\/wp-content\/uploads\/2020\/02\/9.jpg?fit=800%2C450&ssl=1&resize=350%2C200","width":350,"height":200},"classes":[]},{"id":6658,"url":"https:\/\/www.stiftsforum.ch\/blog\/?p=6658","url_meta":{"origin":6575,"position":4},"title":"Der Heilige Meinrad - Ein Hohenzoller?","date":"M\u00e4rz 17, 2024","format":false,"excerpt":"13.M\u00e4rz 2024\/Stiftsschule Einsiedeln: In einem Vortrag informierte P. Thomas interessierte Lehrpersonen \u00fcber seine vor kurzem abgeschlossene historische Forschung zu den Beziehungen des Hauses Hohenzollern zum Kloster Einsiedeln. Doch wie kam es dazu, dass das hohenzollersche Geschlecht in Kontakt mit Einsiedeln trat, eine jahrhundertelange Beziehung in Form von Briefen, Geschenken und\u2026","rel":"","context":"In &quot;Allgemein&quot;","img":{"alt_text":"","src":"https:\/\/i1.wp.com\/www.stiftsforum.ch\/blog\/wp-content\/uploads\/2024\/03\/Kaiser_Wilhelm_II_of_Germany_-_1902.jpg?fit=330%2C476&ssl=1&resize=350%2C200","width":350,"height":200},"classes":[]},{"id":4517,"url":"https:\/\/www.stiftsforum.ch\/blog\/?p=4517","url_meta":{"origin":6575,"position":5},"title":"Was verbirgt sich unter den Pflastersteinen?","date":"September 23, 2021","format":false,"excerpt":"Ein Vortrag im Internat zur Klosterplatz-Arch\u00e4ologie. von Francesco De Vecchi \u00abWarum w\u00e4chst das Erdniveau eigentlich stetig?\u00bb Diese Frage des Internatssch\u00fclers Melchior am Ende des Vortrages von Frau Marty im Internat hat es in sich. Es ist nicht leicht f\u00fcr uns heute nachzuvollziehen, weshalb sich unter dem aktuell entstehenden Klosterplatz noch\u2026","rel":"","context":"In &quot;Allgemein&quot;","img":{"alt_text":"","src":"https:\/\/i2.wp.com\/www.stiftsforum.ch\/blog\/wp-content\/uploads\/2021\/09\/thumbnail_IMG_9880.jpg?fit=1200%2C900&ssl=1&resize=350%2C200","width":350,"height":200},"classes":[]}],"_links":{"self":[{"href":"https:\/\/www.stiftsforum.ch\/blog\/index.php?rest_route=\/wp\/v2\/posts\/6575"}],"collection":[{"href":"https:\/\/www.stiftsforum.ch\/blog\/index.php?rest_route=\/wp\/v2\/posts"}],"about":[{"href":"https:\/\/www.stiftsforum.ch\/blog\/index.php?rest_route=\/wp\/v2\/types\/post"}],"author":[{"embeddable":true,"href":"https:\/\/www.stiftsforum.ch\/blog\/index.php?rest_route=\/wp\/v2\/users\/1"}],"replies":[{"embeddable":true,"href":"https:\/\/www.stiftsforum.ch\/blog\/index.php?rest_route=%2Fwp%2Fv2%2Fcomments&post=6575"}],"version-history":[{"count":3,"href":"https:\/\/www.stiftsforum.ch\/blog\/index.php?rest_route=\/wp\/v2\/posts\/6575\/revisions"}],"predecessor-version":[{"id":6604,"href":"https:\/\/www.stiftsforum.ch\/blog\/index.php?rest_route=\/wp\/v2\/posts\/6575\/revisions\/6604"}],"wp:featuredmedia":[{"embeddable":true,"href":"https:\/\/www.stiftsforum.ch\/blog\/index.php?rest_route=\/wp\/v2\/media\/6579"}],"wp:attachment":[{"href":"https:\/\/www.stiftsforum.ch\/blog\/index.php?rest_route=%2Fwp%2Fv2%2Fmedia&parent=6575"}],"wp:term":[{"taxonomy":"category","embeddable":true,"href":"https:\/\/www.stiftsforum.ch\/blog\/index.php?rest_route=%2Fwp%2Fv2%2Fcategories&post=6575"},{"taxonomy":"post_tag","embeddable":true,"href":"https:\/\/www.stiftsforum.ch\/blog\/index.php?rest_route=%2Fwp%2Fv2%2Ftags&post=6575"}],"curies":[{"name":"wp","href":"https:\/\/api.w.org\/{rel}","templated":true}]}}