{"id":6606,"date":"2023-12-21T19:14:04","date_gmt":"2023-12-21T18:14:04","guid":{"rendered":"http:\/\/www.stiftsforum.ch\/blog\/?p=6606"},"modified":"2023-12-22T13:33:58","modified_gmt":"2023-12-22T12:33:58","slug":"weihnachts-spendenaktion-an-der-stiftsschule","status":"publish","type":"post","link":"https:\/\/www.stiftsforum.ch\/blog\/?p=6606","title":{"rendered":"Weihnachts-Spendenaktion an der Stiftsschule"},"content":{"rendered":"\n<p><strong>Durch die Idee von Jasmine Quanbrough und die gemeinsame Planung und Umsetzung mit P. Thomas von der Schulseelsorge konnten dieses Jahr 21 Weihnachtsw\u00fcnsche sozial bed\u00fcrftiger Familien erf\u00fcllt und 20 Semester-Stipendien f\u00fcr unsere Partnerschule in Namwala (Sambia) mit einem Gesamtwert von 1500 CHF vergeben werden. Frohe Weihnachten an alle Schenkenden und Beschenkte<\/strong>!<\/p>\n\n\n\n<figure class=\"wp-block-image size-large\"><a href=\"https:\/\/i0.wp.com\/www.stiftsforum.ch\/blog\/wp-content\/uploads\/2023\/12\/20231220_131151_resized-1.jpg\"><img data-attachment-id=\"6607\" data-permalink=\"https:\/\/www.stiftsforum.ch\/blog\/?attachment_id=6607\" data-orig-file=\"https:\/\/i0.wp.com\/www.stiftsforum.ch\/blog\/wp-content\/uploads\/2023\/12\/20231220_131151_resized-1.jpg?fit=2312%2C1734&amp;ssl=1\" data-orig-size=\"2312,1734\" data-comments-opened=\"1\" data-image-meta=\"{&quot;aperture&quot;:&quot;0&quot;,&quot;credit&quot;:&quot;&quot;,&quot;camera&quot;:&quot;&quot;,&quot;caption&quot;:&quot;&quot;,&quot;created_timestamp&quot;:&quot;0&quot;,&quot;copyright&quot;:&quot;&quot;,&quot;focal_length&quot;:&quot;0&quot;,&quot;iso&quot;:&quot;0&quot;,&quot;shutter_speed&quot;:&quot;0&quot;,&quot;title&quot;:&quot;&quot;,&quot;orientation&quot;:&quot;0&quot;}\" data-image-title=\"20231220_131151_resized-1\" data-image-description=\"\" data-medium-file=\"https:\/\/i0.wp.com\/www.stiftsforum.ch\/blog\/wp-content\/uploads\/2023\/12\/20231220_131151_resized-1.jpg?fit=300%2C225&amp;ssl=1\" data-large-file=\"https:\/\/i0.wp.com\/www.stiftsforum.ch\/blog\/wp-content\/uploads\/2023\/12\/20231220_131151_resized-1.jpg?fit=800%2C600&amp;ssl=1\" loading=\"lazy\" width=\"800\" height=\"600\" src=\"https:\/\/i0.wp.com\/www.stiftsforum.ch\/blog\/wp-content\/uploads\/2023\/12\/20231220_131151_resized-1.jpg?resize=800%2C600\" alt=\"\" class=\"wp-image-6607\" srcset=\"https:\/\/i0.wp.com\/www.stiftsforum.ch\/blog\/wp-content\/uploads\/2023\/12\/20231220_131151_resized-1.jpg?resize=1024%2C768&amp;ssl=1 1024w, https:\/\/i0.wp.com\/www.stiftsforum.ch\/blog\/wp-content\/uploads\/2023\/12\/20231220_131151_resized-1.jpg?resize=300%2C225&amp;ssl=1 300w, https:\/\/i0.wp.com\/www.stiftsforum.ch\/blog\/wp-content\/uploads\/2023\/12\/20231220_131151_resized-1.jpg?resize=768%2C576&amp;ssl=1 768w, https:\/\/i0.wp.com\/www.stiftsforum.ch\/blog\/wp-content\/uploads\/2023\/12\/20231220_131151_resized-1.jpg?resize=1536%2C1152&amp;ssl=1 1536w, https:\/\/i0.wp.com\/www.stiftsforum.ch\/blog\/wp-content\/uploads\/2023\/12\/20231220_131151_resized-1.jpg?resize=2048%2C1536&amp;ssl=1 2048w, https:\/\/i0.wp.com\/www.stiftsforum.ch\/blog\/wp-content\/uploads\/2023\/12\/20231220_131151_resized-1.jpg?w=1600 1600w\" sizes=\"(max-width: 800px) 100vw, 800px\" data-recalc-dims=\"1\" \/><\/a><figcaption>Frau Jasmine Quanbrough, die Initiantin des Projekts, die gemeinsam mit der Schulseelsorge die Idee auch umgesetzt hat. <\/figcaption><\/figure>\n\n\n\n<p><strong>Jasmine, worum geht es bei dieser Aktion?<\/strong><\/p>\n\n\n\n<p>Bei dieser Aktion geht es darum, Kindern einen Weihnachtswunsch zu erf\u00fcllen, deren Eltern aus finanziellen Gr\u00fcnden nicht in der Lage sind, diesen zu erm\u00f6glichen. Wir m\u00f6chten mit diesem Projekt somit benachteiligten Kindern eine Freude zu Weihnachten bereiten. Die W\u00fcnsche der Kinder wurden durch ihre Familien eingereicht. Diese habe ich anonymisiert auf K\u00e4rtchen geschrieben und an den Weihnachtsbaum geh\u00e4ngt. Nach der Mitteilung an die Schulgemeinschaft vergingen lediglich ein paar Stunden und schon waren s\u00e4mtliche W\u00fcnsche weg! Klassen haben gemeinsam einen Wunsch ausgesucht, das Geschenk besorgt, liebevoll verpackt und unter dem Baum gelegt. Auch einzelne Sch\u00fclerinnen und Sch\u00fcler und Lehrpersonen haben sich als Wichtel beteiligt. Eine erste Klasse hat den Baum noch h\u00fcbsch mit selbst gemachtem Papierschmuck dekoriert. Das Engagement der gesamten Schule freut mich pers\u00f6nlich sehr.<\/p>\n\n\n\n<p><strong>Wie bist Du auf die Idee gekommen, so ein Projekt zu initiieren?<\/strong><\/p>\n\n\n\n<p>Letztes Jahr habe ich in den Medien von einem \u00e4hnlichen Projekt in der Ostschweiz gelesen und dachte mir, dass sich diese Aktion perfekt f\u00fcr die Stiftsschule eignen w\u00fcrde. Es ist mir ein pers\u00f6nliches Anliegen, gerade junge Menschen daf\u00fcr zu sensibilisieren,&nbsp;dass es auch armutsbetroffene Familien in der Schweiz gibt.<\/p>\n\n\n\n<p><strong>Was w\u00fcnschten sich die Kinder so?<\/strong><\/p>\n\n\n\n<p>Da waren ganz unterschiedliche W\u00fcnsche dabei, von Lego \u00fcber Spielzeuglasten oder -autos bis hin zu Kleidungsst\u00fccken f\u00fcr den Winter.<\/p>\n\n\n\n<p><strong>Und was ist ein &#8220;Stipendium f\u00fcr Namwala&#8221;?<\/strong><\/p>\n\n\n\n<p>Die Stiftsschule Einsiedeln pflegt seit bald 20 Jahren eine Partnerschaft mit der Namwala Secondary School in Sambia. Neben Projekten zum Unterhalt dieser Schule unterst\u00fctzt der F\u00f6rderverein Namwala Secondary School Sch\u00fclerinnen und Sch\u00fcler mit Stipendien, die das ben\u00f6tigte Schulgeld nicht aufbringen k\u00f6nnen. Mit einem Stipendium \u00e0 Fr. 75.- wird der Schulbesuch w\u00e4hrend eines Semesters erm\u00f6glicht. Dieser f\u00fcr uns verh\u00e4ltnism\u00e4ssig tiefe Betrag hat eine enorme Wirkung f\u00fcr eine Jugendliche oder einen Jugendlichen in Sambia, wo der Besuch einer Mittelschule keineswegs selbstverst\u00e4ndlich ist. Erfreulicherweise war die Freude am Schenken gr\u00f6sser als der Pool der eingegangenen Weihnachtsw\u00fcnsche. Aus diesem Grund hingen am Baum neben den Weihnachtsw\u00fcnschen der Kinder auch K\u00e4rtchen f\u00fcr Semester-Stipendien.<\/p>\n\n\n\n<figure class=\"wp-block-image size-large\"><a href=\"https:\/\/i0.wp.com\/www.stiftsforum.ch\/blog\/wp-content\/uploads\/2023\/12\/20231220_130810_resized.jpg\"><img data-attachment-id=\"6612\" data-permalink=\"https:\/\/www.stiftsforum.ch\/blog\/?attachment_id=6612\" data-orig-file=\"https:\/\/i0.wp.com\/www.stiftsforum.ch\/blog\/wp-content\/uploads\/2023\/12\/20231220_130810_resized.jpg?fit=2312%2C1734&amp;ssl=1\" data-orig-size=\"2312,1734\" data-comments-opened=\"1\" data-image-meta=\"{&quot;aperture&quot;:&quot;0&quot;,&quot;credit&quot;:&quot;&quot;,&quot;camera&quot;:&quot;&quot;,&quot;caption&quot;:&quot;&quot;,&quot;created_timestamp&quot;:&quot;0&quot;,&quot;copyright&quot;:&quot;&quot;,&quot;focal_length&quot;:&quot;0&quot;,&quot;iso&quot;:&quot;0&quot;,&quot;shutter_speed&quot;:&quot;0&quot;,&quot;title&quot;:&quot;&quot;,&quot;orientation&quot;:&quot;0&quot;}\" data-image-title=\"20231220_130810_resized\" data-image-description=\"\" data-medium-file=\"https:\/\/i0.wp.com\/www.stiftsforum.ch\/blog\/wp-content\/uploads\/2023\/12\/20231220_130810_resized.jpg?fit=300%2C225&amp;ssl=1\" data-large-file=\"https:\/\/i0.wp.com\/www.stiftsforum.ch\/blog\/wp-content\/uploads\/2023\/12\/20231220_130810_resized.jpg?fit=800%2C600&amp;ssl=1\" loading=\"lazy\" width=\"800\" height=\"600\" src=\"https:\/\/i0.wp.com\/www.stiftsforum.ch\/blog\/wp-content\/uploads\/2023\/12\/20231220_130810_resized.jpg?resize=800%2C600\" alt=\"\" class=\"wp-image-6612\" srcset=\"https:\/\/i0.wp.com\/www.stiftsforum.ch\/blog\/wp-content\/uploads\/2023\/12\/20231220_130810_resized.jpg?resize=1024%2C768&amp;ssl=1 1024w, https:\/\/i0.wp.com\/www.stiftsforum.ch\/blog\/wp-content\/uploads\/2023\/12\/20231220_130810_resized.jpg?resize=300%2C225&amp;ssl=1 300w, https:\/\/i0.wp.com\/www.stiftsforum.ch\/blog\/wp-content\/uploads\/2023\/12\/20231220_130810_resized.jpg?resize=768%2C576&amp;ssl=1 768w, https:\/\/i0.wp.com\/www.stiftsforum.ch\/blog\/wp-content\/uploads\/2023\/12\/20231220_130810_resized.jpg?resize=1536%2C1152&amp;ssl=1 1536w, https:\/\/i0.wp.com\/www.stiftsforum.ch\/blog\/wp-content\/uploads\/2023\/12\/20231220_130810_resized.jpg?resize=2048%2C1536&amp;ssl=1 2048w, https:\/\/i0.wp.com\/www.stiftsforum.ch\/blog\/wp-content\/uploads\/2023\/12\/20231220_130810_resized.jpg?w=1600 1600w\" sizes=\"(max-width: 800px) 100vw, 800px\" data-recalc-dims=\"1\" \/><\/a><figcaption>Ein Teil der Spenderinnen und Spender <\/figcaption><\/figure>\n\n\n\n<p><strong>Was ist Dir selbst an Weihnachten wichtig? Welche Traditionen pflegst Du?<\/strong><\/p>\n\n\n\n<p>Mir selbst ist an Weihnachten wichtig, zur Ruhe zu kommen und Zeit mit meinen Liebsten zu verbringen \u2013 am liebsten bei gutem Essen :). Ich halte mich nicht allzu sehr an Traditionen und mag es eher, Neues kennenzulernen und auszuprobieren. Seit einigen Jahren mache ich aber bei der Aktion \u00ab2x Weihnachten\u00bb mit, vielleicht k\u00f6nnte man dies schon bald als Tradition betrachten.<\/p>\n\n\n\n<figure class=\"wp-block-image size-large\"><a href=\"https:\/\/i1.wp.com\/www.stiftsforum.ch\/blog\/wp-content\/uploads\/2023\/12\/20231220_130838_resized-1.jpg\"><img data-attachment-id=\"6608\" data-permalink=\"https:\/\/www.stiftsforum.ch\/blog\/?attachment_id=6608\" data-orig-file=\"https:\/\/i1.wp.com\/www.stiftsforum.ch\/blog\/wp-content\/uploads\/2023\/12\/20231220_130838_resized-1.jpg?fit=2312%2C1734&amp;ssl=1\" data-orig-size=\"2312,1734\" data-comments-opened=\"1\" data-image-meta=\"{&quot;aperture&quot;:&quot;0&quot;,&quot;credit&quot;:&quot;&quot;,&quot;camera&quot;:&quot;&quot;,&quot;caption&quot;:&quot;&quot;,&quot;created_timestamp&quot;:&quot;0&quot;,&quot;copyright&quot;:&quot;&quot;,&quot;focal_length&quot;:&quot;0&quot;,&quot;iso&quot;:&quot;0&quot;,&quot;shutter_speed&quot;:&quot;0&quot;,&quot;title&quot;:&quot;&quot;,&quot;orientation&quot;:&quot;0&quot;}\" data-image-title=\"20231220_130838_resized-1\" data-image-description=\"\" data-medium-file=\"https:\/\/i1.wp.com\/www.stiftsforum.ch\/blog\/wp-content\/uploads\/2023\/12\/20231220_130838_resized-1.jpg?fit=300%2C225&amp;ssl=1\" data-large-file=\"https:\/\/i1.wp.com\/www.stiftsforum.ch\/blog\/wp-content\/uploads\/2023\/12\/20231220_130838_resized-1.jpg?fit=800%2C600&amp;ssl=1\" loading=\"lazy\" width=\"800\" height=\"600\" src=\"https:\/\/i1.wp.com\/www.stiftsforum.ch\/blog\/wp-content\/uploads\/2023\/12\/20231220_130838_resized-1.jpg?resize=800%2C600\" alt=\"\" class=\"wp-image-6608\" srcset=\"https:\/\/i1.wp.com\/www.stiftsforum.ch\/blog\/wp-content\/uploads\/2023\/12\/20231220_130838_resized-1.jpg?resize=1024%2C768&amp;ssl=1 1024w, https:\/\/i1.wp.com\/www.stiftsforum.ch\/blog\/wp-content\/uploads\/2023\/12\/20231220_130838_resized-1.jpg?resize=300%2C225&amp;ssl=1 300w, https:\/\/i1.wp.com\/www.stiftsforum.ch\/blog\/wp-content\/uploads\/2023\/12\/20231220_130838_resized-1.jpg?resize=768%2C576&amp;ssl=1 768w, https:\/\/i1.wp.com\/www.stiftsforum.ch\/blog\/wp-content\/uploads\/2023\/12\/20231220_130838_resized-1.jpg?resize=1536%2C1152&amp;ssl=1 1536w, https:\/\/i1.wp.com\/www.stiftsforum.ch\/blog\/wp-content\/uploads\/2023\/12\/20231220_130838_resized-1.jpg?resize=2048%2C1536&amp;ssl=1 2048w, https:\/\/i1.wp.com\/www.stiftsforum.ch\/blog\/wp-content\/uploads\/2023\/12\/20231220_130838_resized-1.jpg?w=1600 1600w\" sizes=\"(max-width: 800px) 100vw, 800px\" data-recalc-dims=\"1\" \/><\/a><\/figure>\n\n\n\n<p><strong>Konnten alle W\u00fcnsche der Familien erf\u00fcllt werden?<\/strong><\/p>\n\n\n\n<p>Ja!! \ud83d\ude42 Wie erw\u00e4hnt haben sich unsere Sch\u00fclerinnen und Sch\u00fcler sehr rasch die Wunschk\u00e4rtchen geschnappt. Ich freue mich darauf, am Freitag die Geschenke zu \u00fcberreichen und den Kindern im Namen der Stiftsschule eine Freude zu machen.<\/p>\n\n\n\n<p><strong>Wird es auch eine Folgeaktion geben?<\/strong><\/p>\n\n\n\n<p>Da das Projekt so erfolgreich verlief und Anklang fand, denke ich, dass wir das Projekt n\u00e4chstes Jahr erneut durchf\u00fchren werden \u2013 gerne mit noch mehr Weihnachtsw\u00fcnschen von Kindern, denen wir eine Freude bereiten d\u00fcrfen.<\/p>\n\n\n\n<p><strong>Herzlichen Dank f\u00fcr das Interview!<\/strong><\/p>\n\n\n\n<figure class=\"wp-block-image size-large\"><a href=\"https:\/\/i1.wp.com\/www.stiftsforum.ch\/blog\/wp-content\/uploads\/2023\/12\/20231220_130832_resized-1.jpg\"><img data-attachment-id=\"6609\" data-permalink=\"https:\/\/www.stiftsforum.ch\/blog\/?attachment_id=6609\" data-orig-file=\"https:\/\/i1.wp.com\/www.stiftsforum.ch\/blog\/wp-content\/uploads\/2023\/12\/20231220_130832_resized-1.jpg?fit=2312%2C1734&amp;ssl=1\" data-orig-size=\"2312,1734\" data-comments-opened=\"1\" data-image-meta=\"{&quot;aperture&quot;:&quot;0&quot;,&quot;credit&quot;:&quot;&quot;,&quot;camera&quot;:&quot;&quot;,&quot;caption&quot;:&quot;&quot;,&quot;created_timestamp&quot;:&quot;0&quot;,&quot;copyright&quot;:&quot;&quot;,&quot;focal_length&quot;:&quot;0&quot;,&quot;iso&quot;:&quot;0&quot;,&quot;shutter_speed&quot;:&quot;0&quot;,&quot;title&quot;:&quot;&quot;,&quot;orientation&quot;:&quot;0&quot;}\" data-image-title=\"20231220_130832_resized-1\" data-image-description=\"\" data-medium-file=\"https:\/\/i1.wp.com\/www.stiftsforum.ch\/blog\/wp-content\/uploads\/2023\/12\/20231220_130832_resized-1.jpg?fit=300%2C225&amp;ssl=1\" data-large-file=\"https:\/\/i1.wp.com\/www.stiftsforum.ch\/blog\/wp-content\/uploads\/2023\/12\/20231220_130832_resized-1.jpg?fit=800%2C600&amp;ssl=1\" loading=\"lazy\" width=\"800\" height=\"600\" src=\"https:\/\/i1.wp.com\/www.stiftsforum.ch\/blog\/wp-content\/uploads\/2023\/12\/20231220_130832_resized-1.jpg?resize=800%2C600\" alt=\"\" class=\"wp-image-6609\" srcset=\"https:\/\/i1.wp.com\/www.stiftsforum.ch\/blog\/wp-content\/uploads\/2023\/12\/20231220_130832_resized-1.jpg?resize=1024%2C768&amp;ssl=1 1024w, https:\/\/i1.wp.com\/www.stiftsforum.ch\/blog\/wp-content\/uploads\/2023\/12\/20231220_130832_resized-1.jpg?resize=300%2C225&amp;ssl=1 300w, https:\/\/i1.wp.com\/www.stiftsforum.ch\/blog\/wp-content\/uploads\/2023\/12\/20231220_130832_resized-1.jpg?resize=768%2C576&amp;ssl=1 768w, https:\/\/i1.wp.com\/www.stiftsforum.ch\/blog\/wp-content\/uploads\/2023\/12\/20231220_130832_resized-1.jpg?resize=1536%2C1152&amp;ssl=1 1536w, https:\/\/i1.wp.com\/www.stiftsforum.ch\/blog\/wp-content\/uploads\/2023\/12\/20231220_130832_resized-1.jpg?resize=2048%2C1536&amp;ssl=1 2048w, https:\/\/i1.wp.com\/www.stiftsforum.ch\/blog\/wp-content\/uploads\/2023\/12\/20231220_130832_resized-1.jpg?w=1600 1600w\" sizes=\"(max-width: 800px) 100vw, 800px\" data-recalc-dims=\"1\" \/><\/a><\/figure>\n","protected":false},"excerpt":{"rendered":"<p>Durch die Idee von Jasmine Quanbrough und die gemeinsame Planung und Umsetzung mit P. Thomas von der Schulseelsorge konnten dieses<\/p>\n","protected":false},"author":1,"featured_media":6610,"comment_status":"open","ping_status":"closed","sticky":false,"template":"","format":"standard","meta":{"spay_email":"","jetpack_publicize_message":"","jetpack_is_tweetstorm":false},"categories":[3,10,78],"tags":[],"jetpack_featured_media_url":"https:\/\/i0.wp.com\/www.stiftsforum.ch\/blog\/wp-content\/uploads\/2023\/12\/20231220_130919_resized-1.jpg?fit=2312%2C1734&ssl=1","jetpack_publicize_connections":[],"jetpack_sharing_enabled":true,"jetpack_shortlink":"https:\/\/wp.me\/p9nzRF-1Iy","jetpack_likes_enabled":true,"jetpack-related-posts":[{"id":4236,"url":"https:\/\/www.stiftsforum.ch\/blog\/?p=4236","url_meta":{"origin":6606,"position":0},"title":"Die Schulseelsorge an der Stiftsschule Einsiedeln","date":"Februar 3, 2021","format":false,"excerpt":"von Olivia L\u00fcond und Silje Hartvigsen, 1d Wir haben P. Thomas F\u00e4ssler interviewt. Er ist 36 Jahre alt, ist bald seit 15 Jahren im Kloster und unterrichtet an der Schule. Er ist zwischen 1997 und 2003 selbst hier an die Schule gegangen und ist in der Schulseelsorge t\u00e4tig. Wie sind\u2026","rel":"","context":"In &quot;Allgemein&quot;","img":{"alt_text":"","src":"https:\/\/i2.wp.com\/www.stiftsforum.ch\/blog\/wp-content\/uploads\/2021\/02\/IMG-20210203-WA0002.jpg?fit=1200%2C1008&ssl=1&resize=350%2C200","width":350,"height":200},"classes":[]},{"id":6726,"url":"https:\/\/www.stiftsforum.ch\/blog\/?p=6726","url_meta":{"origin":6606,"position":1},"title":"\u201eIch will euch eine Zukunft und Hoffnung geben\u201c \u2013 Die Stiftsschule Einsiedeln nahm am Benediktinischen Jugendkongress 2024 in M\u00fcnsterschwarzach teil","date":"Oktober 9, 2024","format":false,"excerpt":"Das Motto aus Jeremia 29,11 \u00abIch will euch eine Zukunft und Hoffnung geben\u00bb stand im Zentrum des viert\u00e4gigen Kongresses der benediktinischen Jugend der deutschsprachigen Benediktinergymnasien (DeBeJu), die sich vom 26.9.-29.9.2024 im fr\u00e4nkischen M\u00fcnsterschwarzach einfand. Die Stiftsschule Einsiedeln nahm mit Schulseelsorger P.Cyrill, zwei Lehrpersonen und f\u00fcnf Lernenden ebenso wie die zwei\u2026","rel":"","context":"In &quot;Schule unterwegs&quot;","img":{"alt_text":"","src":"https:\/\/i1.wp.com\/www.stiftsforum.ch\/blog\/wp-content\/uploads\/2024\/10\/240927_DeBe_Ju-16-scaled.jpg?fit=1200%2C800&ssl=1&resize=350%2C200","width":350,"height":200},"classes":[]},{"id":2708,"url":"https:\/\/www.stiftsforum.ch\/blog\/?p=2708","url_meta":{"origin":6606,"position":2},"title":"Gehen wir feiern?","date":"November 20, 2018","format":false,"excerpt":"Ein Essay von Tara Zehnder (6a) \u201eGehen wir feiern?\u201c Eine Frage, die meine Zeitgenossen so gerne h\u00f6ren. Ich eigentlich auch. Wobei das Wort f\u00fcr mich fr\u00fcher eine positivere Bedeutung geniessen durfte. Man feierte einen Geburtstag oder Weihnachten mit Kuchen im Trampolino. Heute allerdings, bedeutet \u201efeiern\u201c f\u00fcr mich, sich schminken, teuren\u2026","rel":"","context":"In &quot;Kommentar&quot;","img":{"alt_text":"","src":"https:\/\/i0.wp.com\/www.stiftsforum.ch\/blog\/wp-content\/uploads\/2018\/11\/live-concert-388160_960_720.jpg?fit=960%2C640&ssl=1&resize=350%2C200","width":350,"height":200},"classes":[]},{"id":4531,"url":"https:\/\/www.stiftsforum.ch\/blog\/?p=4531","url_meta":{"origin":6606,"position":3},"title":"Klitschnass und kalt zum Kl\u00f6sterli","date":"September 28, 2021","format":false,"excerpt":"Nachtwanderung mit Pater Cyrill von Viviana Lindemann und Sophia Br\u00fcllmann (1a und 1c) Am Freitag dem 10. September um 17:15 trafen sich 10 Sch\u00fclerinnen und Sch\u00fcler der Stiftsschule mit Pater Cyrill und Herr De Vecchi f\u00fcr einen Abend voller gemeinsamen Spass. Geplant war von Goldau aus zum Rigi Kl\u00f6sterli zu\u2026","rel":"","context":"In &quot;Exkursionen&quot;","img":{"alt_text":"","src":"https:\/\/i0.wp.com\/www.stiftsforum.ch\/blog\/wp-content\/uploads\/2021\/09\/nachtwall.jpg?fit=240%2C320&ssl=1&resize=350%2C200","width":350,"height":200},"classes":[]},{"id":1488,"url":"https:\/\/www.stiftsforum.ch\/blog\/?p=1488","url_meta":{"origin":6606,"position":4},"title":"P. Thomas im Interview","date":"November 10, 2017","format":false,"excerpt":"Am 31. Oktober ver\u00f6ffentlichte die Luzerner Zeitung ein Interview mit P. Thomas F\u00e4ssler (33). Der in Einsiedeln geborene Theologe trat 2006 ins Kloster Einsiedeln ein und ist heute unter anderem Lehrer an der Stiftsschule. http:\/\/www.luzernerzeitung.ch\/nachrichten\/zentralschweiz\/luzern\/ein-trauriger-aber-gluecklicher-feiertag;art9647,1130074 Bereits 2015 war P. Thomas im SRF portraitiert worden:\u00a0https:\/\/www.srf.ch\/sendungen\/virus-tv\/wieso-sich-ein-21-jaehriger-fuer-ein-leben-im-kloster-entscheidet","rel":"","context":"In &quot;Interview&quot;","img":{"alt_text":"","src":"https:\/\/i1.wp.com\/www.stiftsforum.ch\/blog\/wp-content\/uploads\/2017\/11\/Foto-P.thomas-200x300.jpg?resize=350%2C200","width":350,"height":200},"classes":[]},{"id":4961,"url":"https:\/\/www.stiftsforum.ch\/blog\/?p=4961","url_meta":{"origin":6606,"position":5},"title":"Gaudete!","date":"Dezember 18, 2021","format":false,"excerpt":"Das Adventkonzert des Cum-Anima-Chors und des Jugendorchesters Einsiedeln Mit einem feierlichen \u00abGaudete\u00bb von Piae Cantiones (1582) in einem Arrangement von Allan Bullard er\u00f6ffnete der Cum-Anima-Chor der Stiftsschule dieses Jahr das traditionelle Vorweihnachtskonzert im barocken Saal des Klosters. Gaudete \u2013 Freuet Euch \u2013 das war auch die Grundstimmung, die sich durch\u2026","rel":"","context":"In &quot;Allgemein&quot;","img":{"alt_text":"","src":"https:\/\/i1.wp.com\/www.stiftsforum.ch\/blog\/wp-content\/uploads\/2021\/12\/IMG_6516-scaled.jpg?fit=1200%2C900&ssl=1&resize=350%2C200","width":350,"height":200},"classes":[]}],"_links":{"self":[{"href":"https:\/\/www.stiftsforum.ch\/blog\/index.php?rest_route=\/wp\/v2\/posts\/6606"}],"collection":[{"href":"https:\/\/www.stiftsforum.ch\/blog\/index.php?rest_route=\/wp\/v2\/posts"}],"about":[{"href":"https:\/\/www.stiftsforum.ch\/blog\/index.php?rest_route=\/wp\/v2\/types\/post"}],"author":[{"embeddable":true,"href":"https:\/\/www.stiftsforum.ch\/blog\/index.php?rest_route=\/wp\/v2\/users\/1"}],"replies":[{"embeddable":true,"href":"https:\/\/www.stiftsforum.ch\/blog\/index.php?rest_route=%2Fwp%2Fv2%2Fcomments&post=6606"}],"version-history":[{"count":6,"href":"https:\/\/www.stiftsforum.ch\/blog\/index.php?rest_route=\/wp\/v2\/posts\/6606\/revisions"}],"predecessor-version":[{"id":6629,"href":"https:\/\/www.stiftsforum.ch\/blog\/index.php?rest_route=\/wp\/v2\/posts\/6606\/revisions\/6629"}],"wp:featuredmedia":[{"embeddable":true,"href":"https:\/\/www.stiftsforum.ch\/blog\/index.php?rest_route=\/wp\/v2\/media\/6610"}],"wp:attachment":[{"href":"https:\/\/www.stiftsforum.ch\/blog\/index.php?rest_route=%2Fwp%2Fv2%2Fmedia&parent=6606"}],"wp:term":[{"taxonomy":"category","embeddable":true,"href":"https:\/\/www.stiftsforum.ch\/blog\/index.php?rest_route=%2Fwp%2Fv2%2Fcategories&post=6606"},{"taxonomy":"post_tag","embeddable":true,"href":"https:\/\/www.stiftsforum.ch\/blog\/index.php?rest_route=%2Fwp%2Fv2%2Ftags&post=6606"}],"curies":[{"name":"wp","href":"https:\/\/api.w.org\/{rel}","templated":true}]}}