{"id":6671,"date":"2024-04-10T08:32:32","date_gmt":"2024-04-10T07:32:32","guid":{"rendered":"http:\/\/www.stiftsforum.ch\/blog\/?p=6671"},"modified":"2024-04-10T08:41:30","modified_gmt":"2024-04-10T07:41:30","slug":"emilia-langenauer-5a-erfolgreich-im-finale-der-linguistik-olympiade-2024","status":"publish","type":"post","link":"https:\/\/www.stiftsforum.ch\/blog\/?p=6671","title":{"rendered":"Emilia Langenauer (5a) erfolgreich im Finale der Linguistik- Olympiade 2024"},"content":{"rendered":"\n<p>\u00a0\u201eDas Kalaallisut (oder: West-Gr\u00f6nl\u00e4ndisch) ist eine eskimo-aleutische Sprache, die von etwa 55`000 Menschen an der Westk\u00fcste Gr\u00f6nlands gesprochen wird. Unten stehen zehn S\u00e4tze auf Kalaallisut mit ihren \u00dcbersetzungen in willk\u00fcrlicher Reihenfolge. Verbinde die Kalaallisuts\u00e4tze mit den richtigen \u00dcbersetzungen\u201c. Aufgaben wie diese wurde am diesj\u00e4hrigen Finale der Schweizer Linguistik-Olympiade (2.M\u00e4rz 2024) den insgesamt 82 Teilnehmenden aus verschiedenen Schweizer Gymnasien gestellt. Emilia Langenauer (5a), die dieses Jahr schon zum zweiten Mal mit dabei war, erreichte dabei den sensationellen 5.Platz. Mit analytischen Sprachvergleichen konnte sie den Grossteil der Aufgaben zur ingusischen Sprache, Meitei (Tibeto-burmesisch) und Urarina (Nordwest-peruanisch) l\u00f6sen. Noch schwingt ein wenig Wehmut mit, denn mit nur wenigen Punkten mehr, h\u00e4tte es sogar f\u00fcr die weltweite Olympiade in Brasilien gereicht, ein 5. Platz schweizweit ist aber mehr als ein Achtungserfolg, der zudem selbstst\u00e4ndig vorbereitet wurde.<\/p>\n\n\n\n<p><strong>Herzliche Gl\u00fcckw\u00fcnsche!<\/strong><\/p>\n\n\n\n<figure class=\"wp-block-image size-large\"><a href=\"https:\/\/i1.wp.com\/www.stiftsforum.ch\/blog\/wp-content\/uploads\/2024\/04\/20240410_093100-1-1-scaled.jpg?ssl=1\"><img data-attachment-id=\"6678\" data-permalink=\"https:\/\/www.stiftsforum.ch\/blog\/?attachment_id=6678\" data-orig-file=\"https:\/\/i1.wp.com\/www.stiftsforum.ch\/blog\/wp-content\/uploads\/2024\/04\/20240410_093100-1-1-scaled.jpg?fit=2560%2C2159&amp;ssl=1\" data-orig-size=\"2560,2159\" data-comments-opened=\"1\" data-image-meta=\"{&quot;aperture&quot;:&quot;1.8&quot;,&quot;credit&quot;:&quot;&quot;,&quot;camera&quot;:&quot;SM-A528B&quot;,&quot;caption&quot;:&quot;&quot;,&quot;created_timestamp&quot;:&quot;1712741460&quot;,&quot;copyright&quot;:&quot;&quot;,&quot;focal_length&quot;:&quot;5.23&quot;,&quot;iso&quot;:&quot;100&quot;,&quot;shutter_speed&quot;:&quot;0.01&quot;,&quot;title&quot;:&quot;&quot;,&quot;orientation&quot;:&quot;1&quot;}\" data-image-title=\"20240410_093100-1-1\" data-image-description=\"\" data-medium-file=\"https:\/\/i1.wp.com\/www.stiftsforum.ch\/blog\/wp-content\/uploads\/2024\/04\/20240410_093100-1-1-scaled.jpg?fit=300%2C253&amp;ssl=1\" data-large-file=\"https:\/\/i1.wp.com\/www.stiftsforum.ch\/blog\/wp-content\/uploads\/2024\/04\/20240410_093100-1-1-scaled.jpg?fit=800%2C675&amp;ssl=1\" loading=\"lazy\" width=\"800\" height=\"675\" src=\"https:\/\/i2.wp.com\/www.stiftsforum.ch\/blog\/wp-content\/uploads\/2024\/04\/20240410_093100-1-1-1024x864.jpg?resize=800%2C675&#038;ssl=1\" alt=\"\" class=\"wp-image-6678\" srcset=\"https:\/\/i1.wp.com\/www.stiftsforum.ch\/blog\/wp-content\/uploads\/2024\/04\/20240410_093100-1-1-scaled.jpg?resize=1024%2C864&amp;ssl=1 1024w, https:\/\/i1.wp.com\/www.stiftsforum.ch\/blog\/wp-content\/uploads\/2024\/04\/20240410_093100-1-1-scaled.jpg?resize=300%2C253&amp;ssl=1 300w, https:\/\/i1.wp.com\/www.stiftsforum.ch\/blog\/wp-content\/uploads\/2024\/04\/20240410_093100-1-1-scaled.jpg?resize=768%2C648&amp;ssl=1 768w, https:\/\/i1.wp.com\/www.stiftsforum.ch\/blog\/wp-content\/uploads\/2024\/04\/20240410_093100-1-1-scaled.jpg?resize=1536%2C1295&amp;ssl=1 1536w, https:\/\/i1.wp.com\/www.stiftsforum.ch\/blog\/wp-content\/uploads\/2024\/04\/20240410_093100-1-1-scaled.jpg?resize=2048%2C1727&amp;ssl=1 2048w, https:\/\/i1.wp.com\/www.stiftsforum.ch\/blog\/wp-content\/uploads\/2024\/04\/20240410_093100-1-1-scaled.jpg?w=1600 1600w, https:\/\/i1.wp.com\/www.stiftsforum.ch\/blog\/wp-content\/uploads\/2024\/04\/20240410_093100-1-1-scaled.jpg?w=2400 2400w\" sizes=\"(max-width: 800px) 100vw, 800px\" data-recalc-dims=\"1\" \/><\/a><figcaption>Eine Aufgabenstellung bei der diesj\u00e4hrigen Linguistikolympiade<\/figcaption><\/figure>\n","protected":false},"excerpt":{"rendered":"<p>\u00a0\u201eDas Kalaallisut (oder: West-Gr\u00f6nl\u00e4ndisch) ist eine eskimo-aleutische Sprache, die von etwa 55`000 Menschen an der Westk\u00fcste Gr\u00f6nlands gesprochen wird. Unten<\/p>\n","protected":false},"author":1,"featured_media":6673,"comment_status":"open","ping_status":"closed","sticky":false,"template":"","format":"standard","meta":{"spay_email":"","jetpack_publicize_message":"","jetpack_is_tweetstorm":false},"categories":[3],"tags":[],"jetpack_featured_media_url":"https:\/\/i1.wp.com\/www.stiftsforum.ch\/blog\/wp-content\/uploads\/2024\/04\/20240410_093113-scaled.jpg?fit=2560%2C1920&ssl=1","jetpack_publicize_connections":[],"jetpack_sharing_enabled":true,"jetpack_shortlink":"https:\/\/wp.me\/p9nzRF-1JB","jetpack_likes_enabled":true,"jetpack-related-posts":[{"id":6826,"url":"https:\/\/www.stiftsforum.ch\/blog\/?p=6826","url_meta":{"origin":6671,"position":0},"title":"Hugo Vetter qualifiziert sich f\u00fcr den 2.Teil der Geo-Olympiade 2025","date":"Mai 22, 2025","format":false,"excerpt":"Bei der diesj\u00e4hrigen Vorausscheidung f\u00fcr die schweizweit durchgef\u00fchrte Geo-Olympiade bestand Hugo Vetter (5b) die Vorrunde. In den Sommerferien kann er nun am Summer Camp in Zernez\/GR teilnehmen, um sich auf die weiteren Runden vorzubereiten. 1. Wie l\u00e4uft eine Geoolympiade ab? Die Teilnehmer absolvieren zuerst die Vorrunde in Form eines kurzen\u2026","rel":"","context":"In &quot;Allgemein&quot;","img":{"alt_text":"","src":"https:\/\/i0.wp.com\/www.stiftsforum.ch\/blog\/wp-content\/uploads\/2025\/05\/20250522_092229-scaled.jpg?fit=992%2C1200&ssl=1&resize=350%2C200","width":350,"height":200},"classes":[]},{"id":6204,"url":"https:\/\/www.stiftsforum.ch\/blog\/?p=6204","url_meta":{"origin":6671,"position":1},"title":"Geografie: 1b gewinnt 3. Platz beim Swisstopo-Schatzkartenspiel","date":"April 15, 2023","format":false,"excerpt":"Die beiden Klassen 1a und 1b haben dieses Jahr am Schatzkarten-Spiel mit Wettbewerb von Swisstopo teilgenommen. Dabei hat die Klasse 1b den 3. Preis gewonnen. Das bedeutet CHF 250 f\u00fcr die Klassenkasse. Maria Egartner im Interview mit Deborah Niggli, Geographielehrerin der 1b Worum ging es in dem Wettbewerb? Beim Schatzkarten-Spiel\u2026","rel":"","context":"In &quot;Allgemein&quot;","img":{"alt_text":"","src":"https:\/\/i0.wp.com\/www.stiftsforum.ch\/blog\/wp-content\/uploads\/2023\/04\/IMG_20230414_083708-1-scaled.jpg?fit=1200%2C900&ssl=1&resize=350%2C200","width":350,"height":200},"classes":[]},{"id":1688,"url":"https:\/\/www.stiftsforum.ch\/blog\/?p=1688","url_meta":{"origin":6671,"position":2},"title":"Svenja Hammer (5c) im Halbfinale der Swiss Philosophy Olympiad","date":"Dezember 12, 2017","format":false,"excerpt":"Mit ihrem Essay zum Zitat \u201eThe first experience, or to be more precise, the first observation is always a first obstacle for the scientific culture\u201c (Gaston Bachelard) qualifizierte sich \u00a0Svenja Hammer (5c) f\u00fcr das Halbfinale der Schweizer Philosophieolympiade. Die Sch\u00fclerin geht darin der Frage nach, ob es m\u00f6glich ist, einen\u2026","rel":"","context":"In &quot;Allgemein&quot;","img":{"alt_text":"","src":"https:\/\/i1.wp.com\/www.stiftsforum.ch\/blog\/wp-content\/uploads\/2017\/12\/Swissphilo.png?fit=842%2C1191&ssl=1&resize=350%2C200","width":350,"height":200},"classes":[]},{"id":4742,"url":"https:\/\/www.stiftsforum.ch\/blog\/?p=4742","url_meta":{"origin":6671,"position":3},"title":"Worin besteht die Faszination der Dialektologie, Herr Obradovic?","date":"November 15, 2021","format":false,"excerpt":"Tom Obradovic ist Germanist und derzeit als Praktikant in den Klassen 1b, 2d und 3a an der Stiftsschule t\u00e4tig. Er ist Absolvent der Universtit\u00e4t Z\u00fcrich und arbeitet auch am Schweizerischen Idiotikon, dem offiziellen Mundartlexikon der Schweiz, mit. Was macht ein Dialektologe? Dialektologen befassen sich mit der Erforschung von Dialekten. Urspr\u00fcnglich\u2026","rel":"","context":"In &quot;Allgemein&quot;","img":{"alt_text":"","src":"https:\/\/i2.wp.com\/www.stiftsforum.ch\/blog\/wp-content\/uploads\/2021\/11\/IMG_8115-scaled.jpg?fit=1200%2C627&ssl=1&resize=350%2C200","width":350,"height":200},"classes":[]},{"id":6219,"url":"https:\/\/www.stiftsforum.ch\/blog\/?p=6219","url_meta":{"origin":6671,"position":4},"title":"\u201eAn der Schweiz sch\u00e4tze ich vor allem die Gr\u00fcndlichkeit\u201c","date":"April 18, 2023","format":false,"excerpt":"Die niederl\u00e4ndische Botschafterin Hedda Samson zu Gast an der Stiftsschule Foto: Die Veranstaltung wurde von Oliver Verlage moderiert. \u00dcber den Besuch der Botschafterin freute sich v.a. auch die niederl\u00e4ndischsprachigen Stiftssch\u00fclerinnen Katja Schreurs und Sabine Dankelschijn. Sie studierte Jus in Leiden, trat in den diplomatischen Dienst ein, wurde nach Neu Dehli\u2026","rel":"","context":"In &quot;Allgemein&quot;","img":{"alt_text":"","src":"https:\/\/i0.wp.com\/www.stiftsforum.ch\/blog\/wp-content\/uploads\/2023\/04\/Botschafterin7-scaled.jpg?fit=1200%2C800&ssl=1&resize=350%2C200","width":350,"height":200},"classes":[]},{"id":5484,"url":"https:\/\/www.stiftsforum.ch\/blog\/?p=5484","url_meta":{"origin":6671,"position":5},"title":"Eine dreit\u00e4gige Lateinexkursion nach Trier","date":"Oktober 28, 2022","format":false,"excerpt":"Die Herbstferien nutzte eine gemischte Gruppe aus Lehrern und Stiftssch\u00fclern unter der Leitung von P. Mauritius, um die einstige Residenzstadt des r\u00f6mischen Reiches, Trier (lateinisch: Augusta Treverorum), zu erkunden. Anlass war die diesj\u00e4hrige Landesausstellung mit dem Titel \u00abDer Untergang des r\u00f6mischen Reiches.\u00bb Neben dem Besuch dreier Museen und der Verkostung\u2026","rel":"","context":"In &quot;Schule unterwegs&quot;","img":{"alt_text":"","src":"https:\/\/i2.wp.com\/www.stiftsforum.ch\/blog\/wp-content\/uploads\/2022\/10\/20221013_163009-scaled.jpg?fit=1200%2C900&ssl=1&resize=350%2C200","width":350,"height":200},"classes":[]}],"_links":{"self":[{"href":"https:\/\/www.stiftsforum.ch\/blog\/index.php?rest_route=\/wp\/v2\/posts\/6671"}],"collection":[{"href":"https:\/\/www.stiftsforum.ch\/blog\/index.php?rest_route=\/wp\/v2\/posts"}],"about":[{"href":"https:\/\/www.stiftsforum.ch\/blog\/index.php?rest_route=\/wp\/v2\/types\/post"}],"author":[{"embeddable":true,"href":"https:\/\/www.stiftsforum.ch\/blog\/index.php?rest_route=\/wp\/v2\/users\/1"}],"replies":[{"embeddable":true,"href":"https:\/\/www.stiftsforum.ch\/blog\/index.php?rest_route=%2Fwp%2Fv2%2Fcomments&post=6671"}],"version-history":[{"count":5,"href":"https:\/\/www.stiftsforum.ch\/blog\/index.php?rest_route=\/wp\/v2\/posts\/6671\/revisions"}],"predecessor-version":[{"id":6681,"href":"https:\/\/www.stiftsforum.ch\/blog\/index.php?rest_route=\/wp\/v2\/posts\/6671\/revisions\/6681"}],"wp:featuredmedia":[{"embeddable":true,"href":"https:\/\/www.stiftsforum.ch\/blog\/index.php?rest_route=\/wp\/v2\/media\/6673"}],"wp:attachment":[{"href":"https:\/\/www.stiftsforum.ch\/blog\/index.php?rest_route=%2Fwp%2Fv2%2Fmedia&parent=6671"}],"wp:term":[{"taxonomy":"category","embeddable":true,"href":"https:\/\/www.stiftsforum.ch\/blog\/index.php?rest_route=%2Fwp%2Fv2%2Fcategories&post=6671"},{"taxonomy":"post_tag","embeddable":true,"href":"https:\/\/www.stiftsforum.ch\/blog\/index.php?rest_route=%2Fwp%2Fv2%2Ftags&post=6671"}],"curies":[{"name":"wp","href":"https:\/\/api.w.org\/{rel}","templated":true}]}}