{"id":6775,"date":"2025-03-04T11:35:56","date_gmt":"2025-03-04T10:35:56","guid":{"rendered":"http:\/\/www.stiftsforum.ch\/blog\/?p=6775"},"modified":"2025-05-22T09:01:45","modified_gmt":"2025-05-22T08:01:45","slug":"fahren-blinde-auf-unserer-diesjaehrigen-zuerichseefahrt-mit","status":"publish","type":"post","link":"https:\/\/www.stiftsforum.ch\/blog\/?p=6775","title":{"rendered":"Wir rudern mit Blinden auf dem Z\u00fcrichsee"},"content":{"rendered":"\n<p>Noch einmal findet unsere Ruderwoche auf einem selbstgebauten Floss auf dem Z\u00fcrichsee statt. Wir wollen sie gerne f\u00fcr den Plus-Sport \u00f6ffnen und die Erfahrung mit blinden oder sehbehinderten Menschen teilen, f\u00fcr die es sonst schwierig sei, den Rudersport auszu\u00fcben, wie Fredi Tr\u00fctsch, ehemaliger Lehrer der Stiftsschule und Mitglied des Ruderclubs Sihlsee sagt. Auf einem normalen Ruderboot, wie es ein Ruderverein betreibe, k\u00f6nnten Blinde oder Sehbehinderte kaum mitfahren. \u00abDagegen eignet sich unser Floss hervorragend, <strong>Blinden eine Rudererfahrung zu erm\u00f6glichen<\/strong>, denn aufgrund seiner Gr\u00f6sse ist es recht stabil.\u00bb <\/p>\n\n\n\n<p>Wir laden gerne blinde und sehbehinderte Menschen f\u00fcr gut vier Stunden ein, mit uns mitzurudern, jeweils am <strong>Dienstag 13., Mittwoch 14. oder Donnerstag 15.Mai 2025<\/strong>. Montag und Freitag bauen wir das Floss auf und ab. Idealerweise sind es Erwachsene, die eine Rudererfahrung machen wollen. Teilen Sie diesen Hinweis mit Leuten in Ihrer Umgebung, falls Sie jemanden kennen, der f\u00fcr unser Projekt infrage k\u00e4me. <\/p>\n\n\n\n<figure class=\"wp-block-image size-large\"><a href=\"https:\/\/i0.wp.com\/www.stiftsforum.ch\/blog\/wp-content\/uploads\/2025\/03\/58a245d5-a3d1-41b5-9174-deb2d9b17af8.jpg?ssl=1\"><img data-attachment-id=\"6776\" data-permalink=\"https:\/\/www.stiftsforum.ch\/blog\/?attachment_id=6776\" data-orig-file=\"https:\/\/i0.wp.com\/www.stiftsforum.ch\/blog\/wp-content\/uploads\/2025\/03\/58a245d5-a3d1-41b5-9174-deb2d9b17af8.jpg?fit=1600%2C900&amp;ssl=1\" data-orig-size=\"1600,900\" data-comments-opened=\"1\" data-image-meta=\"{&quot;aperture&quot;:&quot;0&quot;,&quot;credit&quot;:&quot;&quot;,&quot;camera&quot;:&quot;&quot;,&quot;caption&quot;:&quot;&quot;,&quot;created_timestamp&quot;:&quot;1715718185&quot;,&quot;copyright&quot;:&quot;&quot;,&quot;focal_length&quot;:&quot;0&quot;,&quot;iso&quot;:&quot;0&quot;,&quot;shutter_speed&quot;:&quot;0&quot;,&quot;title&quot;:&quot;&quot;,&quot;orientation&quot;:&quot;0&quot;}\" data-image-title=\"58a245d5-a3d1-41b5-9174-deb2d9b17af8\" data-image-description=\"\" data-medium-file=\"https:\/\/i0.wp.com\/www.stiftsforum.ch\/blog\/wp-content\/uploads\/2025\/03\/58a245d5-a3d1-41b5-9174-deb2d9b17af8.jpg?fit=300%2C169&amp;ssl=1\" data-large-file=\"https:\/\/i0.wp.com\/www.stiftsforum.ch\/blog\/wp-content\/uploads\/2025\/03\/58a245d5-a3d1-41b5-9174-deb2d9b17af8.jpg?fit=800%2C450&amp;ssl=1\" loading=\"lazy\" width=\"800\" height=\"450\" src=\"https:\/\/i1.wp.com\/www.stiftsforum.ch\/blog\/wp-content\/uploads\/2025\/03\/58a245d5-a3d1-41b5-9174-deb2d9b17af8-1024x576.jpg?resize=800%2C450&#038;ssl=1\" alt=\"\" class=\"wp-image-6776\" srcset=\"https:\/\/i0.wp.com\/www.stiftsforum.ch\/blog\/wp-content\/uploads\/2025\/03\/58a245d5-a3d1-41b5-9174-deb2d9b17af8.jpg?resize=1024%2C576&amp;ssl=1 1024w, https:\/\/i0.wp.com\/www.stiftsforum.ch\/blog\/wp-content\/uploads\/2025\/03\/58a245d5-a3d1-41b5-9174-deb2d9b17af8.jpg?resize=300%2C169&amp;ssl=1 300w, https:\/\/i0.wp.com\/www.stiftsforum.ch\/blog\/wp-content\/uploads\/2025\/03\/58a245d5-a3d1-41b5-9174-deb2d9b17af8.jpg?resize=768%2C432&amp;ssl=1 768w, https:\/\/i0.wp.com\/www.stiftsforum.ch\/blog\/wp-content\/uploads\/2025\/03\/58a245d5-a3d1-41b5-9174-deb2d9b17af8.jpg?resize=1536%2C864&amp;ssl=1 1536w, https:\/\/i0.wp.com\/www.stiftsforum.ch\/blog\/wp-content\/uploads\/2025\/03\/58a245d5-a3d1-41b5-9174-deb2d9b17af8.jpg?w=1600&amp;ssl=1 1600w\" sizes=\"(max-width: 800px) 100vw, 800px\" data-recalc-dims=\"1\" \/><\/a><figcaption>Das Floss von Fredi Tr\u00fctsch, im Hintergrund der <a href=\"https:\/\/www.zh.ch\/de\/planen-bauen\/wasserbau\/wasserbauprojekte\/entlastungsstollen-sihl-zuerichsee.html\">Entlastungsstollen der Sihl in den Z\u00fcrichsee<\/a>, Stand Mai 2024.<\/figcaption><\/figure>\n\n\n\n<p>Wir haben also ein l\u00e4ngliches Floss von 5 auf 10 Metern aus Balken und Holzplanken, die auf Eisenf\u00e4sser aufgeschnallt sind. Seitlich sind Rollsitzchen eingelassen wie auf professionellen Ruderbooten, und wie auf professionellen Ruderbooten rudern wir mit dreimeterlangen Riemen, die in eine Dolle eingespannt sind. <\/p>\n\n\n\n<p>Trotz seiner Gr\u00f6sse ist das Floss von der <strong>Ergonomie der Ruderbewegung<\/strong> her gesehen ein echtes Ruderboot mit Rollsitzchen, auf denen Rudernde hin und her rollen, um mehr Kraft auf das Ruder und einen weiteren Ruderweg zu \u00fcbertragen.<\/p>\n\n\n\n<figure class=\"wp-block-video\"><video controls src=\"https:\/\/www.stiftsforum.ch\/blog\/wp-content\/uploads\/2025\/03\/Ruderbewegung.mov\"><\/video><figcaption>Die typische Ruderbewegung ist auf Fredis Floss problemlos auszuf\u00fchren.<\/figcaption><\/figure>\n\n\n\n<p>Aus unserer Erfahrung der letzten Jahre sollte folgender Fahrplan m\u00f6glich sein:&nbsp;<\/p>\n\n\n\n<p>Mittwoch, 14.Mai, nachmittags 14:00 Uhr&nbsp;\u2013 17:00 Uhr: vom Opernhaus Z\u00fcrich richtung Meilen<\/p>\n\n\n\n<p>Donnerstag, 15.Mai, vormittags 09:00 Uhr\u201312:00 Uhr: &nbsp;Meilen richtung Rapperswil<\/p>\n\n\n\n<p><em>Notabene: Diese Angaben sind Richtwerte.<\/em><\/p>\n\n\n\n<p>Kennen Sie jemanden, der bei unserer Flossfahrt mitrudern w\u00fcrde? Anders als an manchen Blindensport-Veranstaltungen, ist es nicht n\u00f6tig \u2013 wenngleich m\u00f6glich \u2013, dass jeder blinde Teilnehmer oder Teilnehmerin einen eigenen Betreuer oder eine eigene Betreuerin mit an Bord nimmt: Wir vermitteln gerne nach gegenseitigem Einverst\u00e4ndnis die Kontaktdaten anderer Teilnehmer, damit verschiedene Teilnehmer sich f\u00fcr die Anreise absprechen und gegebenenfalls gemeinsam zu einem vereinbarten Steg finden k\u00f6nnen. <\/p>\n\n\n\n<figure class=\"wp-block-audio\"><audio controls src=\"https:\/\/www.stiftsforum.ch\/blog\/wp-content\/uploads\/2025\/04\/UTF-8Leandra-Nina.mp3\"><\/audio><\/figure>\n\n\n\n<figure class=\"wp-block-audio\"><audio controls src=\"https:\/\/www.stiftsforum.ch\/blog\/wp-content\/uploads\/2025\/04\/Julie_1_-1.mp3\"><\/audio><figcaption>Interview Teil1 mit freundlicher Genehmigung von <a href=\"https:\/\/www.radio24.ch\" data-type=\"URL\" data-id=\"https:\/\/www.radio24.ch\">Radio 24<\/a>. <\/figcaption><\/figure>\n\n\n\n<figure class=\"wp-block-audio\"><audio controls src=\"https:\/\/www.stiftsforum.ch\/blog\/wp-content\/uploads\/2025\/04\/Julie_2_-1.mp3\"><\/audio><figcaption>Interview Teil2 mit freundlicher Genehmigung von <a href=\"https:\/\/www.radio24.ch\">Radio 24<\/a>.<\/figcaption><\/figure>\n\n\n\n<figure class=\"wp-block-audio\"><audio controls src=\"https:\/\/www.stiftsforum.ch\/blog\/wp-content\/uploads\/2025\/04\/Julie_3_-2.mp3\"><\/audio><figcaption>Interview Teil3 mit freundlicher Genehmigung von <a href=\"https:\/\/www.radio24.ch\">Radio 24<\/a>.<\/figcaption><\/figure>\n\n\n\n<figure class=\"wp-block-audio\"><audio controls src=\"https:\/\/www.stiftsforum.ch\/blog\/wp-content\/uploads\/2025\/04\/Julie_4_-1.mp3\"><\/audio><figcaption>Interview Teil4 mit freundlicher Genehmigung von <a href=\"https:\/\/www.radio24.ch\">Radio 24<\/a>.<\/figcaption><\/figure>\n\n\n\n<p>Wir Stiftsschulmannschaft rudern bei jedem Wetter, sind entsprechend mit Regenhosen und einer Regenjacke ausgestattet. Falls das f\u00fcr unsere Teilnehmer nicht geht, haben wir daf\u00fcr Verst\u00e4ndnis. Bei sch\u00f6nem Wetter ist dringend empfohlen, eine Kopfbedeckung mitzunehmen. Das Wasser spiegelt die Sonnenstrahlen auch von unten her zur\u00fcck.<\/p>\n\n\n\n<p>F\u00fcr Nachfragen, weitere Abkl\u00e4rungen und Anmeldungen steht Francesco De Vecchi gern zur Verf\u00fcgung: francesco.devecchi@stift.ch. <\/p>\n\n\n\n<figure class=\"wp-block-image size-large\"><a href=\"https:\/\/i1.wp.com\/www.stiftsforum.ch\/blog\/wp-content\/uploads\/2025\/03\/RuderwocheMai.png?ssl=1\"><img data-attachment-id=\"6794\" data-permalink=\"https:\/\/www.stiftsforum.ch\/blog\/?attachment_id=6794\" data-orig-file=\"https:\/\/i1.wp.com\/www.stiftsforum.ch\/blog\/wp-content\/uploads\/2025\/03\/RuderwocheMai.png?fit=1414%2C2000&amp;ssl=1\" data-orig-size=\"1414,2000\" data-comments-opened=\"1\" data-image-meta=\"{&quot;aperture&quot;:&quot;0&quot;,&quot;credit&quot;:&quot;&quot;,&quot;camera&quot;:&quot;&quot;,&quot;caption&quot;:&quot;&quot;,&quot;created_timestamp&quot;:&quot;0&quot;,&quot;copyright&quot;:&quot;&quot;,&quot;focal_length&quot;:&quot;0&quot;,&quot;iso&quot;:&quot;0&quot;,&quot;shutter_speed&quot;:&quot;0&quot;,&quot;title&quot;:&quot;&quot;,&quot;orientation&quot;:&quot;0&quot;}\" data-image-title=\"RuderwocheMai\" data-image-description=\"\" data-medium-file=\"https:\/\/i1.wp.com\/www.stiftsforum.ch\/blog\/wp-content\/uploads\/2025\/03\/RuderwocheMai.png?fit=212%2C300&amp;ssl=1\" data-large-file=\"https:\/\/i1.wp.com\/www.stiftsforum.ch\/blog\/wp-content\/uploads\/2025\/03\/RuderwocheMai.png?fit=724%2C1024&amp;ssl=1\" loading=\"lazy\" width=\"724\" height=\"1024\" src=\"https:\/\/i0.wp.com\/www.stiftsforum.ch\/blog\/wp-content\/uploads\/2025\/03\/RuderwocheMai-724x1024.png?resize=724%2C1024&#038;ssl=1\" alt=\"\" class=\"wp-image-6794\" srcset=\"https:\/\/i1.wp.com\/www.stiftsforum.ch\/blog\/wp-content\/uploads\/2025\/03\/RuderwocheMai.png?resize=724%2C1024&amp;ssl=1 724w, https:\/\/i1.wp.com\/www.stiftsforum.ch\/blog\/wp-content\/uploads\/2025\/03\/RuderwocheMai.png?resize=212%2C300&amp;ssl=1 212w, https:\/\/i1.wp.com\/www.stiftsforum.ch\/blog\/wp-content\/uploads\/2025\/03\/RuderwocheMai.png?resize=768%2C1086&amp;ssl=1 768w, https:\/\/i1.wp.com\/www.stiftsforum.ch\/blog\/wp-content\/uploads\/2025\/03\/RuderwocheMai.png?resize=1086%2C1536&amp;ssl=1 1086w, https:\/\/i1.wp.com\/www.stiftsforum.ch\/blog\/wp-content\/uploads\/2025\/03\/RuderwocheMai.png?w=1414&amp;ssl=1 1414w\" sizes=\"(max-width: 724px) 100vw, 724px\" data-recalc-dims=\"1\" \/><\/a><figcaption>Unser Flyer f\u00fcr Interessierte.<\/figcaption><\/figure>\n\n\n\n<p>Wer gerne etwas spenden m\u00f6chte, kann das gerne \u00fcber folgenden Twint-Code machen:<\/p>\n\n\n\n<div class=\"wp-block-file\"><a href=\"https:\/\/www.stiftsforum.ch\/blog\/wp-content\/uploads\/2025\/05\/TWINT-mit-Mitteilungen.pdf\">TWINT-mit-Mitteilungen<\/a><a href=\"https:\/\/www.stiftsforum.ch\/blog\/wp-content\/uploads\/2025\/05\/TWINT-mit-Mitteilungen.pdf\" class=\"wp-block-file__button\" download>Herunterladen<\/a><\/div>\n","protected":false},"excerpt":{"rendered":"<p>Noch einmal findet unsere Ruderwoche auf einem selbstgebauten Floss auf dem Z\u00fcrichsee statt. Wir wollen sie gerne f\u00fcr den Plus-Sport<\/p>\n","protected":false},"author":26,"featured_media":6776,"comment_status":"open","ping_status":"closed","sticky":false,"template":"","format":"standard","meta":{"spay_email":"","jetpack_publicize_message":"","jetpack_is_tweetstorm":false},"categories":[25,4,34],"tags":[],"jetpack_featured_media_url":"https:\/\/i0.wp.com\/www.stiftsforum.ch\/blog\/wp-content\/uploads\/2025\/03\/58a245d5-a3d1-41b5-9174-deb2d9b17af8.jpg?fit=1600%2C900&ssl=1","jetpack_publicize_connections":[],"jetpack_sharing_enabled":true,"jetpack_shortlink":"https:\/\/wp.me\/p9nzRF-1Lh","jetpack_likes_enabled":true,"jetpack-related-posts":[{"id":6089,"url":"https:\/\/www.stiftsforum.ch\/blog\/?p=6089","url_meta":{"origin":6775,"position":0},"title":"\"Es ist ein schwieriges Fortkommen vom Pass\"","date":"Februar 15, 2023","format":false,"excerpt":"von Francesco De Vecchi Der Roman Momo wird als Ballett aufgef\u00fchrt (\u201aTIME\u2018, Origen Festival). Ja, aber wie stellt man klug dar, dass jemand zuh\u00f6rt? Wie tanzt man Zeit? \u2013 Solche und \u00e4hnliche Fragen stellen wir einander auf der Fahrt zu unserem aussergew\u00f6hnlichen Ballettbesuch. Wir sind f\u00fcnf Mitglieder der Stiftsschule auf\u2026","rel":"","context":"In &quot;Allgemein&quot;","img":{"alt_text":"","src":"https:\/\/i0.wp.com\/www.stiftsforum.ch\/blog\/wp-content\/uploads\/2023\/02\/foto-4.jpg?fit=900%2C1200&ssl=1&resize=350%2C200","width":350,"height":200},"classes":[]},{"id":6623,"url":"https:\/\/www.stiftsforum.ch\/blog\/?p=6623","url_meta":{"origin":6775,"position":1},"title":"Schulentwicklungstag \u2013 Nachhaltigkeit: Kleider. Mit ZRCL-Gr\u00fcnder Kilian Wiget","date":"Dezember 21, 2023","format":false,"excerpt":"Von Silvan Wirthensohn Kilian Wiget stellt sich und seine Kleidermarke ZRCL vor. F\u00fcr ihn ist die Transparenz der Produktions- und Lieferketten ein zentraler Bestandteil nachhaltiger Kleider. Sichergestellt wird das mit Codes, welche auf jedem Kleidungsst\u00fcck aufgedruckt sind. Damit l\u00e4sst sich auf der firmeneigenen Homepage der gesamte Weg jedes Kleidungsst\u00fcckes nachverfolgen.\u2026","rel":"","context":"In &quot;Allgemein&quot;","img":{"alt_text":"","src":"https:\/\/i0.wp.com\/www.stiftsforum.ch\/blog\/wp-content\/uploads\/2023\/12\/ai-generated-8394496_1280.jpg?fit=1200%2C900&ssl=1&resize=350%2C200","width":350,"height":200},"classes":[]},{"id":3817,"url":"https:\/\/www.stiftsforum.ch\/blog\/?p=3817","url_meta":{"origin":6775,"position":2},"title":"Der neue Internatsleiter der Stiftsschule Einsiedeln: Herr Joachim Stahl","date":"November 14, 2019","format":false,"excerpt":"Er versucht, dass im Internat Ordnung und Disziplin herrscht, so wie es sein Nachname beschreibt. Sein Lieblingshilfsmittel sind die Regeln, denen man ohne Widerspruch zu folgen hat. Laut Herrn Eichrodt ist er auch ,,vielf\u00e4ltig wie ein Taschenmesser\u2019\u2019, was seine F\u00fchrerausweise betrifft. Immerhin f\u00e4hrt und lenkt Herr Stahl Strassenbahn, Car, Motorrad,\u2026","rel":"","context":"In &quot;Allgemein&quot;","img":{"alt_text":"","src":"https:\/\/i2.wp.com\/www.stiftsforum.ch\/blog\/wp-content\/uploads\/2019\/11\/Stahl-Ski.jpg?fit=552%2C829&ssl=1&resize=350%2C200","width":350,"height":200},"classes":[]},{"id":4423,"url":"https:\/\/www.stiftsforum.ch\/blog\/?p=4423","url_meta":{"origin":6775,"position":3},"title":"\"In der Stiftsschule sind alle meine Interessen abgedeckt\"","date":"April 20, 2021","format":false,"excerpt":"Interview mit Erin Schuler, Stiftssch\u00fclerin der 1.Klasse im 50-Jahr-Jubil\u00e4um des gemischten Unterrichts an der Stiftsschule. Sie ist 12 Jahre alt und stammt aus Oberiberg. Wie war Dein erster Eindruck von der Stiftsschule?\u00a0 Ich war von Anfang an sehr\u00a0beeindruckt von der Schule.\u00a0Allein das imposante Schulgeb\u00e4ude verleiht einem direkt\u00a0diesen \u00abWow-Effekt\u00bb.\u00a0Als ich zum\u2026","rel":"","context":"In &quot;Allgemein&quot;","img":{"alt_text":"","src":"https:\/\/i1.wp.com\/www.stiftsforum.ch\/blog\/wp-content\/uploads\/2021\/04\/20210420_123929.jpg?fit=1200%2C923&ssl=1&resize=350%2C200","width":350,"height":200},"classes":[]},{"id":4604,"url":"https:\/\/www.stiftsforum.ch\/blog\/?p=4604","url_meta":{"origin":6775,"position":4},"title":"\"Am sch\u00f6nsten ist es, wenn Sch\u00fcler ihren Weg finden\"","date":"November 3, 2021","format":false,"excerpt":"Internatsleiter Joachim Stahl im Interview Von Niclas und Tobias (1a) Wie sieht ein Arbeitstag eines Internatsleiters aus?\u00a0\u00a0\u00a0\u00a0\u00a0\u00a0\u00a0 Der Arbeitstag bei uns im Internat beginnt in der Regel um 6:50 Uhr. Als Erstes steht die Fr\u00fchst\u00fcckaufsicht auf dem Plan, dann Wecken und schauen, dass alle Sch\u00fclerInnen den Weg in die Schule\u2026","rel":"","context":"In &quot;Internat&quot;","img":{"alt_text":"","src":"https:\/\/i0.wp.com\/www.stiftsforum.ch\/blog\/wp-content\/uploads\/2021\/11\/Tobias-hats-erledigt-scaled.jpg?fit=1200%2C647&ssl=1&resize=350%2C200","width":350,"height":200},"classes":[]},{"id":6686,"url":"https:\/\/www.stiftsforum.ch\/blog\/?p=6686","url_meta":{"origin":6775,"position":5},"title":"Ein Leben am selben Ort \u2013 Ein Gespr\u00e4ch mit Fredi Tr\u00fctsch","date":"Juni 28, 2024","format":false,"excerpt":"Wenn man fast sein ganzes Leben am gleichen Ort und f\u00fcr etwas lebt, dann wird man das wohl schon etwas vermissen, fragen wir und Fredi Tr\u00fctsch antwortet, er habe schon immer gerne mit Menschen etwas gemacht. In der Schule sei er dann h\u00e4ngen geblieben. Mit Leuten auf einer Forschungsstation am\u2026","rel":"","context":"In &quot;Allgemein&quot;","img":{"alt_text":"","src":"https:\/\/i1.wp.com\/www.stiftsforum.ch\/blog\/wp-content\/uploads\/2024\/06\/Foto-Fredi.jpg?fit=439%2C369&ssl=1&resize=350%2C200","width":350,"height":200},"classes":[]}],"_links":{"self":[{"href":"https:\/\/www.stiftsforum.ch\/blog\/index.php?rest_route=\/wp\/v2\/posts\/6775"}],"collection":[{"href":"https:\/\/www.stiftsforum.ch\/blog\/index.php?rest_route=\/wp\/v2\/posts"}],"about":[{"href":"https:\/\/www.stiftsforum.ch\/blog\/index.php?rest_route=\/wp\/v2\/types\/post"}],"author":[{"embeddable":true,"href":"https:\/\/www.stiftsforum.ch\/blog\/index.php?rest_route=\/wp\/v2\/users\/26"}],"replies":[{"embeddable":true,"href":"https:\/\/www.stiftsforum.ch\/blog\/index.php?rest_route=%2Fwp%2Fv2%2Fcomments&post=6775"}],"version-history":[{"count":16,"href":"https:\/\/www.stiftsforum.ch\/blog\/index.php?rest_route=\/wp\/v2\/posts\/6775\/revisions"}],"predecessor-version":[{"id":6833,"href":"https:\/\/www.stiftsforum.ch\/blog\/index.php?rest_route=\/wp\/v2\/posts\/6775\/revisions\/6833"}],"wp:featuredmedia":[{"embeddable":true,"href":"https:\/\/www.stiftsforum.ch\/blog\/index.php?rest_route=\/wp\/v2\/media\/6776"}],"wp:attachment":[{"href":"https:\/\/www.stiftsforum.ch\/blog\/index.php?rest_route=%2Fwp%2Fv2%2Fmedia&parent=6775"}],"wp:term":[{"taxonomy":"category","embeddable":true,"href":"https:\/\/www.stiftsforum.ch\/blog\/index.php?rest_route=%2Fwp%2Fv2%2Fcategories&post=6775"},{"taxonomy":"post_tag","embeddable":true,"href":"https:\/\/www.stiftsforum.ch\/blog\/index.php?rest_route=%2Fwp%2Fv2%2Ftags&post=6775"}],"curies":[{"name":"wp","href":"https:\/\/api.w.org\/{rel}","templated":true}]}}